{"id":25341,"date":"2020-05-07T01:27:34","date_gmt":"2020-05-07T01:27:34","guid":{"rendered":"https:\/\/jorgezanoni.com.br\/2019\/?p=25341"},"modified":"2020-05-07T01:27:34","modified_gmt":"2020-05-07T01:27:34","slug":"veiculo-e-moto-colidem-em-esquina-no-centro-da-cidade-no-inicio-da-noite","status":"publish","type":"post","link":"https:\/\/jorgezanoni.com.br\/2019\/veiculo-e-moto-colidem-em-esquina-no-centro-da-cidade-no-inicio-da-noite\/","title":{"rendered":"Ve\u00edculo e Moto colidem em esquina no centro da cidade, no in\u00edcio da noite"},"content":{"rendered":"<p style=\"text-align: justify;\"><strong>Por volta de 18:45 Horas desta quarta-feira (6), aconteceu um acidente entre um ve\u00edculo e uma motocicleta.<\/strong><\/p>\n<p style=\"text-align: justify;\">Segundo informa\u00e7\u00f5es recebidas pela reportagem do Site JZ um ve\u00edculo dirigido por uma senhora bateu com uma moto pilotada por uma mulher. O fato foi registrado na esquina da avenida dos Expedicion\u00e1rios com a rua Dom Pedro.<\/p>\n<p style=\"text-align: justify;\">A motociclista foi socorrida com ferimentos por uma Unidade de Resgate do Corpo de Bombeiros at\u00e9 o Pronto Atendimento Municipal, a motorista n\u00e3o se feriu.<\/p>\n<p style=\"text-align: justify;\">As Pol\u00edcias Militar e T\u00e9cnica compareceram ao local para registro do B.O e levantamentos necess\u00e1rios.<\/p>\n<p><img loading=\"lazy\" decoding=\"async\" class=\"alignnone size-full wp-image-25342\" src=\"https:\/\/jorgezanoni.com.br\/2019\/wp-content\/uploads\/2020\/05\/moto-2.jpg\" alt=\"\" width=\"412\" height=\"295\" srcset=\"https:\/\/jorgezanoni.com.br\/2019\/wp-content\/uploads\/2020\/05\/moto-2.jpg 412w, https:\/\/jorgezanoni.com.br\/2019\/wp-content\/uploads\/2020\/05\/moto-2-300x215.jpg 300w\" sizes=\"auto, (max-width: 412px) 100vw, 412px\" \/><\/p>\n<p style=\"text-align: justify;\">Jorge Zanoni<\/p>\n<p>Fotos de Internauta<\/p>\n","protected":false},"excerpt":{"rendered":"<p>Por volta de 18:45 Horas desta quarta-feira (6), aconteceu um acidente entre um ve\u00edculo e uma motocicleta. Segundo informa\u00e7\u00f5es recebidas pela reportagem do Site JZ um ve\u00edculo dirigido por uma senhora bateu com uma moto pilotada por uma mulher. O fato foi registrado na esquina da avenida dos Expedicion\u00e1rios com a rua Dom Pedro. A [&hellip;]<\/p>\n","protected":false},"author":1,"featured_media":25343,"comment_status":"closed","ping_status":"open","sticky":false,"template":"","format":"standard","meta":{"footnotes":""},"categories":[170,110],"tags":[],"class_list":["post-25341","post","type-post","status-publish","format-standard","has-post-thumbnail","hentry","category-acidentes","category-noticiasdestaque"],"_links":{"self":[{"href":"https:\/\/jorgezanoni.com.br\/2019\/wp-json\/wp\/v2\/posts\/25341","targetHints":{"allow":["GET"]}}],"collection":[{"href":"https:\/\/jorgezanoni.com.br\/2019\/wp-json\/wp\/v2\/posts"}],"about":[{"href":"https:\/\/jorgezanoni.com.br\/2019\/wp-json\/wp\/v2\/types\/post"}],"author":[{"embeddable":true,"href":"https:\/\/jorgezanoni.com.br\/2019\/wp-json\/wp\/v2\/users\/1"}],"replies":[{"embeddable":true,"href":"https:\/\/jorgezanoni.com.br\/2019\/wp-json\/wp\/v2\/comments?post=25341"}],"version-history":[{"count":0,"href":"https:\/\/jorgezanoni.com.br\/2019\/wp-json\/wp\/v2\/posts\/25341\/revisions"}],"wp:featuredmedia":[{"embeddable":true,"href":"https:\/\/jorgezanoni.com.br\/2019\/wp-json\/wp\/v2\/media\/25343"}],"wp:attachment":[{"href":"https:\/\/jorgezanoni.com.br\/2019\/wp-json\/wp\/v2\/media?parent=25341"}],"wp:term":[{"taxonomy":"category","embeddable":true,"href":"https:\/\/jorgezanoni.com.br\/2019\/wp-json\/wp\/v2\/categories?post=25341"},{"taxonomy":"post_tag","embeddable":true,"href":"https:\/\/jorgezanoni.com.br\/2019\/wp-json\/wp\/v2\/tags?post=25341"}],"curies":[{"name":"wp","href":"https:\/\/api.w.org\/{rel}","templated":true}]}}