{"id":25337,"date":"2020-05-07T00:57:49","date_gmt":"2020-05-07T00:57:49","guid":{"rendered":"https:\/\/jorgezanoni.com.br\/2019\/?p=25337"},"modified":"2020-05-07T00:58:20","modified_gmt":"2020-05-07T00:58:20","slug":"teiu-tem-incomodado-moradores-de-regiao-central-da-cidade","status":"publish","type":"post","link":"https:\/\/jorgezanoni.com.br\/2019\/teiu-tem-incomodado-moradores-de-regiao-central-da-cidade\/","title":{"rendered":"Tei\u00fa tem incomodado moradores de regi\u00e3o central da cidade"},"content":{"rendered":"<p style=\"text-align: justify;\">Um Tei\u00fa tem tirado o sossego dos moradores da rua Euclides da Cunha pr\u00f3ximo das ruas Marechal Deodoro da Fonseca e Fern\u00e3o Dias.<\/p>\n<p style=\"text-align: justify;\">Segundo moradores das imedia\u00e7\u00f5es h\u00e1 pelo menos duas semanas o r\u00e9ptil tem sido visto nas imedia\u00e7\u00f5es. O Corpo de Bombeiros j\u00e1 foi chamado, por\u00e9m n\u00e3o obteve \u00eaxito em capturar o animal.<\/p>\n<p style=\"text-align: justify;\">Jorge Zanoni<\/p>\n<p>Foto de Internauta<\/p>\n<p style=\"text-align: justify;\"><strong>Caracter\u00edsticas do Tei\u00fa<\/strong><\/p>\n<p style=\"text-align: justify;\">S\u00e3o\u00a0<a class=\"mw-redirect\" title=\"Heli\u00f3filo\" href=\"https:\/\/pt.wikipedia.org\/wiki\/Heli%C3%B3filo\">heli\u00f3filos<\/a>\u00a0e de h\u00e1bitos diurnos, predadores oportunistas e generalistas, podendo consumir vegetais, artr\u00f3podes, outros vertebrados e carni\u00e7a. Todas as esp\u00e9cies do g\u00eanero possuem parte da distribui\u00e7\u00e3o no territ\u00f3rio brasileiro.<\/p>\n<p style=\"text-align: justify;\">Dos Teiidae, \u00e9 o lagarto mais comum em cativeiro, no Brasil. Atinge at\u00e9 2 metros de comprimento, incluindo a cauda. Possui cabe\u00e7a comprida e pontiaguda, mand\u00edbulas fortes providas de um grande n\u00famero de pequenos dentes pontiagudos. L\u00edngua cor-de-rosa, comprida e b\u00edfida. Cauda longa e arredondada. Colora\u00e7\u00e3o geral negra, com manchas amareladas ou brancas sobre a cabe\u00e7a e membros. Regi\u00e3o gular (garganta) e face ventral brancas, adornadas de manchas negras. Os filhotes s\u00e3o esverdeados, colora\u00e7\u00e3o que vai desaparecendo de acordo com o desenvolvimento dos animais.<\/p>\n<p style=\"text-align: justify;\">Devem ser mantidos em amplos terr\u00e1rios, dotados de pedras e troncos fortes, sendo o substrato formado por uma espessa camada de areia de rio, pr\u00e9-lavada. A ilumina\u00e7\u00e3o deve ser fornecida por l\u00e2mpadas fluorescentes, garantindo um bom per\u00edodo de luminosidade durante o dia. Devem ser mantidos sob temperaturas entre 28 e 32 graus cent\u00edgrados, muito embora suportem consider\u00e1veis varia\u00e7\u00f5es de temperatura. Umidade em torno de 40 por cento.<\/p>\n<p style=\"text-align: justify;\">On\u00edvoros, alimentam-se, em cativeiro, de gemas de ovos, carnes, r\u00e3s, frutas, vegetais, etc. Podem ser animais agressivos, raz\u00e3o pela qual s\u00e3o importantes os cuidados no manejo para se evitarem mordidas.\u00a0<a title=\"Ovo\" href=\"https:\/\/pt.wikipedia.org\/wiki\/Ovo\">Ov\u00edparos<\/a>, p\u00f5em, em m\u00e9dia 30 ovos, os quais s\u00e3o incubados por um per\u00edodo de 90 dias.<\/p>\n<p style=\"text-align: justify;\">Fonte: https:\/\/pt.wikipedia.org\/wiki\/Tei%C3%BA<\/p>\n<p style=\"text-align: justify;\">\n","protected":false},"excerpt":{"rendered":"<p>Um Tei\u00fa tem tirado o sossego dos moradores da rua Euclides da Cunha pr\u00f3ximo das ruas Marechal Deodoro da Fonseca e Fern\u00e3o Dias. Segundo moradores das imedia\u00e7\u00f5es h\u00e1 pelo menos duas semanas o r\u00e9ptil tem sido visto nas imedia\u00e7\u00f5es. O Corpo de Bombeiros j\u00e1 foi chamado, por\u00e9m n\u00e3o obteve \u00eaxito em capturar o animal. Jorge [&hellip;]<\/p>\n","protected":false},"author":1,"featured_media":25338,"comment_status":"closed","ping_status":"open","sticky":false,"template":"","format":"standard","meta":{"footnotes":""},"categories":[176,110],"tags":[],"class_list":["post-25337","post","type-post","status-publish","format-standard","has-post-thumbnail","hentry","category-meioambienteeagricultura","category-noticiasdestaque"],"_links":{"self":[{"href":"https:\/\/jorgezanoni.com.br\/2019\/wp-json\/wp\/v2\/posts\/25337","targetHints":{"allow":["GET"]}}],"collection":[{"href":"https:\/\/jorgezanoni.com.br\/2019\/wp-json\/wp\/v2\/posts"}],"about":[{"href":"https:\/\/jorgezanoni.com.br\/2019\/wp-json\/wp\/v2\/types\/post"}],"author":[{"embeddable":true,"href":"https:\/\/jorgezanoni.com.br\/2019\/wp-json\/wp\/v2\/users\/1"}],"replies":[{"embeddable":true,"href":"https:\/\/jorgezanoni.com.br\/2019\/wp-json\/wp\/v2\/comments?post=25337"}],"version-history":[{"count":0,"href":"https:\/\/jorgezanoni.com.br\/2019\/wp-json\/wp\/v2\/posts\/25337\/revisions"}],"wp:featuredmedia":[{"embeddable":true,"href":"https:\/\/jorgezanoni.com.br\/2019\/wp-json\/wp\/v2\/media\/25338"}],"wp:attachment":[{"href":"https:\/\/jorgezanoni.com.br\/2019\/wp-json\/wp\/v2\/media?parent=25337"}],"wp:term":[{"taxonomy":"category","embeddable":true,"href":"https:\/\/jorgezanoni.com.br\/2019\/wp-json\/wp\/v2\/categories?post=25337"},{"taxonomy":"post_tag","embeddable":true,"href":"https:\/\/jorgezanoni.com.br\/2019\/wp-json\/wp\/v2\/tags?post=25337"}],"curies":[{"name":"wp","href":"https:\/\/api.w.org\/{rel}","templated":true}]}}