{"id":25333,"date":"2020-05-07T00:17:41","date_gmt":"2020-05-07T00:17:41","guid":{"rendered":"https:\/\/jorgezanoni.com.br\/2019\/?p=25333"},"modified":"2020-05-07T01:12:13","modified_gmt":"2020-05-07T01:12:13","slug":"rotary-club-de-dracena-comemora-66-anos-de-fundacao","status":"publish","type":"post","link":"https:\/\/jorgezanoni.com.br\/2019\/rotary-club-de-dracena-comemora-66-anos-de-fundacao\/","title":{"rendered":"Rotary Club de Dracena comemora 66 anos de funda\u00e7\u00e3o."},"content":{"rendered":"<p style=\"text-align: justify;\"><strong>Tendo como padrinho o Rotary Club de Adamantina, o Rotary Club de Dracena est\u00e1 comemorando 66 anos de funda\u00e7\u00e3o hoje (6)<\/strong><\/p>\n<p><img loading=\"lazy\" decoding=\"async\" class=\"alignnone size-full wp-image-25334\" src=\"https:\/\/jorgezanoni.com.br\/2019\/wp-content\/uploads\/2020\/05\/Rotary-66-anos.jpg\" alt=\"\" width=\"1280\" height=\"870\" srcset=\"https:\/\/jorgezanoni.com.br\/2019\/wp-content\/uploads\/2020\/05\/Rotary-66-anos.jpg 1280w, https:\/\/jorgezanoni.com.br\/2019\/wp-content\/uploads\/2020\/05\/Rotary-66-anos-300x204.jpg 300w, https:\/\/jorgezanoni.com.br\/2019\/wp-content\/uploads\/2020\/05\/Rotary-66-anos-1024x696.jpg 1024w, https:\/\/jorgezanoni.com.br\/2019\/wp-content\/uploads\/2020\/05\/Rotary-66-anos-768x522.jpg 768w, https:\/\/jorgezanoni.com.br\/2019\/wp-content\/uploads\/2020\/05\/Rotary-66-anos-696x473.jpg 696w, https:\/\/jorgezanoni.com.br\/2019\/wp-content\/uploads\/2020\/05\/Rotary-66-anos-1068x726.jpg 1068w, https:\/\/jorgezanoni.com.br\/2019\/wp-content\/uploads\/2020\/05\/Rotary-66-anos-618x420.jpg 618w\" sizes=\"auto, (max-width: 1280px) 100vw, 1280px\" \/><\/p>\n<p style=\"text-align: justify;\">Um dos fundadores e primeiro presidente Lineu Rubens de Carvalho Ferreira, continua at\u00e9 hoje como s\u00f3cio do fidalgo clube de servi\u00e7os.<\/p>\n<p style=\"text-align: justify;\">A hist\u00f3ria do Rotary Club de Dracena \u00e9 ampla. Neste per\u00edodo criou o XTC, o Sindicato Rural, ajudou a fundar a\u00a0 Santa Casa de Dracena tendo o rotariano, Dr. Gumercindo Corr\u00eaa de Almeida Moraes Jr., que atuou como provedor da constru\u00e7\u00e3o do hospital e o rotariano Aldo Leopoldo Rosseto, o primeiro provedor; o SOS, a cria\u00e7\u00e3o da Fundec, \u00e0 \u00e9poca Faculdade de Filosofia Ci\u00eancias e Letras de Dracena, hoje Unifadra, que possui diversos cursos superiores, inclusive de Medicina, instala\u00e7\u00f5es sanit\u00e1rias em casas de um bairro\u00a0 residencial de Dracena, cozinha industrial para a Apae local, pra\u00e7a Rotary, Campanha do Agasalho realizada h\u00e1 61 anos, al\u00e9m de doa\u00e7\u00f5es\u00a0 que at\u00e9 os dias de hoje faz para entidades atrav\u00e9s de sua promo\u00e7\u00f5es.<\/p>\n<p style=\"text-align: justify;\">O Rotary Club de Dracena provavelmente \u00e9 o \u00fanico no distrito e talvez at\u00e9 no mundo a nunca ter repetido um presidente, uma\u00a0 decis\u00e3o\u00a0 dos seus fundadores e respeitada at\u00e9 hoje pelos atuais rotarianos.<\/p>\n<p style=\"text-align: justify;\">A atual presidente do Rotary Clube de Dracena ano rot\u00e1rio 2019\/20, \u00e9 a banc\u00e1ria aposentada Mariza Buzinaro Scioli.<\/p>\n<p style=\"text-align: justify;\">Em nome da presidente, o Site JZ parabeniza toda a diretoria e todos aqueles que passaram pelo clube, especialmente os ex-presidentes.<\/p>\n<p style=\"text-align: justify;\">Jorge Zanoni<\/p>\n<p>Fotos Arquivo<\/p>\n","protected":false},"excerpt":{"rendered":"<p>Tendo como padrinho o Rotary Club de Adamantina, o Rotary Club de Dracena est\u00e1 comemorando 66 anos de funda\u00e7\u00e3o hoje (6) Um dos fundadores e primeiro presidente Lineu Rubens de Carvalho Ferreira, continua at\u00e9 hoje como s\u00f3cio do fidalgo clube de servi\u00e7os. A hist\u00f3ria do Rotary Club de Dracena \u00e9 ampla. Neste per\u00edodo criou o [&hellip;]<\/p>\n","protected":false},"author":1,"featured_media":25335,"comment_status":"closed","ping_status":"open","sticky":false,"template":"","format":"standard","meta":{"footnotes":""},"categories":[114,110],"tags":[],"class_list":["post-25333","post","type-post","status-publish","format-standard","has-post-thumbnail","hentry","category-geralecomercio","category-noticiasdestaque"],"_links":{"self":[{"href":"https:\/\/jorgezanoni.com.br\/2019\/wp-json\/wp\/v2\/posts\/25333","targetHints":{"allow":["GET"]}}],"collection":[{"href":"https:\/\/jorgezanoni.com.br\/2019\/wp-json\/wp\/v2\/posts"}],"about":[{"href":"https:\/\/jorgezanoni.com.br\/2019\/wp-json\/wp\/v2\/types\/post"}],"author":[{"embeddable":true,"href":"https:\/\/jorgezanoni.com.br\/2019\/wp-json\/wp\/v2\/users\/1"}],"replies":[{"embeddable":true,"href":"https:\/\/jorgezanoni.com.br\/2019\/wp-json\/wp\/v2\/comments?post=25333"}],"version-history":[{"count":0,"href":"https:\/\/jorgezanoni.com.br\/2019\/wp-json\/wp\/v2\/posts\/25333\/revisions"}],"wp:featuredmedia":[{"embeddable":true,"href":"https:\/\/jorgezanoni.com.br\/2019\/wp-json\/wp\/v2\/media\/25335"}],"wp:attachment":[{"href":"https:\/\/jorgezanoni.com.br\/2019\/wp-json\/wp\/v2\/media?parent=25333"}],"wp:term":[{"taxonomy":"category","embeddable":true,"href":"https:\/\/jorgezanoni.com.br\/2019\/wp-json\/wp\/v2\/categories?post=25333"},{"taxonomy":"post_tag","embeddable":true,"href":"https:\/\/jorgezanoni.com.br\/2019\/wp-json\/wp\/v2\/tags?post=25333"}],"curies":[{"name":"wp","href":"https:\/\/api.w.org\/{rel}","templated":true}]}}