{"id":25329,"date":"2020-05-06T22:10:22","date_gmt":"2020-05-06T22:10:22","guid":{"rendered":"https:\/\/jorgezanoni.com.br\/2019\/?p=25329"},"modified":"2020-05-06T22:10:22","modified_gmt":"2020-05-06T22:10:22","slug":"policia-militar-de-junqueiropolis-recupera-duas-bicicletas-furtadas-e-prende-autores","status":"publish","type":"post","link":"https:\/\/jorgezanoni.com.br\/2019\/policia-militar-de-junqueiropolis-recupera-duas-bicicletas-furtadas-e-prende-autores\/","title":{"rendered":"Pol\u00edcia Militar de Junqueir\u00f3polis recupera duas bicicletas furtadas e prende autores"},"content":{"rendered":"<h1 style=\"text-align: justify;\"><a href=\"https:\/\/25bpmi.blogspot.com\/2020\/05\/em-junqueiropolis-policia-militar.html\" data-item-type=\"post\" data-id=\"5181755188290873743\">EM JUNQUEIR\u00d3POLIS: POL\u00cdCIA MILITAR RECUPERA BICICLETA FURTADA E PRENDE RAPIDAMENTE OS DOIS AUTORES.<\/a><\/h1>\n<p style=\"text-align: justify;\">No local dos fatos por volta das 14h16min na data de ontem, foi irradiado via 190 um furto de duas bicicletas no estacionamento de um supermercado, fato presenciado por um funcion\u00e1rio, segundo informa\u00e7\u00f5es dois indiv\u00edduos masculinos, trajando shorts e um deles sem camiseta, haviam subtra\u00eddo as bicicletas de cores preta e verde e se evadido rumo ignorado. Rapidamente e com as caracter\u00edsticas a equipe policial come\u00e7ou a realizar patrulhamento com o objetivo de localizar os autores, sendo localizados pela rua Dom Pedro II e ao serem abordados confessaram o furto, tratando de um homem de 23 anos e outro de 49. Foi dado voz de pris\u00e3o aos indiv\u00edduos ficando os dois homens presos \u00e0 disposi\u00e7\u00e3o da Justi\u00e7a. As bicicletas recuperadas foram devolvidas ao seus respectivos propriet\u00e1rios.<\/p>\n<p><img loading=\"lazy\" decoding=\"async\" class=\"alignnone size-full wp-image-25330\" src=\"https:\/\/jorgezanoni.com.br\/2019\/wp-content\/uploads\/2020\/05\/junqueira.jpg\" alt=\"\" width=\"1280\" height=\"720\" srcset=\"https:\/\/jorgezanoni.com.br\/2019\/wp-content\/uploads\/2020\/05\/junqueira.jpg 1280w, https:\/\/jorgezanoni.com.br\/2019\/wp-content\/uploads\/2020\/05\/junqueira-300x169.jpg 300w, https:\/\/jorgezanoni.com.br\/2019\/wp-content\/uploads\/2020\/05\/junqueira-1024x576.jpg 1024w, https:\/\/jorgezanoni.com.br\/2019\/wp-content\/uploads\/2020\/05\/junqueira-768x432.jpg 768w, https:\/\/jorgezanoni.com.br\/2019\/wp-content\/uploads\/2020\/05\/junqueira-696x392.jpg 696w, https:\/\/jorgezanoni.com.br\/2019\/wp-content\/uploads\/2020\/05\/junqueira-1068x601.jpg 1068w, https:\/\/jorgezanoni.com.br\/2019\/wp-content\/uploads\/2020\/05\/junqueira-747x420.jpg 747w\" sizes=\"auto, (max-width: 1280px) 100vw, 1280px\" \/><\/p>\n<p style=\"text-align: justify;\"><strong>#25BPMI\u00a0\u00a0\u00a0\u00a0\u00a0\u00a0\u00a0\u00a0\u00a0\u00a0\u00a0\u00a0\u00a0\u00a0\u00a0\u00a0\u00a0<\/strong><\/p>\n<p style=\"text-align: justify;\"><strong>#POLICIAMILITARSP<\/strong><\/p>\n<p style=\"text-align: justify;\"><strong>#AFOR\u00c7AP\u00daBLICADES\u00c3OPAULO<\/strong><\/p>\n<p style=\"text-align: justify;\"><strong>COMUNICA\u00c7\u00c3O SOCIAL DO 25\u00ba BPM\/I &#8211; Dracena e regi\u00e3o.<\/strong><\/p>\n","protected":false},"excerpt":{"rendered":"<p>EM JUNQUEIR\u00d3POLIS: POL\u00cdCIA MILITAR RECUPERA BICICLETA FURTADA E PRENDE RAPIDAMENTE OS DOIS AUTORES. No local dos fatos por volta das 14h16min na data de ontem, foi irradiado via 190 um furto de duas bicicletas no estacionamento de um supermercado, fato presenciado por um funcion\u00e1rio, segundo informa\u00e7\u00f5es dois indiv\u00edduos masculinos, trajando shorts e um deles sem [&hellip;]<\/p>\n","protected":false},"author":1,"featured_media":25331,"comment_status":"closed","ping_status":"open","sticky":false,"template":"","format":"standard","meta":{"footnotes":""},"categories":[110,2],"tags":[],"class_list":["post-25329","post","type-post","status-publish","format-standard","has-post-thumbnail","hentry","category-noticiasdestaque","category-policial"],"_links":{"self":[{"href":"https:\/\/jorgezanoni.com.br\/2019\/wp-json\/wp\/v2\/posts\/25329","targetHints":{"allow":["GET"]}}],"collection":[{"href":"https:\/\/jorgezanoni.com.br\/2019\/wp-json\/wp\/v2\/posts"}],"about":[{"href":"https:\/\/jorgezanoni.com.br\/2019\/wp-json\/wp\/v2\/types\/post"}],"author":[{"embeddable":true,"href":"https:\/\/jorgezanoni.com.br\/2019\/wp-json\/wp\/v2\/users\/1"}],"replies":[{"embeddable":true,"href":"https:\/\/jorgezanoni.com.br\/2019\/wp-json\/wp\/v2\/comments?post=25329"}],"version-history":[{"count":0,"href":"https:\/\/jorgezanoni.com.br\/2019\/wp-json\/wp\/v2\/posts\/25329\/revisions"}],"wp:featuredmedia":[{"embeddable":true,"href":"https:\/\/jorgezanoni.com.br\/2019\/wp-json\/wp\/v2\/media\/25331"}],"wp:attachment":[{"href":"https:\/\/jorgezanoni.com.br\/2019\/wp-json\/wp\/v2\/media?parent=25329"}],"wp:term":[{"taxonomy":"category","embeddable":true,"href":"https:\/\/jorgezanoni.com.br\/2019\/wp-json\/wp\/v2\/categories?post=25329"},{"taxonomy":"post_tag","embeddable":true,"href":"https:\/\/jorgezanoni.com.br\/2019\/wp-json\/wp\/v2\/tags?post=25329"}],"curies":[{"name":"wp","href":"https:\/\/api.w.org\/{rel}","templated":true}]}}