{"id":25326,"date":"2020-05-06T21:48:37","date_gmt":"2020-05-06T21:48:37","guid":{"rendered":"https:\/\/jorgezanoni.com.br\/2019\/?p=25326"},"modified":"2020-05-06T21:48:37","modified_gmt":"2020-05-06T21:48:37","slug":"homem-e-flagrado-pela-policia-militar-furtando-igreja-em-dracena","status":"publish","type":"post","link":"https:\/\/jorgezanoni.com.br\/2019\/homem-e-flagrado-pela-policia-militar-furtando-igreja-em-dracena\/","title":{"rendered":"Homem \u00e9 flagrado pela Pol\u00edcia Militar furtando Igreja em Dracena"},"content":{"rendered":"<p style=\"text-align: justify;\">EM DRACENA: HOMEM \u00c9 FLAGRADO PELA POL\u00cdCIA MILITAR FURTANDO IGREJA.<\/p>\n<p>Na data de ontem (05) por volta das 22h40min na cidade de Dracena, a Pol\u00edcia Militar, recebeu liga\u00e7\u00e3o via 190 informando que um indiv\u00edduo mediante escalada dos muros e grades, havia adentrado uma igreja em constru\u00e7\u00e3o.<\/p>\n<p>No local dos fatos, durante buscas foi localizado em flagrante o indiciado de 19 anos, tentando subtrair pertence<span class=\"text_exposed_show\">s do local (uma caixa de manta acr\u00edlica de impermeabiliza\u00e7\u00e3o) sendo que o indiv\u00edduo ao perceber a presen\u00e7a policial abandonou o objeto, tentou empreender fuga, sendo alcan\u00e7ado.<\/span><\/p>\n<p style=\"text-align: justify;\"><span class=\"text_exposed_show\">Diante dos fatos foi dada a voz de pris\u00e3o ao indiciado pelo crime de furto tentado permanecendo preso \u00e0 disposi\u00e7\u00e3o da Justi\u00e7a.<\/p>\n<p><a class=\"_58cn\" href=\"https:\/\/www.facebook.com\/hashtag\/25bpmi?epa=HASHTAG\" data-ft=\"{&quot;type&quot;:104,&quot;tn&quot;:&quot;*N&quot;}\">#25BPMI<\/a><br \/>\n<a class=\"_58cn\" href=\"https:\/\/www.facebook.com\/hashtag\/policiamilitarsp?epa=HASHTAG\" data-ft=\"{&quot;type&quot;:104,&quot;tn&quot;:&quot;*N&quot;}\">#POLICIAMILITARSP<\/a><br \/>\n<a class=\"_58cn\" href=\"https:\/\/www.facebook.com\/hashtag\/afor%C3%A7ap%C3%BAblicades%C3%A3opaulo?epa=HASHTAG\" data-ft=\"{&quot;type&quot;:104,&quot;tn&quot;:&quot;*N&quot;}\">#AFOR\u00c7AP\u00daBLICADES\u00c3OPAULO<\/a><br \/>\nCOMUNICA\u00c7\u00c3O SOCIAL DO 25\u00ba BPM\/I &#8211; Dracena e regi\u00e3o.<\/span><\/p>\n","protected":false},"excerpt":{"rendered":"<p>EM DRACENA: HOMEM \u00c9 FLAGRADO PELA POL\u00cdCIA MILITAR FURTANDO IGREJA. Na data de ontem (05) por volta das 22h40min na cidade de Dracena, a Pol\u00edcia Militar, recebeu liga\u00e7\u00e3o via 190 informando que um indiv\u00edduo mediante escalada dos muros e grades, havia adentrado uma igreja em constru\u00e7\u00e3o. No local dos fatos, durante buscas foi localizado em [&hellip;]<\/p>\n","protected":false},"author":1,"featured_media":25327,"comment_status":"closed","ping_status":"open","sticky":false,"template":"","format":"standard","meta":{"footnotes":""},"categories":[110,2],"tags":[],"class_list":["post-25326","post","type-post","status-publish","format-standard","has-post-thumbnail","hentry","category-noticiasdestaque","category-policial"],"_links":{"self":[{"href":"https:\/\/jorgezanoni.com.br\/2019\/wp-json\/wp\/v2\/posts\/25326","targetHints":{"allow":["GET"]}}],"collection":[{"href":"https:\/\/jorgezanoni.com.br\/2019\/wp-json\/wp\/v2\/posts"}],"about":[{"href":"https:\/\/jorgezanoni.com.br\/2019\/wp-json\/wp\/v2\/types\/post"}],"author":[{"embeddable":true,"href":"https:\/\/jorgezanoni.com.br\/2019\/wp-json\/wp\/v2\/users\/1"}],"replies":[{"embeddable":true,"href":"https:\/\/jorgezanoni.com.br\/2019\/wp-json\/wp\/v2\/comments?post=25326"}],"version-history":[{"count":0,"href":"https:\/\/jorgezanoni.com.br\/2019\/wp-json\/wp\/v2\/posts\/25326\/revisions"}],"wp:featuredmedia":[{"embeddable":true,"href":"https:\/\/jorgezanoni.com.br\/2019\/wp-json\/wp\/v2\/media\/25327"}],"wp:attachment":[{"href":"https:\/\/jorgezanoni.com.br\/2019\/wp-json\/wp\/v2\/media?parent=25326"}],"wp:term":[{"taxonomy":"category","embeddable":true,"href":"https:\/\/jorgezanoni.com.br\/2019\/wp-json\/wp\/v2\/categories?post=25326"},{"taxonomy":"post_tag","embeddable":true,"href":"https:\/\/jorgezanoni.com.br\/2019\/wp-json\/wp\/v2\/tags?post=25326"}],"curies":[{"name":"wp","href":"https:\/\/api.w.org\/{rel}","templated":true}]}}