{"id":25317,"date":"2020-05-06T20:43:30","date_gmt":"2020-05-06T20:43:30","guid":{"rendered":"https:\/\/jorgezanoni.com.br\/2019\/?p=25317"},"modified":"2020-05-06T20:43:30","modified_gmt":"2020-05-06T20:43:30","slug":"tamandua-bandeira-mae-e-filhote-sao-encontrados-mortos-ao-lado-de-rodovia","status":"publish","type":"post","link":"https:\/\/jorgezanoni.com.br\/2019\/tamandua-bandeira-mae-e-filhote-sao-encontrados-mortos-ao-lado-de-rodovia\/","title":{"rendered":"Tamandu\u00e1-bandeira m\u00e3e e filhote s\u00e3o encontrados mortos ao lado de rodovia"},"content":{"rendered":"<p>Uma f\u00eamea de Tamandu\u00e1-bandeira e seu filhote, foram encontrados mortos ao lado da rodovia Byron de Oliveira Nogueira, Km 4, na liga\u00e7\u00e3o Dracena a Ouro Verde.<\/p>\n<p>Possivelmente durante a madrugada aconteceu um atropelamento, pois havia marcas na pista, por\u00e9m n\u00e3o se sabe qual foi o ve\u00edculo envolvido.<\/p>\n<div id=\"fb-root\"><\/div>\n<p><script async=\"1\" defer=\"1\" crossorigin=\"anonymous\" src=\"https:\/\/connect.facebook.net\/en_US\/sdk.js#xfbml=1&amp;version=v7.0\"><\/script><\/p>\n<div class=\"fb-video\" data-href=\"https:\/\/www.facebook.com\/jorgezanonidracena\/videos\/937607060042526\/\" data-width=\"696\">\n<blockquote cite=\"https:\/\/www.facebook.com\/jorgezanonidracena\/videos\/937607060042526\/\" class=\"fb-xfbml-parse-ignore\"><p><a href=\"https:\/\/www.facebook.com\/jorgezanonidracena\/videos\/937607060042526\/\">Tamandu\u00e1-bandeira m\u00e3e e filhote s\u00e3o encontrados mortos ao lado de rodovia<\/a><\/p>\n<p>Tamandu\u00e1-bandeira m\u00e3e e filhote s\u00e3o encontrados mortos ao lado de rodovia<\/p>\n<p>Posted by <a href=\"https:\/\/www.facebook.com\/jorgezanonidracena\/\">Jorge Zanoni<\/a> on Wednesday, May 6, 2020<\/p><\/blockquote>\n<\/div>\n<p><img loading=\"lazy\" decoding=\"async\" class=\"alignnone size-full wp-image-25320\" src=\"https:\/\/jorgezanoni.com.br\/2019\/wp-content\/uploads\/2020\/05\/IMG_3748-2.jpg\" alt=\"\" width=\"800\" height=\"600\" srcset=\"https:\/\/jorgezanoni.com.br\/2019\/wp-content\/uploads\/2020\/05\/IMG_3748-2.jpg 800w, https:\/\/jorgezanoni.com.br\/2019\/wp-content\/uploads\/2020\/05\/IMG_3748-2-300x225.jpg 300w, https:\/\/jorgezanoni.com.br\/2019\/wp-content\/uploads\/2020\/05\/IMG_3748-2-768x576.jpg 768w, https:\/\/jorgezanoni.com.br\/2019\/wp-content\/uploads\/2020\/05\/IMG_3748-2-80x60.jpg 80w, https:\/\/jorgezanoni.com.br\/2019\/wp-content\/uploads\/2020\/05\/IMG_3748-2-265x198.jpg 265w, https:\/\/jorgezanoni.com.br\/2019\/wp-content\/uploads\/2020\/05\/IMG_3748-2-696x522.jpg 696w, https:\/\/jorgezanoni.com.br\/2019\/wp-content\/uploads\/2020\/05\/IMG_3748-2-560x420.jpg 560w\" sizes=\"auto, (max-width: 800px) 100vw, 800px\" \/><img loading=\"lazy\" decoding=\"async\" class=\"alignnone size-full wp-image-25319\" src=\"https:\/\/jorgezanoni.com.br\/2019\/wp-content\/uploads\/2020\/05\/IMG_3747-2.jpg\" alt=\"\" width=\"800\" height=\"685\" srcset=\"https:\/\/jorgezanoni.com.br\/2019\/wp-content\/uploads\/2020\/05\/IMG_3747-2.jpg 800w, https:\/\/jorgezanoni.com.br\/2019\/wp-content\/uploads\/2020\/05\/IMG_3747-2-300x257.jpg 300w, https:\/\/jorgezanoni.com.br\/2019\/wp-content\/uploads\/2020\/05\/IMG_3747-2-768x658.jpg 768w, https:\/\/jorgezanoni.com.br\/2019\/wp-content\/uploads\/2020\/05\/IMG_3747-2-696x596.jpg 696w, https:\/\/jorgezanoni.com.br\/2019\/wp-content\/uploads\/2020\/05\/IMG_3747-2-491x420.jpg 491w\" sizes=\"auto, (max-width: 800px) 100vw, 800px\" \/><\/p>\n<p>Jorge Zanoni<\/p>\n<p style=\"text-align: justify;\">O\u00a0<b>tamandu\u00e1-bandeira<\/b>\u00a0(<a class=\"mw-redirect\" title=\"Nome cient\u00edfico\" href=\"https:\/\/pt.wikipedia.org\/wiki\/Nome_cient%C3%ADfico\">nome cient\u00edfico<\/a>:\u00a0<i><b>Myrmecophaga tridactyla<\/b><\/i>), tamb\u00e9m chamado\u00a0<b>iurumi<\/b>,\u00a0<b>jurumim<\/b>,\u00a0<b>tamandu\u00e1-a\u00e7u<\/b>,\u00a0<b>tamandu\u00e1-cavalo<\/b>,\u00a0<b>papa-formigas-gigante<\/b>\u00a0e\u00a0<b>urso-formigueiro-gigante<\/b>,<sup id=\"cite_ref-dicionario_3-0\" class=\"reference\"><a href=\"https:\/\/pt.wikipedia.org\/wiki\/Tamandu%C3%A1-bandeira#cite_note-dicionario-3\">[3]<\/a><\/sup><sup id=\"cite_ref-dicionario2_4-0\" class=\"reference\"><a href=\"https:\/\/pt.wikipedia.org\/wiki\/Tamandu%C3%A1-bandeira#cite_note-dicionario2-4\">[4]<\/a><\/sup>\u00a0\u00e9 um\u00a0<a class=\"mw-redirect\" title=\"Mam\u00edfero\" href=\"https:\/\/pt.wikipedia.org\/wiki\/Mam%C3%ADfero\">mam\u00edfero<\/a>\u00a0<a class=\"mw-redirect\" title=\"Xenartro\" href=\"https:\/\/pt.wikipedia.org\/wiki\/Xenartro\">xenartro<\/a>\u00a0da fam\u00edlia dos\u00a0<a class=\"mw-redirect\" title=\"Mirmecofag\u00eddeos\" href=\"https:\/\/pt.wikipedia.org\/wiki\/Mirmecofag%C3%ADdeos\">mirmecofag\u00eddeos<\/a>, encontrado na\u00a0<a title=\"Am\u00e9rica Central\" href=\"https:\/\/pt.wikipedia.org\/wiki\/Am%C3%A9rica_Central\">Am\u00e9rica Central<\/a>\u00a0e na\u00a0<a title=\"Am\u00e9rica do Sul\" href=\"https:\/\/pt.wikipedia.org\/wiki\/Am%C3%A9rica_do_Sul\">Am\u00e9rica do Sul<\/a>. \u00c9 a maior das quatro esp\u00e9cies de\u00a0<a class=\"mw-redirect\" title=\"Tamandu\u00e1\" href=\"https:\/\/pt.wikipedia.org\/wiki\/Tamandu%C3%A1\">tamandu\u00e1s<\/a>\u00a0e, junto com as\u00a0<a class=\"mw-redirect\" title=\"Bicho-pregui\u00e7a\" href=\"https:\/\/pt.wikipedia.org\/wiki\/Bicho-pregui%C3%A7a\">pregui\u00e7as<\/a>, est\u00e1 inclu\u00eddo na ordem\u00a0<a title=\"Pilosa\" href=\"https:\/\/pt.wikipedia.org\/wiki\/Pilosa\">Pilosa<\/a>. Tem h\u00e1bito predominantemente terrestre, diferente de seus parentes pr\u00f3ximos, o\u00a0<a title=\"Tamandu\u00e1-mirim\" href=\"https:\/\/pt.wikipedia.org\/wiki\/Tamandu%C3%A1-mirim\">tamandu\u00e1-mirim<\/a>\u00a0e o\u00a0<a class=\"mw-redirect\" title=\"Tamandua\u00ed\" href=\"https:\/\/pt.wikipedia.org\/wiki\/Tamandua%C3%AD\">tamandua\u00ed<\/a>, que s\u00e3o\u00a0<a title=\"Arbor\u00edcola\" href=\"https:\/\/pt.wikipedia.org\/wiki\/Arbor%C3%ADcola\">arbor\u00edcolas<\/a>. O animal mede entre 1,8 e 2,1 metros de comprimento e pesa at\u00e9 41\u00a0kg. \u00c9 facilmente reconhecido pelo seu focinho longo e padr\u00e3o caracter\u00edstico de pelagem. Possui longas garras nos dedos das patas anteriores, o que faz com que ande com uma postura\u00a0<a title=\"Nodopedalia\" href=\"https:\/\/pt.wikipedia.org\/wiki\/Nodopedalia\">nodoped\u00e1lica<\/a>. O aparelho bucal \u00e9 adaptado a sua dieta especializada em formigas e cupins, mas em cativeiro ele pode ser alimentado com carne mo\u00edda, ovos e ra\u00e7\u00e3o, por exemplo. A longa pelagem o predisp\u00f5e a ser parasitado por\u00a0<a title=\"Ectoparasita\" href=\"https:\/\/pt.wikipedia.org\/wiki\/Ectoparasita\">ectoparasitas<\/a>, como\u00a0<a title=\"Carrapato\" href=\"https:\/\/pt.wikipedia.org\/wiki\/Carrapato\">carrapatos<\/a>.<\/p>\n<p style=\"text-align: justify;\">\u00c9 encontrado em diversos tipos de ambientes, desde\u00a0<a title=\"Savana\" href=\"https:\/\/pt.wikipedia.org\/wiki\/Savana\">savanas<\/a>\u00a0a\u00a0<a title=\"Floresta\" href=\"https:\/\/pt.wikipedia.org\/wiki\/Floresta\">florestas<\/a>. Prefere\u00a0<a title=\"Forrageamento\" href=\"https:\/\/pt.wikipedia.org\/wiki\/Forrageamento\">forragear<\/a>\u00a0em ambientes abertos, mas utiliza florestas e \u00e1reas mais \u00famidas para descansar e regular a temperatura corporal. \u00c9 capaz de nadar em rios amplos. Seus predadores incluem grandes\u00a0<a class=\"mw-redirect\" title=\"Felino\" href=\"https:\/\/pt.wikipedia.org\/wiki\/Felino\">felinos<\/a>, como a\u00a0<a class=\"mw-redirect\" title=\"On\u00e7a-pintada\" href=\"https:\/\/pt.wikipedia.org\/wiki\/On%C3%A7a-pintada\">on\u00e7a-pintada<\/a>\u00a0e a\u00a0<a class=\"mw-redirect\" title=\"Su\u00e7uarana\" href=\"https:\/\/pt.wikipedia.org\/wiki\/Su%C3%A7uarana\">su\u00e7uarana<\/a>, e\u00a0<a title=\"Ave de rapina\" href=\"https:\/\/pt.wikipedia.org\/wiki\/Ave_de_rapina\">rapinantes<\/a>\u00a0podem predar filhotes. Apesar dos territ\u00f3rios individuais muitas vezes se sobreporem aos de outros, s\u00e3o animais primariamente solit\u00e1rios, sendo encontrados com outros somente em situa\u00e7\u00f5es de cortejamento de f\u00eameas ou\u00a0<a title=\"Comportamento agon\u00edstico\" href=\"https:\/\/pt.wikipedia.org\/wiki\/Comportamento_agon%C3%ADstico\">encontros agon\u00edsticos<\/a>\u00a0entre machos e f\u00eameas cuidando de filhotes. Se alimenta principalmente de\u00a0<a title=\"Formiga\" href=\"https:\/\/pt.wikipedia.org\/wiki\/Formiga\">formigas<\/a>\u00a0e\u00a0<a class=\"mw-redirect\" title=\"Cupim\" href=\"https:\/\/pt.wikipedia.org\/wiki\/Cupim\">cupins<\/a>, utilizando suas garras para cavar e a\u00a0<a title=\"L\u00edngua\" href=\"https:\/\/pt.wikipedia.org\/wiki\/L%C3%ADngua\">l\u00edngua<\/a>\u00a0para coletar os\u00a0<a class=\"mw-redirect\" title=\"Inseto\" href=\"https:\/\/pt.wikipedia.org\/wiki\/Inseto\">insetos<\/a>.<\/p>\n<p style=\"text-align: justify;\">O tamandu\u00e1-bandeira \u00e9 listado como &#8220;vulner\u00e1vel&#8221; pela\u00a0<a class=\"mw-redirect\" title=\"IUCN\" href=\"https:\/\/pt.wikipedia.org\/wiki\/IUCN\">IUCN<\/a>. Foi extinto em algumas partes de sua distribui\u00e7\u00e3o geogr\u00e1fica, como no\u00a0<a title=\"Uruguai\" href=\"https:\/\/pt.wikipedia.org\/wiki\/Uruguai\">Uruguai<\/a>, e corre grande risco de extin\u00e7\u00e3o na\u00a0<a title=\"Am\u00e9rica Central\" href=\"https:\/\/pt.wikipedia.org\/wiki\/Am%C3%A9rica_Central\">Am\u00e9rica Central<\/a>. As principais amea\u00e7as \u00e0 sobreviv\u00eancia da esp\u00e9cie s\u00e3o a\u00a0<a title=\"Ca\u00e7a furtiva\" href=\"https:\/\/pt.wikipedia.org\/wiki\/Ca%C3%A7a_furtiva\">ca\u00e7a<\/a>\u00a0e a destrui\u00e7\u00e3o do\u00a0<a title=\"Habitat\" href=\"https:\/\/pt.wikipedia.org\/wiki\/Habitat\">habitat<\/a>, e \u00e9 um animal suscept\u00edvel a ser atingido fatalmente por inc\u00eandios e atropelamentos. Apesar do risco de extin\u00e7\u00e3o, pode ser encontrado em in\u00fameras unidades de conserva\u00e7\u00e3o, onde muitas vezes \u00e9 abundante. Sua\u00a0<a title=\"Morfologia (biologia)\" href=\"https:\/\/pt.wikipedia.org\/wiki\/Morfologia_(biologia)\">morfologia<\/a>\u00a0peculiar chamou a aten\u00e7\u00e3o de diversos povos, como na\u00a0<a class=\"mw-redirect\" title=\"Bacia Amaz\u00f4nica\" href=\"https:\/\/pt.wikipedia.org\/wiki\/Bacia_Amaz%C3%B4nica\">bacia Amaz\u00f4nica<\/a>, e at\u00e9 hoje \u00e9 retratado por muitas culturas, seja de forma carism\u00e1tica ou aterrorizante.<\/p>\n<p style=\"text-align: justify;\">Fonte: https:\/\/pt.wikipedia.org\/wiki\/Tamandu%C3%A1-bandeira<\/p>\n","protected":false},"excerpt":{"rendered":"<p>Uma f\u00eamea de Tamandu\u00e1-bandeira e seu filhote, foram encontrados mortos ao lado da rodovia Byron de Oliveira Nogueira, Km 4, na liga\u00e7\u00e3o Dracena a Ouro Verde. Possivelmente durante a madrugada aconteceu um atropelamento, pois havia marcas na pista, por\u00e9m n\u00e3o se sabe qual foi o ve\u00edculo envolvido. Tamandu\u00e1-bandeira m\u00e3e e filhote s\u00e3o encontrados mortos ao [&hellip;]<\/p>\n","protected":false},"author":1,"featured_media":25318,"comment_status":"closed","ping_status":"open","sticky":false,"template":"","format":"video","meta":{"footnotes":""},"categories":[176,110,169],"tags":[],"class_list":["post-25317","post","type-post","status-publish","format-video","has-post-thumbnail","hentry","category-meioambienteeagricultura","category-noticiasdestaque","category-videos","post_format-post-format-video"],"_links":{"self":[{"href":"https:\/\/jorgezanoni.com.br\/2019\/wp-json\/wp\/v2\/posts\/25317","targetHints":{"allow":["GET"]}}],"collection":[{"href":"https:\/\/jorgezanoni.com.br\/2019\/wp-json\/wp\/v2\/posts"}],"about":[{"href":"https:\/\/jorgezanoni.com.br\/2019\/wp-json\/wp\/v2\/types\/post"}],"author":[{"embeddable":true,"href":"https:\/\/jorgezanoni.com.br\/2019\/wp-json\/wp\/v2\/users\/1"}],"replies":[{"embeddable":true,"href":"https:\/\/jorgezanoni.com.br\/2019\/wp-json\/wp\/v2\/comments?post=25317"}],"version-history":[{"count":0,"href":"https:\/\/jorgezanoni.com.br\/2019\/wp-json\/wp\/v2\/posts\/25317\/revisions"}],"wp:featuredmedia":[{"embeddable":true,"href":"https:\/\/jorgezanoni.com.br\/2019\/wp-json\/wp\/v2\/media\/25318"}],"wp:attachment":[{"href":"https:\/\/jorgezanoni.com.br\/2019\/wp-json\/wp\/v2\/media?parent=25317"}],"wp:term":[{"taxonomy":"category","embeddable":true,"href":"https:\/\/jorgezanoni.com.br\/2019\/wp-json\/wp\/v2\/categories?post=25317"},{"taxonomy":"post_tag","embeddable":true,"href":"https:\/\/jorgezanoni.com.br\/2019\/wp-json\/wp\/v2\/tags?post=25317"}],"curies":[{"name":"wp","href":"https:\/\/api.w.org\/{rel}","templated":true}]}}