{"id":25314,"date":"2020-05-06T20:20:37","date_gmt":"2020-05-06T20:20:37","guid":{"rendered":"https:\/\/jorgezanoni.com.br\/2019\/?p=25314"},"modified":"2020-05-06T20:20:37","modified_gmt":"2020-05-06T20:20:37","slug":"jorginho-de-panorama-inaugura-em-breve-loja-do-bras-em-junqueiropolis","status":"publish","type":"post","link":"https:\/\/jorgezanoni.com.br\/2019\/jorginho-de-panorama-inaugura-em-breve-loja-do-bras-em-junqueiropolis\/","title":{"rendered":"Jorginho de Panorama inaugura em breve loja do Br\u00e1s em Junqueir\u00f3polis"},"content":{"rendered":"<p style=\"text-align: justify;\">O empres\u00e1rio conhecido Jorginho do Imp\u00e9rio de Panorama que promove diversos shows naquela cidade e tem a Loja do Br\u00e1s, est\u00e1 anunciando para breve a Produtora Jorginho e Loja do Br\u00e1s em Junqueir\u00f3polis. Dracena tamb\u00e9m est\u00e1 na programa\u00e7\u00e3o para uma Loja do Br\u00e1s futuramente. (Veja o v\u00eddeo)<\/p>\n<div id=\"fb-root\"><\/div>\n<p><script async=\"1\" defer=\"1\" crossorigin=\"anonymous\" src=\"https:\/\/connect.facebook.net\/en_US\/sdk.js#xfbml=1&amp;version=v7.0\"><\/script><\/p>\n<div class=\"fb-video\" data-href=\"https:\/\/www.facebook.com\/jorgezanonidracena\/videos\/242268893517300\/\" data-width=\"696\">\n<blockquote cite=\"https:\/\/www.facebook.com\/jorgezanonidracena\/videos\/242268893517300\/\" class=\"fb-xfbml-parse-ignore\"><p><a href=\"https:\/\/www.facebook.com\/jorgezanonidracena\/videos\/242268893517300\/\">Jorginho de Panorama inaugura em breve loja do Br\u00e1s em Junqueir\u00f3polis<\/a><\/p>\n<p>Jorginho de Panorama inaugura em breve loja do Br\u00e1s em Junqueir\u00f3polis<\/p>\n<p>Posted by <a href=\"https:\/\/www.facebook.com\/jorgezanonidracena\/\">Jorge Zanoni<\/a> on Wednesday, May 6, 2020<\/p><\/blockquote>\n<\/div>\n<p>Jorge Zanoni<\/p>\n","protected":false},"excerpt":{"rendered":"<p>O empres\u00e1rio conhecido Jorginho do Imp\u00e9rio de Panorama que promove diversos shows naquela cidade e tem a Loja do Br\u00e1s, est\u00e1 anunciando para breve a Produtora Jorginho e Loja do Br\u00e1s em Junqueir\u00f3polis. Dracena tamb\u00e9m est\u00e1 na programa\u00e7\u00e3o para uma Loja do Br\u00e1s futuramente. (Veja o v\u00eddeo) Jorginho de Panorama inaugura em breve loja do [&hellip;]<\/p>\n","protected":false},"author":1,"featured_media":25315,"comment_status":"closed","ping_status":"open","sticky":false,"template":"","format":"standard","meta":{"footnotes":""},"categories":[169],"tags":[],"class_list":["post-25314","post","type-post","status-publish","format-standard","has-post-thumbnail","hentry","category-videos"],"_links":{"self":[{"href":"https:\/\/jorgezanoni.com.br\/2019\/wp-json\/wp\/v2\/posts\/25314","targetHints":{"allow":["GET"]}}],"collection":[{"href":"https:\/\/jorgezanoni.com.br\/2019\/wp-json\/wp\/v2\/posts"}],"about":[{"href":"https:\/\/jorgezanoni.com.br\/2019\/wp-json\/wp\/v2\/types\/post"}],"author":[{"embeddable":true,"href":"https:\/\/jorgezanoni.com.br\/2019\/wp-json\/wp\/v2\/users\/1"}],"replies":[{"embeddable":true,"href":"https:\/\/jorgezanoni.com.br\/2019\/wp-json\/wp\/v2\/comments?post=25314"}],"version-history":[{"count":0,"href":"https:\/\/jorgezanoni.com.br\/2019\/wp-json\/wp\/v2\/posts\/25314\/revisions"}],"wp:featuredmedia":[{"embeddable":true,"href":"https:\/\/jorgezanoni.com.br\/2019\/wp-json\/wp\/v2\/media\/25315"}],"wp:attachment":[{"href":"https:\/\/jorgezanoni.com.br\/2019\/wp-json\/wp\/v2\/media?parent=25314"}],"wp:term":[{"taxonomy":"category","embeddable":true,"href":"https:\/\/jorgezanoni.com.br\/2019\/wp-json\/wp\/v2\/categories?post=25314"},{"taxonomy":"post_tag","embeddable":true,"href":"https:\/\/jorgezanoni.com.br\/2019\/wp-json\/wp\/v2\/tags?post=25314"}],"curies":[{"name":"wp","href":"https:\/\/api.w.org\/{rel}","templated":true}]}}