{"id":25303,"date":"2020-05-06T16:08:01","date_gmt":"2020-05-06T16:08:01","guid":{"rendered":"https:\/\/jorgezanoni.com.br\/2019\/?p=25303"},"modified":"2020-05-06T16:08:01","modified_gmt":"2020-05-06T16:08:01","slug":"covid-19-dentro-das-penitenciarias-preocupa-servidores","status":"publish","type":"post","link":"https:\/\/jorgezanoni.com.br\/2019\/covid-19-dentro-das-penitenciarias-preocupa-servidores\/","title":{"rendered":"Covid-19 dentro das penitenci\u00e1rias preocupa servidores"},"content":{"rendered":"<p style=\"text-align: justify;\">Servidores do sistema penitenci\u00e1rio est\u00e3o preocupados com a dissemina\u00e7\u00e3o da Covid-19 nas unidades estaduais. Na regi\u00e3o de Presidente Prudente, desde que os casos come\u00e7aram a surgir, mais precisamente entre o final de mar\u00e7o e come\u00e7o de abril, chegou ao conhecimento da imprensa diversos casos de servidores contaminados pelo novo coronav\u00edrus. Conforme o balan\u00e7o divulgado pela SAP (Secretaria de Administra\u00e7\u00e3o Penitenci\u00e1ria), at\u00e9 a semana passada havia 157 servidores afastados por suspeita da doen\u00e7a; no Estado, eram nove casos confirmados entre funcion\u00e1rios, sendo tr\u00eas \u00f3bitos.<\/p>\n<p style=\"text-align: justify;\">Por\u00e9m, o n\u00famero de infectados pode ser ainda maior. Isso porque um levantamento feito pelo Sifuspesp (Sindicato dos Funcion\u00e1rios do Sistema Prisional do Estado de S\u00e3o Paulo) informa que at\u00e9 o dia 30 de abril, havia 67 confirma\u00e7\u00f5es de funcion\u00e1rios doentes no Estado, com tr\u00eas \u00f3bitos. Do total, apenas na regi\u00e3o de Prudente, o balan\u00e7o apontou 30 casos de Covid-19 e dois \u00f3bitos. A primeira morte foi a do policial penal Aparecido Cabrioti, 64 anos, que atuava na Penitenci\u00e1ria de Dracena. Ele estava de f\u00e9rias e passou mal depois de retornar de viagem.<\/p>\n<p style=\"text-align: justify;\">Apesar das incertezas quanto aos n\u00fameros, a Administra\u00e7\u00e3o Penitenci\u00e1ria refor\u00e7a que est\u00e3o sendo distribu\u00eddos EPIs (equipamentos de prote\u00e7\u00e3o individual) a presos e funcion\u00e1rios de pres\u00eddios paulistas. \u201cMais de 1 milh\u00e3o de m\u00e1scaras j\u00e1 foram produzidas por presos em sete penitenci\u00e1rias do Estado de S\u00e3o Paulo\u201d, afirma. Inclusive, uma suposta falta de medidas de prote\u00e7\u00e3o contra o v\u00edrus no sistema prisional chegou a ser denunciada pelo F\u00f3rum Penitenci\u00e1rio, composto por representantes do Sindasp (Sindicato dos Agentes de Seguran\u00e7a Penitenci\u00e1ria do Estado de S\u00e3o Paulo), Sifuspesp e Sindcop (Sindicato dos Agentes de Seguran\u00e7a Penitenci\u00e1ria e demais Servidores do Sistema Prisional Paulista).<\/p>\n<p style=\"text-align: justify;\"><strong>MEDIDAS DE<\/strong>\u00a0<strong>SEGURAN\u00c7A<\/strong><\/p>\n<p style=\"text-align: justify;\">Em mat\u00e9ria veiculada no dia 4 de abril, a SAP informou em nota que segue\u00a0as determina\u00e7\u00f5es do Centro de\u00a0Conting\u00eancia\u00a0do Coronav\u00edrus. \u201cTodas as\u00a0medidas\u00a0amplamente divulgadas pelo governo do Estado de S\u00e3o Paulo, como lavar as m\u00e3os com frequ\u00eancia, j\u00e1 foram adotadas nos pres\u00eddios do Estado\u201d, disse. Na \u00e9poca, refor\u00e7ou diversas medidas de limpeza, suspens\u00e3o de atividades coletivas, restri\u00e7\u00f5es de entradas, quarentena a presos que entram no sistema prisional e monitoramentos.<\/p>\n<p style=\"text-align: justify;\">Ainda, lembrou sobre a aquisi\u00e7\u00e3o de term\u00f4metros infravermelho, aquisi\u00e7\u00e3o de ox\u00edmetro digital port\u00e1til, amplia\u00e7\u00e3o na distribui\u00e7\u00e3o de produtos de higiene, \u00e1lcool em gel e sabonete, distribui\u00e7\u00e3o de EPIs como m\u00e1scaras, hor\u00e1rios alternados no refeit\u00f3rio, filas com dist\u00e2ncia de 1,5 metro. \u201cTodo servidor com suspeita de diagn\u00f3stico da Covid-19 est\u00e1 devidamente afastado, sob\u00a0medidas\u00a0de isolamento em sua resid\u00eancia, conforme orienta\u00e7\u00f5es do Comit\u00ea de\u00a0Conting\u00eancia\u00a0do Coronav\u00edrus e a secretaria acompanha seu quadro cl\u00ednico, fornecendo todo o suporte necess\u00e1rio para sua recupera\u00e7\u00e3o\u201d.<\/p>\n<p style=\"text-align: justify;\">Fonte: Imparcial<\/p>\n","protected":false},"excerpt":{"rendered":"<p>Servidores do sistema penitenci\u00e1rio est\u00e3o preocupados com a dissemina\u00e7\u00e3o da Covid-19 nas unidades estaduais. Na regi\u00e3o de Presidente Prudente, desde que os casos come\u00e7aram a surgir, mais precisamente entre o final de mar\u00e7o e come\u00e7o de abril, chegou ao conhecimento da imprensa diversos casos de servidores contaminados pelo novo coronav\u00edrus. Conforme o balan\u00e7o divulgado pela [&hellip;]<\/p>\n","protected":false},"author":1,"featured_media":25304,"comment_status":"closed","ping_status":"open","sticky":false,"template":"","format":"standard","meta":{"footnotes":""},"categories":[114,110],"tags":[],"class_list":["post-25303","post","type-post","status-publish","format-standard","has-post-thumbnail","hentry","category-geralecomercio","category-noticiasdestaque"],"_links":{"self":[{"href":"https:\/\/jorgezanoni.com.br\/2019\/wp-json\/wp\/v2\/posts\/25303","targetHints":{"allow":["GET"]}}],"collection":[{"href":"https:\/\/jorgezanoni.com.br\/2019\/wp-json\/wp\/v2\/posts"}],"about":[{"href":"https:\/\/jorgezanoni.com.br\/2019\/wp-json\/wp\/v2\/types\/post"}],"author":[{"embeddable":true,"href":"https:\/\/jorgezanoni.com.br\/2019\/wp-json\/wp\/v2\/users\/1"}],"replies":[{"embeddable":true,"href":"https:\/\/jorgezanoni.com.br\/2019\/wp-json\/wp\/v2\/comments?post=25303"}],"version-history":[{"count":0,"href":"https:\/\/jorgezanoni.com.br\/2019\/wp-json\/wp\/v2\/posts\/25303\/revisions"}],"wp:featuredmedia":[{"embeddable":true,"href":"https:\/\/jorgezanoni.com.br\/2019\/wp-json\/wp\/v2\/media\/25304"}],"wp:attachment":[{"href":"https:\/\/jorgezanoni.com.br\/2019\/wp-json\/wp\/v2\/media?parent=25303"}],"wp:term":[{"taxonomy":"category","embeddable":true,"href":"https:\/\/jorgezanoni.com.br\/2019\/wp-json\/wp\/v2\/categories?post=25303"},{"taxonomy":"post_tag","embeddable":true,"href":"https:\/\/jorgezanoni.com.br\/2019\/wp-json\/wp\/v2\/tags?post=25303"}],"curies":[{"name":"wp","href":"https:\/\/api.w.org\/{rel}","templated":true}]}}