{"id":25300,"date":"2020-05-06T14:47:55","date_gmt":"2020-05-06T14:47:55","guid":{"rendered":"https:\/\/jorgezanoni.com.br\/2019\/?p=25300"},"modified":"2020-05-06T14:47:55","modified_gmt":"2020-05-06T14:47:55","slug":"homem-e-preso-por-posse-ilegal-de-arma-de-fogo-e-violencia-domestica-contra-sua-ex-mulher","status":"publish","type":"post","link":"https:\/\/jorgezanoni.com.br\/2019\/homem-e-preso-por-posse-ilegal-de-arma-de-fogo-e-violencia-domestica-contra-sua-ex-mulher\/","title":{"rendered":"Homem \u00e9 preso por posse ilegal de arma de fogo e viol\u00eancia dom\u00e9stica contra sua ex-mulher"},"content":{"rendered":"<h2 class=\"content-head__subtitle\" style=\"text-align: justify;\"><strong>V\u00edtima foi agredida a socos e chutes, al\u00e9m de ser atingida por um peda\u00e7o de madeira. Caso aconteceu em Parapu\u00e3.<\/strong><\/h2>\n<div class=\"mc-column content-text active-extra-styles \" data-block-type=\"unstyled\" data-block-weight=\"36\" data-block-id=\"2\">\n<p class=\"content-text__container \" style=\"text-align: justify;\" data-track-category=\"Link no Texto\" data-track-links=\"\">Um homem, de idade n\u00e3o divulgada, foi preso em flagrante, nesta ter\u00e7a-feira (5), em\u00a0<a href=\"http:\/\/g1.globo.com\/sp\/presidente-prudente-regiao\/cidade\/parapua.html\">Parapu\u00e3<\/a>, por viol\u00eancia dom\u00e9stica, amea\u00e7a, les\u00e3o corporal e posse ilegal de arma de fogo, com numera\u00e7\u00e3o suprimida. A v\u00edtima \u00e9 sua ex-mulher.<\/p>\n<\/div>\n<div class=\"wall protected-content\">\n<div class=\"mc-column content-text active-extra-styles \" style=\"text-align: justify;\" data-block-type=\"unstyled\" data-block-weight=\"57\" data-block-id=\"3\">\n<p class=\"content-text__container \" data-track-category=\"Link no Texto\" data-track-links=\"\">A Pol\u00edcia Militar foi acionada e informada sobre um desentendimento entre casal e que o homem estaria em posse de arma de fogo. Policiais foram at\u00e9 a casa da v\u00edtima e ela contou que estava em sua resid\u00eancia, quando por volta das 17h seu ex-marido apareceu em sua rua e pediu para que algumas crian\u00e7as a chamasse.<\/p>\n<\/div>\n<div class=\"mc-column content-text active-extra-styles \" style=\"text-align: justify;\" data-block-type=\"unstyled\" data-block-weight=\"14\" data-block-id=\"4\">\n<p class=\"content-text__container \" data-track-category=\"Link no Texto\" data-track-links=\"\">A v\u00edtima atendeu ao chamado e foi at\u00e9 uma esquina para que conversassem.<\/p>\n<\/div>\n<div class=\"mc-column content-text active-extra-styles \" style=\"text-align: justify;\" data-block-type=\"unstyled\" data-block-weight=\"48\" data-block-id=\"5\">\n<p class=\"content-text__container \" data-track-category=\"Link no Texto\" data-track-links=\"\">De acordo com a Pol\u00edcia Militar, o homem exigiu que mulher embarcasse em sua motocicleta e a levou para debaixo de um viaduto existente nas proximidades, onde agrediu a v\u00edtima com socos, chutes e um peda\u00e7o de madeira, deixando-a com les\u00f5es nos bra\u00e7os, pernas, cabe\u00e7a e abd\u00f4men.<\/p>\n<\/div>\n<div class=\"mc-column content-text active-extra-styles \" style=\"text-align: justify;\" data-block-type=\"unstyled\" data-block-weight=\"24\" data-block-id=\"6\">\n<p class=\"content-text__container \" data-track-category=\"Link no Texto\" data-track-links=\"\">J\u00e1 eram cerca de 20h quando a mulher foi \u201cliberada\u201d pelo ex-marido. Quando ela chegou em casa, seus familiares ligaram para a pol\u00edcia.<\/p>\n<\/div>\n<div class=\"mc-column content-text active-extra-styles \" style=\"text-align: justify;\" data-block-type=\"unstyled\" data-block-weight=\"32\" data-block-id=\"7\">\n<p class=\"content-text__container \" data-track-category=\"Link no Texto\" data-track-links=\"\">A v\u00edtima ainda informou que, em seguida, o indiv\u00edduo aparentemente havia retornado para a cidade de Bastos, onde reside atualmente, e que ele possu\u00eda duas armas de fogo dentro de casa.<\/p>\n<\/div>\n<div class=\"mc-column content-text active-extra-styles \" style=\"text-align: justify;\" data-block-type=\"unstyled\" data-block-weight=\"49\" data-block-id=\"9\">\n<p class=\"content-text__container \" data-track-category=\"Link no Texto\" data-track-links=\"\">Foi solicitado apoio das viaturas da cidade de Bastos e a casa do indiv\u00edduo foi vistoriada. Ao averiguar a posse de armas, a PM encontrou no guarda-roupas uma caixa com um simulacro de pistola e um rev\u00f3lver de calibre 38, al\u00e9m de nove muni\u00e7\u00f5es tamb\u00e9m de calibre 38.<\/p>\n<\/div>\n<div class=\"mc-column content-text active-extra-styles \" style=\"text-align: justify;\" data-block-type=\"unstyled\" data-block-weight=\"43\" data-block-id=\"10\">\n<p class=\"content-text__container \" data-track-category=\"Link no Texto\" data-track-links=\"\">O indiv\u00edduo estava em casa e recebeu voz de pris\u00e3o em flagrante. Ele foi conduzido \u00e0 Delegacia da Pol\u00edcia Civil, onde foi registrado o Boletim de Ocorr\u00eancia com as naturezas de viol\u00eancia dom\u00e9stica, amea\u00e7a, les\u00e3o corporal e posse ilegal de arma de fogo.<\/p>\n<\/div>\n<div class=\"mc-column content-text active-extra-styles \" style=\"text-align: justify;\" data-block-type=\"unstyled\" data-block-weight=\"7\" data-block-id=\"11\">\n<p class=\"content-text__container \" data-track-category=\"Link no Texto\" data-track-links=\"\">O homem permaneceu \u00e0 disposi\u00e7\u00e3o da Justi\u00e7a.<\/p>\n<\/div>\n<div class=\"mc-column content-text active-extra-styles \" data-block-type=\"unstyled\" data-block-weight=\"7\" data-block-id=\"12\">\n<p class=\"content-text__container \" style=\"text-align: justify;\" data-track-category=\"Link no Texto\" data-track-links=\"\">O caso ser\u00e1 investigado pela Pol\u00edcia Civil.<\/p>\n<p style=\"text-align: justify;\" data-track-category=\"Link no Texto\" data-track-links=\"\">Fonte: G1<\/p>\n<\/div>\n<\/div>\n","protected":false},"excerpt":{"rendered":"<p>V\u00edtima foi agredida a socos e chutes, al\u00e9m de ser atingida por um peda\u00e7o de madeira. Caso aconteceu em Parapu\u00e3. Um homem, de idade n\u00e3o divulgada, foi preso em flagrante, nesta ter\u00e7a-feira (5), em\u00a0Parapu\u00e3, por viol\u00eancia dom\u00e9stica, amea\u00e7a, les\u00e3o corporal e posse ilegal de arma de fogo, com numera\u00e7\u00e3o suprimida. A v\u00edtima \u00e9 sua ex-mulher. [&hellip;]<\/p>\n","protected":false},"author":1,"featured_media":25301,"comment_status":"closed","ping_status":"open","sticky":false,"template":"","format":"standard","meta":{"footnotes":""},"categories":[110,2],"tags":[],"class_list":["post-25300","post","type-post","status-publish","format-standard","has-post-thumbnail","hentry","category-noticiasdestaque","category-policial"],"_links":{"self":[{"href":"https:\/\/jorgezanoni.com.br\/2019\/wp-json\/wp\/v2\/posts\/25300","targetHints":{"allow":["GET"]}}],"collection":[{"href":"https:\/\/jorgezanoni.com.br\/2019\/wp-json\/wp\/v2\/posts"}],"about":[{"href":"https:\/\/jorgezanoni.com.br\/2019\/wp-json\/wp\/v2\/types\/post"}],"author":[{"embeddable":true,"href":"https:\/\/jorgezanoni.com.br\/2019\/wp-json\/wp\/v2\/users\/1"}],"replies":[{"embeddable":true,"href":"https:\/\/jorgezanoni.com.br\/2019\/wp-json\/wp\/v2\/comments?post=25300"}],"version-history":[{"count":0,"href":"https:\/\/jorgezanoni.com.br\/2019\/wp-json\/wp\/v2\/posts\/25300\/revisions"}],"wp:featuredmedia":[{"embeddable":true,"href":"https:\/\/jorgezanoni.com.br\/2019\/wp-json\/wp\/v2\/media\/25301"}],"wp:attachment":[{"href":"https:\/\/jorgezanoni.com.br\/2019\/wp-json\/wp\/v2\/media?parent=25300"}],"wp:term":[{"taxonomy":"category","embeddable":true,"href":"https:\/\/jorgezanoni.com.br\/2019\/wp-json\/wp\/v2\/categories?post=25300"},{"taxonomy":"post_tag","embeddable":true,"href":"https:\/\/jorgezanoni.com.br\/2019\/wp-json\/wp\/v2\/tags?post=25300"}],"curies":[{"name":"wp","href":"https:\/\/api.w.org\/{rel}","templated":true}]}}