{"id":25297,"date":"2020-05-06T14:37:16","date_gmt":"2020-05-06T14:37:16","guid":{"rendered":"https:\/\/jorgezanoni.com.br\/2019\/?p=25297"},"modified":"2020-05-06T14:37:16","modified_gmt":"2020-05-06T14:37:16","slug":"espingarda-e-materiais-para-caca-ilegal-de-animais-sao-apreendidos-pela-policia-ambiental-em-pauliceia","status":"publish","type":"post","link":"https:\/\/jorgezanoni.com.br\/2019\/espingarda-e-materiais-para-caca-ilegal-de-animais-sao-apreendidos-pela-policia-ambiental-em-pauliceia\/","title":{"rendered":"Espingarda e materiais para ca\u00e7a ilegal de animais s\u00e3o apreendidos pela Pol\u00edcia Ambiental em Paulic\u00e9ia"},"content":{"rendered":"<h2 class=\"content-head__subtitle\" style=\"text-align: justify;\"><strong>Indiv\u00edduo at\u00e9 fugiu de uma abordagem no fim de semana, mas deixou sua motocicleta para tr\u00e1s, o que contribuiu para que fosse identificado e localizado.<\/strong><\/h2>\n<div class=\"mc-column content-text active-extra-styles \" data-block-type=\"unstyled\" data-block-weight=\"57\" data-block-id=\"2\">\n<p class=\"content-text__container \" style=\"text-align: justify;\" data-track-category=\"Link no Texto\" data-track-links=\"\">A Pol\u00edcia Militar Ambiental e a Pol\u00edcia Civil prenderam um homem, nesta ter\u00e7a-feira (5), por ca\u00e7a ilegal de animais silvestres e porte ilegal de arma de fogo, em\u00a0<a href=\"http:\/\/g1.globo.com\/sp\/presidente-prudente-regiao\/cidade\/pauliceia.html\">Paulic\u00e9ia<\/a>. Uma espingarda foi apreendida. O indiv\u00edduo at\u00e9 fugiu de uma abordagem no fim de semana, mas deixou sua motocicleta para tr\u00e1s, o que contribuiu para a sua localiza\u00e7\u00e3o.<\/p>\n<\/div>\n<div class=\"wall protected-content\">\n<div class=\"mc-column content-text active-extra-styles \" style=\"text-align: justify;\" data-block-type=\"unstyled\" data-block-weight=\"61\" data-block-id=\"3\">\n<p class=\"content-text__container \" data-track-category=\"Link no Texto\" data-track-links=\"\">No \u00faltimo domingo (3) uma equipe da Pol\u00edcia Militar Ambiental realizou fiscaliza\u00e7\u00f5es nas imedia\u00e7\u00f5es de uma mata no interior de uma fazenda, momento em que viram um indiv\u00edduo a p\u00e9, saindo de dentro da mata. O homem portava uma arma de fogo e uma bolsa e seguia em dire\u00e7\u00e3o a uma motocicleta que estava estacionada na beira de um canavial.<\/p>\n<\/div>\n<div class=\"mc-column content-text active-extra-styles \" style=\"text-align: justify;\" data-block-type=\"unstyled\" data-block-weight=\"39\" data-block-id=\"4\">\n<p class=\"content-text__container \" data-track-category=\"Link no Texto\" data-track-links=\"\">Ao perceber a presen\u00e7a dos policiais, o indiv\u00edduo fugiu, abandonando a motocicleta e os materiais pelo caminho. O suspeito foi perseguido em meio ao canavial e mata situada \u00e0s margens do Rio Paran\u00e1, por\u00e9m n\u00e3o foi poss\u00edvel alcan\u00e7\u00e1-lo.<\/p>\n<\/div>\n<div class=\"mc-column content-text active-extra-styles \" style=\"text-align: justify;\" data-block-type=\"unstyled\" data-block-weight=\"38\" data-block-id=\"5\">\n<p class=\"content-text__container \" data-track-category=\"Link no Texto\" data-track-links=\"\">No local onde o suspeito saiu foi constatado que havia uma trilha que levava at\u00e9 uma ceva com mandioca e um jirau do tipo espera, instalado em uma \u00e1rvore, pr\u00f3prio para efetuar a ca\u00e7a de animais silvestres.<\/p>\n<\/div>\n<div class=\"mc-column content-text active-extra-styles \" style=\"text-align: justify;\" data-block-type=\"unstyled\" data-block-weight=\"113\" data-block-id=\"6\">\n<p class=\"content-text__container \" data-track-category=\"Link no Texto\" data-track-links=\"\">Diante do ocorrido, todos os materiais, sendo uma espingarda de calibre 28, uma motocicleta, uma mira laser, duas lanternas, tr\u00eas cordas, uma balaclava de cor preta, uma cal\u00e7a camuflada, uma camiseta camuflada, um bon\u00e9 camuflado, uma faca com bainha, um par de luvas de cor preta, um peda\u00e7o de borracha de c\u00e2mara de ar, tr\u00eas pilhas, uma blusa, um saco pl\u00e1stico contendo 20 kg de mandioca picada, uma caixa pl\u00e1stica de cor vermelha, um capacete de cor preta e um saco pl\u00e1stico contendo 1 kg de milho, foram apreendidos e apresentados na Delegacia da Pol\u00edcia Civil, devido ao cometimento de crime ambiental de ca\u00e7a, al\u00e9m de porte ilegal de arma de fogo.<\/p>\n<\/div>\n<div class=\"row medium-uncollapsed content-media content-photo\" data-block-type=\"backstage-photo\" data-block-id=\"8\">\n<div class=\"mc-column content-media__container\">\n<div class=\"progressive-img can-open-lightbox\" data-min-size=\"1008x756\" data-min-size-url=\"https:\/\/s2.glbimg.com\/pN6tKLxUw7z5kku_P9Lji33Zcgw=\/0x0:1280x960\/1008x0\/smart\/filters:strip_icc()\/i.s3.glbimg.com\/v1\/AUTH_59edd422c0c84a879bd37670ae4f538a\/internal_photos\/bs\/2020\/m\/p\/AzPJh9SWyAQouJRAr4xw\/whatsapp-image-2020-05-06-at-10.22.32.jpeg\" data-max-size=\"1600x1200\" data-max-size-url=\"https:\/\/s2.glbimg.com\/auM3h7nL_B5EIqVYnnEP1ofaH5c=\/0x0:1280x960\/1600x0\/smart\/filters:strip_icc()\/i.s3.glbimg.com\/v1\/AUTH_59edd422c0c84a879bd37670ae4f538a\/internal_photos\/bs\/2020\/m\/p\/AzPJh9SWyAQouJRAr4xw\/whatsapp-image-2020-05-06-at-10.22.32.jpeg\" data-media-index=\"1\">\n<div class=\"placeholder-container\" style=\"text-align: justify;\"><img decoding=\"async\" class=\"image content-media__image progressive-loaded\" title=\"Motocicleta abandonada contribuiu na localiza\u00e7\u00e3o do indiv\u00edduo \u2014 Foto: Pol\u00edcia Ambiental\" src=\"https:\/\/s2.glbimg.com\/8s-AaRbFQHZLY202FMexLxv_248=\/0x0:1280x960\/984x0\/smart\/filters:strip_icc()\/i.s3.glbimg.com\/v1\/AUTH_59edd422c0c84a879bd37670ae4f538a\/internal_photos\/bs\/2020\/m\/p\/AzPJh9SWyAQouJRAr4xw\/whatsapp-image-2020-05-06-at-10.22.32.jpeg\" alt=\"Motocicleta abandonada contribuiu na localiza\u00e7\u00e3o do indiv\u00edduo \u2014 Foto: Pol\u00edcia Ambiental\" data-src=\"https:\/\/s2.glbimg.com\/8s-AaRbFQHZLY202FMexLxv_248=\/0x0:1280x960\/984x0\/smart\/filters:strip_icc()\/i.s3.glbimg.com\/v1\/AUTH_59edd422c0c84a879bd37670ae4f538a\/internal_photos\/bs\/2020\/m\/p\/AzPJh9SWyAQouJRAr4xw\/whatsapp-image-2020-05-06-at-10.22.32.jpeg\" \/><\/div>\n<\/div>\n<p class=\"content-media__description \" style=\"text-align: justify;\">Motocicleta abandonada contribuiu na localiza\u00e7\u00e3o do indiv\u00edduo \u2014 Foto: Pol\u00edcia Ambiental<\/p>\n<\/div>\n<\/div>\n<div class=\"mc-column content-text active-extra-styles \" style=\"text-align: justify;\" data-block-type=\"unstyled\" data-block-weight=\"31\" data-block-id=\"9\">\n<p class=\"content-text__container \" data-track-category=\"Link no Texto\" data-track-links=\"\">Por meio de pesquisa de dados, o propriet\u00e1rio da motocicleta foi identificado e, nesta ter\u00e7a-feira (5), ap\u00f3s dilig\u00eancias em conjunto com a Pol\u00edcia Civil, o indiv\u00edduo foi localizado, abordado e detido.<\/p>\n<\/div>\n<div class=\"mc-column content-text active-extra-styles \" data-block-type=\"unstyled\" data-block-weight=\"39\" data-block-id=\"10\">\n<p class=\"content-text__container \" style=\"text-align: justify;\" data-track-category=\"Link no Texto\" data-track-links=\"\">Questionado, o homem confessou a pr\u00e1tica de ca\u00e7a com uso de arma de fogo. Foi elaborado um Auto de Infra\u00e7\u00e3o Ambiental na modalidade advert\u00eancia e ele tamb\u00e9m responder\u00e1 pelo crime ambiental e de porte ilegal de arma de fogo.<\/p>\n<\/div>\n<div class=\"row medium-uncollapsed content-media content-photo\" data-block-type=\"backstage-photo\" data-block-id=\"11\">\n<div class=\"mc-column content-media__container\">\n<div class=\"progressive-img can-open-lightbox\" data-min-size=\"1008x1344\" data-min-size-url=\"https:\/\/s2.glbimg.com\/Kj0ZJKwaNsS1xg0xlGDvE7hpD4k=\/0x0:960x1280\/1008x0\/smart\/filters:strip_icc()\/i.s3.glbimg.com\/v1\/AUTH_59edd422c0c84a879bd37670ae4f538a\/internal_photos\/bs\/2020\/X\/7\/8BlA0MQ8GH3ZrcGkvD5g\/whatsapp-image-2020-05-06-at-10.22.31-1-.jpeg\" data-max-size=\"1600x2133\" data-max-size-url=\"https:\/\/s2.glbimg.com\/-0dyMk3E0J87ifM2Pl2l6-cYKwg=\/0x0:960x1280\/1600x0\/smart\/filters:strip_icc()\/i.s3.glbimg.com\/v1\/AUTH_59edd422c0c84a879bd37670ae4f538a\/internal_photos\/bs\/2020\/X\/7\/8BlA0MQ8GH3ZrcGkvD5g\/whatsapp-image-2020-05-06-at-10.22.31-1-.jpeg\" data-media-index=\"2\">\n<div class=\"placeholder-container\"><img decoding=\"async\" class=\"image content-media__image progressive-loaded\" title=\"Mandioca e um jirau do tipo espera, instalado em uma \u00e1rvore, foram constatados no local \u2014 Foto: Pol\u00edcia Ambiental\" src=\"https:\/\/s2.glbimg.com\/A4cnSktGVXYqF8Bk5_FE7-wTAT8=\/0x0:960x1280\/984x0\/smart\/filters:strip_icc()\/i.s3.glbimg.com\/v1\/AUTH_59edd422c0c84a879bd37670ae4f538a\/internal_photos\/bs\/2020\/X\/7\/8BlA0MQ8GH3ZrcGkvD5g\/whatsapp-image-2020-05-06-at-10.22.31-1-.jpeg\" alt=\"Mandioca e um jirau do tipo espera, instalado em uma \u00e1rvore, foram constatados no local \u2014 Foto: Pol\u00edcia Ambiental\" data-src=\"https:\/\/s2.glbimg.com\/A4cnSktGVXYqF8Bk5_FE7-wTAT8=\/0x0:960x1280\/984x0\/smart\/filters:strip_icc()\/i.s3.glbimg.com\/v1\/AUTH_59edd422c0c84a879bd37670ae4f538a\/internal_photos\/bs\/2020\/X\/7\/8BlA0MQ8GH3ZrcGkvD5g\/whatsapp-image-2020-05-06-at-10.22.31-1-.jpeg\" \/><\/div>\n<\/div>\n<p class=\"content-media__description \" style=\"text-align: justify;\">Mandioca e um jirau do tipo espera, instalado em uma \u00e1rvore, foram constatados no local \u2014 Foto: Pol\u00edcia Ambiental<\/p>\n<\/div>\n<\/div>\n<div class=\"row medium-uncollapsed content-media content-photo\" data-block-type=\"backstage-photo\" data-block-id=\"12\">\n<div class=\"mc-column content-media__container\">\n<div class=\"progressive-img can-open-lightbox\" data-min-size=\"1008x756\" data-min-size-url=\"https:\/\/s2.glbimg.com\/atuzX82gyJGR9MaRFfBL_3dtbds=\/0x0:1280x960\/1008x0\/smart\/filters:strip_icc()\/i.s3.glbimg.com\/v1\/AUTH_59edd422c0c84a879bd37670ae4f538a\/internal_photos\/bs\/2020\/9\/G\/1bgceBRwqk4QP0tjhEMw\/whatsapp-image-2020-05-06-at-10.22.30-1-.jpeg\" data-max-size=\"1600x1200\" data-max-size-url=\"https:\/\/s2.glbimg.com\/FJi-SKHO5b2BBha4F8jaQE8WZZE=\/0x0:1280x960\/1600x0\/smart\/filters:strip_icc()\/i.s3.glbimg.com\/v1\/AUTH_59edd422c0c84a879bd37670ae4f538a\/internal_photos\/bs\/2020\/9\/G\/1bgceBRwqk4QP0tjhEMw\/whatsapp-image-2020-05-06-at-10.22.30-1-.jpeg\" data-media-index=\"3\">\n<div class=\"placeholder-container\"><img decoding=\"async\" class=\"image content-media__image progressive-loaded\" title=\"Mandioca e um jirau do tipo espera, instalado em uma \u00e1rvore, foram constatados no local \u2014 Foto: Pol\u00edcia Ambiental\" src=\"https:\/\/s2.glbimg.com\/Z_qzG7kJ7HpZ8PNT2VYgtKDUW90=\/0x0:1280x960\/984x0\/smart\/filters:strip_icc()\/i.s3.glbimg.com\/v1\/AUTH_59edd422c0c84a879bd37670ae4f538a\/internal_photos\/bs\/2020\/9\/G\/1bgceBRwqk4QP0tjhEMw\/whatsapp-image-2020-05-06-at-10.22.30-1-.jpeg\" alt=\"Mandioca e um jirau do tipo espera, instalado em uma \u00e1rvore, foram constatados no local \u2014 Foto: Pol\u00edcia Ambiental\" data-src=\"https:\/\/s2.glbimg.com\/Z_qzG7kJ7HpZ8PNT2VYgtKDUW90=\/0x0:1280x960\/984x0\/smart\/filters:strip_icc()\/i.s3.glbimg.com\/v1\/AUTH_59edd422c0c84a879bd37670ae4f538a\/internal_photos\/bs\/2020\/9\/G\/1bgceBRwqk4QP0tjhEMw\/whatsapp-image-2020-05-06-at-10.22.30-1-.jpeg\" \/><\/div>\n<\/div>\n<p class=\"content-media__description \" style=\"text-align: justify;\">Mandioca e um jirau do tipo espera, instalado em uma \u00e1rvore, foram constatados no local \u2014 Foto: Pol\u00edcia Ambiental<\/p>\n<p style=\"text-align: justify;\">Fonte: G1<\/p>\n<\/div>\n<\/div>\n<div class=\"content-ads content-ads--reveal\" data-block-type=\"ads\" data-block-id=\"13\">\n<div id=\"banner_materia__d8a9e37a-17b1-40f0-9459-cadeece2d785\" class=\"tag-manager-publicidade-container mc-has-reveal mc-has-ad-lazyload tag-manager-publicidade-banner_materia__d8a9e37a-17b1-40f0-9459-cadeece2d785 tag-manager-publicidade-container--carregado tag-manager-publicidade-container--visivel\" style=\"text-align: justify;\" data-id=\"banner_materia__d8a9e37a-17b1-40f0-9459-cadeece2d785\" data-google-query-id=\"CMa5w8a6n-kCFYEDuQYd1qkEfQ\" data-cid=\"null\" data-lid=\"null\"><\/div>\n<\/div>\n<\/div>\n","protected":false},"excerpt":{"rendered":"<p>Indiv\u00edduo at\u00e9 fugiu de uma abordagem no fim de semana, mas deixou sua motocicleta para tr\u00e1s, o que contribuiu para que fosse identificado e localizado. A Pol\u00edcia Militar Ambiental e a Pol\u00edcia Civil prenderam um homem, nesta ter\u00e7a-feira (5), por ca\u00e7a ilegal de animais silvestres e porte ilegal de arma de fogo, em\u00a0Paulic\u00e9ia. Uma espingarda [&hellip;]<\/p>\n","protected":false},"author":1,"featured_media":25298,"comment_status":"closed","ping_status":"open","sticky":false,"template":"","format":"standard","meta":{"footnotes":""},"categories":[176,110,2],"tags":[],"class_list":["post-25297","post","type-post","status-publish","format-standard","has-post-thumbnail","hentry","category-meioambienteeagricultura","category-noticiasdestaque","category-policial"],"_links":{"self":[{"href":"https:\/\/jorgezanoni.com.br\/2019\/wp-json\/wp\/v2\/posts\/25297","targetHints":{"allow":["GET"]}}],"collection":[{"href":"https:\/\/jorgezanoni.com.br\/2019\/wp-json\/wp\/v2\/posts"}],"about":[{"href":"https:\/\/jorgezanoni.com.br\/2019\/wp-json\/wp\/v2\/types\/post"}],"author":[{"embeddable":true,"href":"https:\/\/jorgezanoni.com.br\/2019\/wp-json\/wp\/v2\/users\/1"}],"replies":[{"embeddable":true,"href":"https:\/\/jorgezanoni.com.br\/2019\/wp-json\/wp\/v2\/comments?post=25297"}],"version-history":[{"count":0,"href":"https:\/\/jorgezanoni.com.br\/2019\/wp-json\/wp\/v2\/posts\/25297\/revisions"}],"wp:featuredmedia":[{"embeddable":true,"href":"https:\/\/jorgezanoni.com.br\/2019\/wp-json\/wp\/v2\/media\/25298"}],"wp:attachment":[{"href":"https:\/\/jorgezanoni.com.br\/2019\/wp-json\/wp\/v2\/media?parent=25297"}],"wp:term":[{"taxonomy":"category","embeddable":true,"href":"https:\/\/jorgezanoni.com.br\/2019\/wp-json\/wp\/v2\/categories?post=25297"},{"taxonomy":"post_tag","embeddable":true,"href":"https:\/\/jorgezanoni.com.br\/2019\/wp-json\/wp\/v2\/tags?post=25297"}],"curies":[{"name":"wp","href":"https:\/\/api.w.org\/{rel}","templated":true}]}}