{"id":25288,"date":"2020-05-06T13:27:30","date_gmt":"2020-05-06T13:27:30","guid":{"rendered":"https:\/\/jorgezanoni.com.br\/2019\/?p=25288"},"modified":"2020-05-06T13:27:30","modified_gmt":"2020-05-06T13:27:30","slug":"mercado-global-e-senso-comum-em-tempo-de-pandemia","status":"publish","type":"post","link":"https:\/\/jorgezanoni.com.br\/2019\/mercado-global-e-senso-comum-em-tempo-de-pandemia\/","title":{"rendered":"Mercado Global e senso comum em tempo de Pandemia&#8230;"},"content":{"rendered":"<p style=\"text-align: justify;\"><strong>MERCADO GLOBAL E SENSO COMUM EM TEMPO DE PANDEMIA&#8230;<\/strong><\/p>\n<p style=\"text-align: justify;\"><em>\u201cO senso comum diz-nos que a terra \u00e9 im\u00f3vel, que o sol gira \u00e0 sua volta e que os homens que vivem nos ant\u00edpodas andam de cabe\u00e7a para baixo.\u201d (<a href=\"https:\/\/www.pensador.com\/autor\/anatole_france\/\">Anatole France<\/a>)<\/em><\/p>\n<p style=\"text-align: justify;\"><em>\u201cO que est\u00e1 ruim, pode ficar ainda pior.\u201d (Mercado Financeiro)<\/em><\/p>\n<p style=\"text-align: justify;\"><em>\u201cTeremos de mudar a forma como vivemos neste planeta. Se n\u00e3o o fizermos, vamos pagar um pre\u00e7o muito alto.\u201d (Pandemia)<\/em><\/p>\n<p style=\"text-align: justify;\"><strong><em>S\u00e9rgio Barbosa (*)<\/em><\/strong><\/p>\n<p style=\"text-align: justify;\">A maioria das pessoas em n\u00edvel mundial continua sendo mediadas pelo denominado SENSO COMUM, ainda, de acordo com PESQUISAS DE MERCADO aplicadas neste cen\u00e1rio e de acordo com os objetivos organizacionais em tempo de P\u00f3s-Globaliza\u00e7\u00e3o Midi\u00e1tica&#8230;<\/p>\n<p style=\"text-align: justify;\">Pode ser que os MECANISMOS de aplica\u00e7\u00e3o estejam direcionados ou manipulados em fun\u00e7\u00e3o dos interesses de cada ORGANIZA\u00c7\u00c3O, por\u00e9m, faz-se necess\u00e1rio estar em conex\u00e3o com os resultados para uma AVALIA\u00c7\u00c3O sobre os CEN\u00c1RIOS do MERCADO em n\u00edvel GLOCAL, ou seja,, do GLOBAL para o LOCAL&#8230;<\/p>\n<p style=\"text-align: justify;\">As PROPOSTAS MERCADOL\u00d3GICAS est\u00e3o disponibilizadas para as mais diversas PESQUISAS em todas as \u00e1reas em que as ORGANIZA\u00c7\u00d5ES atuam e desenvolvem seus PRODUTOS ou SERVI\u00c7OS&#8230;<\/p>\n<p style=\"text-align: justify;\">Desta forma, torna-se mais do que complicado aceitar as propostas patrocinadas pelo SENSO COMUM, tendo em vista as alternativas existentes para o MERCADO e o respectivo P\u00daBLICO ALVO&#8230;<\/p>\n<p style=\"text-align: justify;\">Em tempo de PANDEMIA, as ORGANIZA\u00c7\u00d5ES devem estar em conex\u00e3o com os fatos que est\u00e3o ocorrendo em n\u00edvel MUNDIAL, ainda, faz-se necess\u00e1rio estar em ESTADO DE ALERTA, ao mesmo tempo, INVESTIR em ATIVIDADES ESTRAT\u00c9GICAS por meio do MARKETING ORGAIZACIONAL em tempo de P\u00d3S-GLOBALIZA\u00c7\u00c3O MIDI\u00c1TICA&#8230;<\/p>\n<p style=\"text-align: justify;\">A REALIDADE est\u00e1 mostrando que todos os MERCADOS est\u00e3o comprometidos pelos resultados decorrentes desta PANDEMIA GLOBAL, portanto, as ORGANIZA\u00c7\u00d5ES est\u00e3o envolvidas por meio das exig\u00eancias mercadol\u00f3gicas em tempo de P\u00f3s-Globaliza\u00e7\u00e3o Midi\u00e1tica&#8230;<\/p>\n<p style=\"text-align: justify;\">De acordo com a maioria dos ANALISTAS DE MERCADO, as atividades em todas as \u00e1reas que atuam no MERCADO GLOBAL, ter\u00e3o que alterar suas ESTRAT\u00c9GIAS em busca da readapta\u00e7\u00e3o, ainda, desenvolvendo METODOLOGIAS de acordo com as NOVAS EXIG\u00caNCIAS deste MERCADO&#8230;<\/p>\n<p style=\"text-align: justify;\">Portanto, faz-se necess\u00e1rio estar em CONEX\u00c3O com os FATOS que est\u00e3o ocorrendo, bem como, levar em considera\u00e7\u00e3o o PASSADO e aprender tudo o que for poss\u00edvel com os ERROS patrocinados pelo SENSO COMUM destes \u00faltimos meses em n\u00edvel GLOCAL&#8230;<\/p>\n<p style=\"text-align: justify;\">Desta forma, as ORGANIZA\u00c7\u00d5ES est\u00e3o compartilhando todas as A\u00c7\u00d5ES e RESULTADOS dos avan\u00e7os, bem como, retrocessos do MERCADO em tempo de PANDEMIA GLOBAL&#8230;<\/p>\n<p style=\"text-align: justify;\">QUEM SOBREVIVER VAI SABER&#8230;<\/p>\n<p style=\"text-align: justify;\"><strong><em>___________________________<\/em><\/strong><\/p>\n<p style=\"text-align: justify;\"><strong><em>(*) jornalista diplomado, professor universit\u00e1rio e consultor na \u00e1rea da comunica\u00e7\u00e3o organizacional. <\/em><\/strong><\/p>\n","protected":false},"excerpt":{"rendered":"<p>MERCADO GLOBAL E SENSO COMUM EM TEMPO DE PANDEMIA&#8230; \u201cO senso comum diz-nos que a terra \u00e9 im\u00f3vel, que o sol gira \u00e0 sua volta e que os homens que vivem nos ant\u00edpodas andam de cabe\u00e7a para baixo.\u201d (Anatole France) \u201cO que est\u00e1 ruim, pode ficar ainda pior.\u201d (Mercado Financeiro) \u201cTeremos de mudar a forma [&hellip;]<\/p>\n","protected":false},"author":1,"featured_media":25289,"comment_status":"closed","ping_status":"open","sticky":false,"template":"","format":"standard","meta":{"footnotes":""},"categories":[175],"tags":[],"class_list":["post-25288","post","type-post","status-publish","format-standard","has-post-thumbnail","hentry","category-artigos"],"_links":{"self":[{"href":"https:\/\/jorgezanoni.com.br\/2019\/wp-json\/wp\/v2\/posts\/25288","targetHints":{"allow":["GET"]}}],"collection":[{"href":"https:\/\/jorgezanoni.com.br\/2019\/wp-json\/wp\/v2\/posts"}],"about":[{"href":"https:\/\/jorgezanoni.com.br\/2019\/wp-json\/wp\/v2\/types\/post"}],"author":[{"embeddable":true,"href":"https:\/\/jorgezanoni.com.br\/2019\/wp-json\/wp\/v2\/users\/1"}],"replies":[{"embeddable":true,"href":"https:\/\/jorgezanoni.com.br\/2019\/wp-json\/wp\/v2\/comments?post=25288"}],"version-history":[{"count":0,"href":"https:\/\/jorgezanoni.com.br\/2019\/wp-json\/wp\/v2\/posts\/25288\/revisions"}],"wp:featuredmedia":[{"embeddable":true,"href":"https:\/\/jorgezanoni.com.br\/2019\/wp-json\/wp\/v2\/media\/25289"}],"wp:attachment":[{"href":"https:\/\/jorgezanoni.com.br\/2019\/wp-json\/wp\/v2\/media?parent=25288"}],"wp:term":[{"taxonomy":"category","embeddable":true,"href":"https:\/\/jorgezanoni.com.br\/2019\/wp-json\/wp\/v2\/categories?post=25288"},{"taxonomy":"post_tag","embeddable":true,"href":"https:\/\/jorgezanoni.com.br\/2019\/wp-json\/wp\/v2\/tags?post=25288"}],"curies":[{"name":"wp","href":"https:\/\/api.w.org\/{rel}","templated":true}]}}