{"id":25285,"date":"2020-05-06T13:13:00","date_gmt":"2020-05-06T13:13:00","guid":{"rendered":"https:\/\/jorgezanoni.com.br\/2019\/?p=25285"},"modified":"2020-05-06T13:13:00","modified_gmt":"2020-05-06T13:13:00","slug":"cee-sp-renova-reconhecimento-do-curso-de-pedagogia-da-unifadra-dracena-por-5-anos-tempo-maximo","status":"publish","type":"post","link":"https:\/\/jorgezanoni.com.br\/2019\/cee-sp-renova-reconhecimento-do-curso-de-pedagogia-da-unifadra-dracena-por-5-anos-tempo-maximo\/","title":{"rendered":"CEE\/SP renova reconhecimento do curso de Pedagogia da Unifadra Dracena por 5 anos, tempo m\u00e1ximo"},"content":{"rendered":"<p style=\"text-align: justify;\">O Conselho Estadual de Educa\u00e7\u00e3o de S\u00e3o Paulo (CEE\/SP) renovou o reconhecimento do curso de Pedagogia da Unifadra por cinco anos, tempo m\u00e1ximo nas avalia\u00e7\u00f5es de cursos superiores.<br \/>\nO Prof. Dr. Enio Garbelini, diretor acad\u00eamico da Unifadra, destacou que a Unifadra segue uma matriz curricular atualizada e preparada por excelentes profissionais, o que coloca a faculdade como refer\u00eancia.<br \/>\nGarbelini explicou que todos os cursos superiores s\u00e3o avaliados periodicamente pelo CEE\/SP e que, no m\u00eas de novembro, especialistas designados pelo CEE\/SP estiveram na Unifadra avaliando a infraestrutura do curso, a qualifica\u00e7\u00e3o do corpo docente e o projeto pedag\u00f3gico. \u00a0O parecer da renova\u00e7\u00e3o foi expedido pelo CEE\/SP no dia 30 de abril. \u201cEssas avalia\u00e7\u00f5es comprovam o nosso comprometimento e a nossa qualidade\u201d, comentou a coordenadora de Pedagogia da Unifadra Profa. Dra. Vanessa Andreto.<br \/>\nAndreto destacou seu agradecimento \u00e0s conselheiras do CEE\/SP Rose Neubauer (ex-secret\u00e1ria de Educa\u00e7\u00e3o do Estado de S\u00e3o Paulo) e Guiomar Namo de Melo, que sempre oferecem suporte t\u00e9cnico e pedag\u00f3gico para o bom andamento das atividades do curso.<br \/>\nAcompanhando as constantes evolu\u00e7\u00f5es, o curso de Pedagogia da Unifadra \u00e9 atualizado, com corpo docente titulado e qualificado. S\u00e3o oferecidas oportunidades de viv\u00eancia da pr\u00e1tica profissional em projetos que aliam ensino, pesquisa e extens\u00e3o, como exemplificado pelos diversos eventos promovidos pelo curso e pelos projetos como o Inclus\u00e3o Digital e PIBID.<br \/>\nO diretor executivo da Fundec Edson Kai, o diretor acad\u00eamico da Unifadra Prof. Dr. Enio Garbelini e a professora Dra. Vanessa Andreto, coordenadora do curso, parabenizam o corpo docente pela dedica\u00e7\u00e3o e pelo trabalho desenvolvido no curso; a administra\u00e7\u00e3o, os colaboradores e os alunos por mais esta conquista da Unifadra\/Fundec, que se desponta cada vez mais em todo o pa\u00eds.<\/p>\n<p>Foto: Profa. Dra. Vanessa Andreto, coordenadora do curso de Pedagogia da Unifadra\/Fundec de Dracena.<\/p>\n<p style=\"text-align: justify;\">Fonte: Assessoria Unifadra\/Fundec<\/p>\n","protected":false},"excerpt":{"rendered":"<p>O Conselho Estadual de Educa\u00e7\u00e3o de S\u00e3o Paulo (CEE\/SP) renovou o reconhecimento do curso de Pedagogia da Unifadra por cinco anos, tempo m\u00e1ximo nas avalia\u00e7\u00f5es de cursos superiores. O Prof. Dr. Enio Garbelini, diretor acad\u00eamico da Unifadra, destacou que a Unifadra segue uma matriz curricular atualizada e preparada por excelentes profissionais, o que coloca a [&hellip;]<\/p>\n","protected":false},"author":1,"featured_media":25286,"comment_status":"closed","ping_status":"open","sticky":false,"template":"","format":"standard","meta":{"footnotes":""},"categories":[122],"tags":[],"class_list":["post-25285","post","type-post","status-publish","format-standard","has-post-thumbnail","hentry","category-saudeeducacaoeconcurso"],"_links":{"self":[{"href":"https:\/\/jorgezanoni.com.br\/2019\/wp-json\/wp\/v2\/posts\/25285","targetHints":{"allow":["GET"]}}],"collection":[{"href":"https:\/\/jorgezanoni.com.br\/2019\/wp-json\/wp\/v2\/posts"}],"about":[{"href":"https:\/\/jorgezanoni.com.br\/2019\/wp-json\/wp\/v2\/types\/post"}],"author":[{"embeddable":true,"href":"https:\/\/jorgezanoni.com.br\/2019\/wp-json\/wp\/v2\/users\/1"}],"replies":[{"embeddable":true,"href":"https:\/\/jorgezanoni.com.br\/2019\/wp-json\/wp\/v2\/comments?post=25285"}],"version-history":[{"count":0,"href":"https:\/\/jorgezanoni.com.br\/2019\/wp-json\/wp\/v2\/posts\/25285\/revisions"}],"wp:featuredmedia":[{"embeddable":true,"href":"https:\/\/jorgezanoni.com.br\/2019\/wp-json\/wp\/v2\/media\/25286"}],"wp:attachment":[{"href":"https:\/\/jorgezanoni.com.br\/2019\/wp-json\/wp\/v2\/media?parent=25285"}],"wp:term":[{"taxonomy":"category","embeddable":true,"href":"https:\/\/jorgezanoni.com.br\/2019\/wp-json\/wp\/v2\/categories?post=25285"},{"taxonomy":"post_tag","embeddable":true,"href":"https:\/\/jorgezanoni.com.br\/2019\/wp-json\/wp\/v2\/tags?post=25285"}],"curies":[{"name":"wp","href":"https:\/\/api.w.org\/{rel}","templated":true}]}}