{"id":25262,"date":"2020-05-05T23:56:02","date_gmt":"2020-05-05T23:56:02","guid":{"rendered":"https:\/\/jorgezanoni.com.br\/2019\/?p=25262"},"modified":"2020-05-05T23:56:02","modified_gmt":"2020-05-05T23:56:02","slug":"25o-bpm-i-recebe-doacao-de-mascaras-do-sos-dracena","status":"publish","type":"post","link":"https:\/\/jorgezanoni.com.br\/2019\/25o-bpm-i-recebe-doacao-de-mascaras-do-sos-dracena\/","title":{"rendered":"25\u00ba BPM\/I recebe doa\u00e7\u00e3o de M\u00e1scaras do &#8216;SOS&#8221; Dracena&#8221;"},"content":{"rendered":"<p style=\"text-align: justify;\">JUNTOS SOMOS MAIS FORTES: 25\u00ba BPM\/I, RECEBE DOA\u00c7\u00c3O DE MASCARAS DO \u201cSOS DRACENA\u201d.<\/p>\n<p style=\"text-align: justify;\">A fim de fortalecer as a\u00e7\u00f5es de combate ao Covid-19, um grupo de empres\u00e1rios de Dracena, representados no momento da entrega pela empres\u00e1ria Daniele Massoka, se mobilizaram em uma campanha e confeccionaram m\u00e1scaras de tecido para ser doada a popula\u00e7\u00e3o dracenense.<br \/>\nNa tarde desta ter\u00e7a-feira (05), o 25\u00ba BPM\/I, foi contemplado com essa doa\u00e7\u00e3o, onde o Capit\u00e3o Cavalcante, comandante da 1 Companhia Dracena e Major PM Ivan, comandante Interino do Batalh\u00e3o, recebeu aproximadamente 280 mascaras que ser\u00e3o distribu\u00eddas aos policiais respons\u00e1veis pelo policiamento de Dracena.<\/p>\n<p style=\"text-align: justify;\"><a class=\"_58cn\" href=\"https:\/\/www.facebook.com\/hashtag\/25bpmi?source=feed_text&amp;epa=HASHTAG&amp;__xts__%5B0%5D=68.ARCsD-8MZJUpUgGQccouKyTVkQt_za1_CD_tzCd0fXS2nv-9qkXYTDJjCuf_cykLLTzXJFJRF7H3G1ies31d_Zi6gvMcITBYen5zE61BbGpLwu-1PB8rFBFicThJrA9GDCNPtoS6Hk9jn4oI4QvbqXEpLxbDKdiB2r93UJSywEOZWMbLqMWH7bBtpiQjE07j4tFgk_iyKQXi5XFL18vqPxtGVWE6cZaEzHete89Hc-yGTVI16wwIWxF6J2Am9qchJVNGda2VrAIlHiKrDKzAmiXvdDaidhJhUu9Tn2qMwQRlKCs_3xj0nXIXHnDAzk7sql2lzwobmOCpght9-sQjKb4&amp;__tn__=%2ANK-R\" data-ft=\"{&quot;type&quot;:104,&quot;tn&quot;:&quot;*N&quot;}\"><span class=\"_5afx\"><span class=\"_58cl _5afz\" aria-label=\"hashtag\">#<\/span><span class=\"_58cm\">25BPMI<\/span><\/span><\/a><br \/>\n<a class=\"_58cn\" href=\"https:\/\/www.facebook.com\/hashtag\/policiamilitarsp?source=feed_text&amp;epa=HASHTAG&amp;__xts__%5B0%5D=68.ARCsD-8MZJUpUgGQccouKyTVkQt_za1_CD_tzCd0fXS2nv-9qkXYTDJjCuf_cykLLTzXJFJRF7H3G1ies31d_Zi6gvMcITBYen5zE61BbGpLwu-1PB8rFBFicThJrA9GDCNPtoS6Hk9jn4oI4QvbqXEpLxbDKdiB2r93UJSywEOZWMbLqMWH7bBtpiQjE07j4tFgk_iyKQXi5XFL18vqPxtGVWE6cZaEzHete89Hc-yGTVI16wwIWxF6J2Am9qchJVNGda2VrAIlHiKrDKzAmiXvdDaidhJhUu9Tn2qMwQRlKCs_3xj0nXIXHnDAzk7sql2lzwobmOCpght9-sQjKb4&amp;__tn__=%2ANK-R\" data-ft=\"{&quot;type&quot;:104,&quot;tn&quot;:&quot;*N&quot;}\"><span class=\"_5afx\"><span class=\"_58cl _5afz\" aria-label=\"hashtag\">#<\/span><span class=\"_58cm\">POLICIAMILITARSP<\/span><\/span><\/a><br \/>\n<a class=\"_58cn\" href=\"https:\/\/www.facebook.com\/hashtag\/afor%C3%A7ap%C3%BAblicades%C3%A3opaulo?source=feed_text&amp;epa=HASHTAG&amp;__xts__%5B0%5D=68.ARCsD-8MZJUpUgGQccouKyTVkQt_za1_CD_tzCd0fXS2nv-9qkXYTDJjCuf_cykLLTzXJFJRF7H3G1ies31d_Zi6gvMcITBYen5zE61BbGpLwu-1PB8rFBFicThJrA9GDCNPtoS6Hk9jn4oI4QvbqXEpLxbDKdiB2r93UJSywEOZWMbLqMWH7bBtpiQjE07j4tFgk_iyKQXi5XFL18vqPxtGVWE6cZaEzHete89Hc-yGTVI16wwIWxF6J2Am9qchJVNGda2VrAIlHiKrDKzAmiXvdDaidhJhUu9Tn2qMwQRlKCs_3xj0nXIXHnDAzk7sql2lzwobmOCpght9-sQjKb4&amp;__tn__=%2ANK-R\" data-ft=\"{&quot;type&quot;:104,&quot;tn&quot;:&quot;*N&quot;}\"><span class=\"_5afx\"><span class=\"_58cl _5afz\" aria-label=\"hashtag\">#<\/span><span class=\"_58cm\">AFOR\u00c7AP\u00daBLICADES\u00c3OPAULO<\/span><\/span><\/a><\/p>\n","protected":false},"excerpt":{"rendered":"<p>JUNTOS SOMOS MAIS FORTES: 25\u00ba BPM\/I, RECEBE DOA\u00c7\u00c3O DE MASCARAS DO \u201cSOS DRACENA\u201d. A fim de fortalecer as a\u00e7\u00f5es de combate ao Covid-19, um grupo de empres\u00e1rios de Dracena, representados no momento da entrega pela empres\u00e1ria Daniele Massoka, se mobilizaram em uma campanha e confeccionaram m\u00e1scaras de tecido para ser doada a popula\u00e7\u00e3o dracenense. Na [&hellip;]<\/p>\n","protected":false},"author":1,"featured_media":25263,"comment_status":"closed","ping_status":"open","sticky":false,"template":"","format":"standard","meta":{"footnotes":""},"categories":[118],"tags":[],"class_list":["post-25262","post","type-post","status-publish","format-standard","has-post-thumbnail","hentry","category-religiaoesolidariedade"],"_links":{"self":[{"href":"https:\/\/jorgezanoni.com.br\/2019\/wp-json\/wp\/v2\/posts\/25262","targetHints":{"allow":["GET"]}}],"collection":[{"href":"https:\/\/jorgezanoni.com.br\/2019\/wp-json\/wp\/v2\/posts"}],"about":[{"href":"https:\/\/jorgezanoni.com.br\/2019\/wp-json\/wp\/v2\/types\/post"}],"author":[{"embeddable":true,"href":"https:\/\/jorgezanoni.com.br\/2019\/wp-json\/wp\/v2\/users\/1"}],"replies":[{"embeddable":true,"href":"https:\/\/jorgezanoni.com.br\/2019\/wp-json\/wp\/v2\/comments?post=25262"}],"version-history":[{"count":0,"href":"https:\/\/jorgezanoni.com.br\/2019\/wp-json\/wp\/v2\/posts\/25262\/revisions"}],"wp:featuredmedia":[{"embeddable":true,"href":"https:\/\/jorgezanoni.com.br\/2019\/wp-json\/wp\/v2\/media\/25263"}],"wp:attachment":[{"href":"https:\/\/jorgezanoni.com.br\/2019\/wp-json\/wp\/v2\/media?parent=25262"}],"wp:term":[{"taxonomy":"category","embeddable":true,"href":"https:\/\/jorgezanoni.com.br\/2019\/wp-json\/wp\/v2\/categories?post=25262"},{"taxonomy":"post_tag","embeddable":true,"href":"https:\/\/jorgezanoni.com.br\/2019\/wp-json\/wp\/v2\/tags?post=25262"}],"curies":[{"name":"wp","href":"https:\/\/api.w.org\/{rel}","templated":true}]}}