{"id":2520,"date":"2019-08-01T01:49:36","date_gmt":"2019-08-01T01:49:36","guid":{"rendered":"https:\/\/jorgezanoni.com.br\/2019\/?p=2520"},"modified":"2019-08-01T01:49:36","modified_gmt":"2019-08-01T01:49:36","slug":"concursos-publicos-no-oeste-paulista-visam-preencher-vagas-em-diversas-areas-de-atuacao","status":"publish","type":"post","link":"https:\/\/jorgezanoni.com.br\/2019\/concursos-publicos-no-oeste-paulista-visam-preencher-vagas-em-diversas-areas-de-atuacao\/","title":{"rendered":"Concursos p\u00fablicos no Oeste Paulista visam preencher vagas em diversas \u00e1reas de atua\u00e7\u00e3o"},"content":{"rendered":"<h2 class=\"content-head__subtitle\" style=\"text-align: justify;\"><strong>Jornadas de trabalho, benef\u00edcios, fun\u00e7\u00f5es e sal\u00e1rios variam de acordo com o cargo pretendido.<\/strong><\/h2>\n<div class=\"mc-column content-text active-extra-styles active-capital-letter\" style=\"text-align: justify;\" data-block-type=\"unstyled\" data-block-weight=\"13\" data-block-id=\"1\">\n<p class=\"content-text__container theme-color-primary-first-letter\" data-track-category=\"Link no Texto\" data-track-links=\"\">H\u00e1 diversos concursos p\u00fablicos e processos seletivos com inscri\u00e7\u00f5es abertas no Oeste Paulista.<\/p>\n<\/div>\n<div class=\"wall protected-content\">\n<div class=\"mc-column content-text active-extra-styles \" style=\"text-align: justify;\" data-block-type=\"unstyled\" data-block-weight=\"18\" data-block-id=\"2\">\n<p class=\"content-text__container \" data-track-category=\"Link no Texto\" data-track-links=\"\">As jornadas de trabalho, os benef\u00edcios, as fun\u00e7\u00f5es e os sal\u00e1rios variam de acordo com o cargo pretendido.<\/p>\n<\/div>\n<div class=\"mc-column content-text active-extra-styles \" style=\"text-align: justify;\" data-block-type=\"unstyled\" data-block-weight=\"3\" data-block-id=\"3\">\n<p class=\"content-text__container \" data-track-category=\"Link no Texto\" data-track-links=\"\">Confira as oportunidades:<\/p>\n<\/div>\n<div class=\"mc-column content-text active-extra-styles\" style=\"text-align: justify;\" data-block-type=\"raw\" data-block-weight=\"1\" data-block-id=\"4\">\n<div class=\"content-intertitle\">\n<h2>Nantes<\/h2>\n<\/div>\n<\/div>\n<div class=\"mc-column content-text active-extra-styles \" style=\"text-align: justify;\" data-block-type=\"unstyled\" data-block-weight=\"20\" data-block-id=\"5\">\n<p class=\"content-text__container \" data-track-category=\"Link no Texto\" data-track-links=\"\">A Prefeitura de Nantes tem processo seletivo com inscri\u00e7\u00f5es abertas para a forma\u00e7\u00e3o de cadastro reserva do quadro de pessoal.<\/p>\n<\/div>\n<div class=\"mc-column content-text active-extra-styles \" style=\"text-align: justify;\" data-block-type=\"unstyled\" data-block-weight=\"52\" data-block-id=\"6\">\n<p class=\"content-text__container \" data-track-category=\"Link no Texto\" data-track-links=\"\">Os cargos dispon\u00edveis s\u00e3o: agente comunit\u00e1rio \u2013 ACS \u2013 ESF; auxiliar de enfermagem \u2013 ESF; auxiliar de servi\u00e7os gerais; enfermeiro \u2013 ESF; inspetor de alunos; engenheiro civil; farmac\u00eautico; fisioterapeuta; fonoaudi\u00f3logo; m\u00e9dico \u2013 ESF; m\u00e9dico veterin\u00e1rio; motorista; nutricionista; PEB I e PEB II: artes, educa\u00e7\u00e3o f\u00edsica e ingl\u00eas; psic\u00f3logo; t\u00e9cnico agropecu\u00e1rio e vigia.<\/p>\n<\/div>\n<div class=\"mc-column content-text active-extra-styles \" style=\"text-align: justify;\" data-block-type=\"unstyled\" data-block-weight=\"28\" data-block-id=\"7\">\n<p class=\"content-text__container \" data-track-category=\"Link no Texto\" data-track-links=\"\">As inscri\u00e7\u00f5es podem ser feitas at\u00e9 11 de agosto, por meio do\u00a0<a href=\"https:\/\/www.primeconcursospublicos.com.br\/concurso\/116\/prefeitura-municipal-de-nantes-processo-seletivo\" target=\"_blank\" rel=\"noopener noreferrer\">site da banca organizadora<\/a>. A taxa de participa\u00e7\u00e3o varia de R$ 30 a R$ 60.<\/p>\n<\/div>\n<div class=\"mc-column content-text active-extra-styles \" style=\"text-align: justify;\" data-block-type=\"unstyled\" data-block-weight=\"35\" data-block-id=\"8\">\n<p class=\"content-text__container \" data-track-category=\"Link no Texto\" data-track-links=\"\">Os selecionados ter\u00e3o carga hor\u00e1ria que varia de 20 a 40 horas semanais e remunera\u00e7\u00e3o de R$ 1.130,27 a R$ 10.253,30; para os professores, o valor da hora\/aula varia de R$ 14,49 a R$ 17,38.<\/p>\n<\/div>\n<div class=\"mc-column content-text active-extra-styles \" style=\"text-align: justify;\" data-block-type=\"unstyled\" data-block-weight=\"8\" data-block-id=\"9\">\n<p class=\"content-text__container \" data-track-category=\"Link no Texto\" data-track-links=\"\">Os requisitos variam conforme o cargo escolhido.<\/p>\n<\/div>\n<div class=\"mc-column content-text active-extra-styles \" style=\"text-align: justify;\" data-block-type=\"unstyled\" data-block-weight=\"13\" data-block-id=\"10\">\n<p class=\"content-text__container \" data-track-category=\"Link no Texto\" data-track-links=\"\">A aplica\u00e7\u00e3o da prova objetiva est\u00e1 prevista para 15 de setembro de 2019.<\/p>\n<\/div>\n<div class=\"mc-column content-text active-extra-styles \" style=\"text-align: justify;\" data-block-type=\"unstyled\" data-block-weight=\"8\" data-block-id=\"11\">\n<p class=\"content-text__container \" data-track-category=\"Link no Texto\" data-track-links=\"\">Mais detalhes podem ser consultados no\u00a0<a href=\"https:\/\/www.primeconcursospublicos.com.br\/uploads\/arquivos\/7915626072019225144.pdf\" target=\"_blank\" rel=\"noopener noreferrer\">edital<\/a>.<\/p>\n<\/div>\n<div class=\"mc-column content-text active-extra-styles\" style=\"text-align: justify;\" data-block-type=\"raw\" data-block-weight=\"2\" data-block-id=\"12\">\n<div class=\"content-intertitle\">\n<h2>Regente Feij\u00f3<\/h2>\n<\/div>\n<\/div>\n<div class=\"mc-column content-text active-extra-styles \" style=\"text-align: justify;\" data-block-type=\"unstyled\" data-block-weight=\"43\" data-block-id=\"13\">\n<p class=\"content-text__container \" data-track-category=\"Link no Texto\" data-track-links=\"\">Tamb\u00e9m tem concurso p\u00fablico da Prefeitura de Regente Feij\u00f3. O certame \u00e9 voltado a profissionais que tenham n\u00edvel fundamental completo e Carteira Nacional de Habilita\u00e7\u00e3o \u2013 categoria &#8220;D&#8221;, uma vez que o objetivo \u00e9 a forma\u00e7\u00e3o de cadastro reserva na fun\u00e7\u00e3o de motorista.<\/p>\n<\/div>\n<div class=\"mc-column content-text active-extra-styles \" style=\"text-align: justify;\" data-block-type=\"unstyled\" data-block-weight=\"13\" data-block-id=\"14\">\n<p class=\"content-text__container \" data-track-category=\"Link no Texto\" data-track-links=\"\">A jornada ser\u00e1 de 40h semanais e a remunera\u00e7\u00e3o equivalente a R$ 1.035,43.<\/p>\n<\/div>\n<div class=\"mc-column content-text active-extra-styles \" style=\"text-align: justify;\" data-block-type=\"unstyled\" data-block-weight=\"29\" data-block-id=\"15\">\n<p class=\"content-text__container \" data-track-category=\"Link no Texto\" data-track-links=\"\">As inscri\u00e7\u00f5es devem ser feitas exclusivamente via internet, no\u00a0<a href=\"https:\/\/cmmconcursos.com.br\/editais\/ver\/2265\" target=\"_blank\" rel=\"noopener noreferrer\">site da banca organizadora<\/a>, at\u00e9 as 23h59 de 4 de agosto. A taxa a ser paga \u00e9 de R$ 40.<\/p>\n<\/div>\n<div class=\"mc-column content-text active-extra-styles \" style=\"text-align: justify;\" data-block-type=\"unstyled\" data-block-weight=\"23\" data-block-id=\"16\">\n<p class=\"content-text__container \" data-track-category=\"Link no Texto\" data-track-links=\"\">Este concurso p\u00fablico \u00e9 composto por provas objetiva e pr\u00e1tica, previstas para serem aplicadas em 18 de agosto e 1\u00ba de setembro, respectivamente.<\/p>\n<p class=\"content-text__container \" data-track-category=\"Link no Texto\" data-track-links=\"\">Veja o <a href=\"https:\/\/cdn.gestoreditais.com.br\/edital\/63\/2265\/e8bee23f11f450f3fef82edbf1d6efb1.pdf\" target=\"_blank\" rel=\"noopener noreferrer\">edital<\/a>\u00a0com mais detalhes.<\/p>\n<\/div>\n<div class=\"mc-column content-text active-extra-styles\" style=\"text-align: justify;\" data-block-type=\"raw\" data-block-weight=\"1\" data-block-id=\"19\">\n<div class=\"content-intertitle\">\n<h2>Iep\u00ea<\/h2>\n<\/div>\n<\/div>\n<div class=\"mc-column content-text active-extra-styles \" style=\"text-align: justify;\" data-block-type=\"unstyled\" data-block-weight=\"33\" data-block-id=\"20\">\n<p class=\"content-text__container \" data-track-category=\"Link no Texto\" data-track-links=\"\">O Hospital Municipal de Iep\u00ea visa contratar, por meio de concurso p\u00fablico, pessoas para os cargos de auxiliar de enfermagem (4); auxiliar de servi\u00e7os gerais (3); cozinheiro (1); enfermeiro (1) e escritur\u00e1rio (1).<\/p>\n<\/div>\n<div class=\"mc-column content-text active-extra-styles \" style=\"text-align: justify;\" data-block-type=\"unstyled\" data-block-weight=\"23\" data-block-id=\"21\">\n<p class=\"content-text__container \" data-track-category=\"Link no Texto\" data-track-links=\"\">Os sal\u00e1rios variam entre R$ 1.056,30 e R$ 2.914,27, conforme o cargo escolhido. A carga hor\u00e1ria de trabalho \u00e9 de 40 horas semanais.<\/p>\n<\/div>\n<div class=\"mc-column content-text active-extra-styles \" style=\"text-align: justify;\" data-block-type=\"unstyled\" data-block-weight=\"21\" data-block-id=\"22\">\n<p class=\"content-text__container \" data-track-category=\"Link no Texto\" data-track-links=\"\">As inscri\u00e7\u00f5es podem ser at\u00e9 13 de agosto, pela\u00a0<a href=\"https:\/\/www.consesp.com.br\/site\/index.php?pg=concursos\/info&amp;codigo=3309\" target=\"_blank\" rel=\"noopener noreferrer\">internet<\/a>. A taxa de participa\u00e7\u00e3o \u00e9 de R$ 20.<\/p>\n<\/div>\n<div class=\"mc-column content-text active-extra-styles \" style=\"text-align: justify;\" data-block-type=\"unstyled\" data-block-weight=\"19\" data-block-id=\"23\">\n<p class=\"content-text__container \" data-track-category=\"Link no Texto\" data-track-links=\"\">A prova objetiva est\u00e1 prevista para ser aplicada em 15 de setembro, \u00e0s 8h, em local a ser divulgado.<\/p>\n<\/div>\n<div class=\"mc-column content-text active-extra-styles \" style=\"text-align: justify;\" data-block-type=\"unstyled\" data-block-weight=\"10\" data-block-id=\"24\">\n<p class=\"content-text__container \" data-track-category=\"Link no Texto\" data-track-links=\"\">O\u00a0<a href=\"https:\/\/www.consesp.com.br\/imagens_arquivos\/concursos\/arquivos\/3309_iepe0012019hospital.pdf\" target=\"_blank\" rel=\"noopener noreferrer\">edital\u00a0<\/a>j\u00e1 est\u00e1 dispon\u00edvel para mais informa\u00e7\u00f5es.<\/p>\n<\/div>\n<div class=\"mc-column content-text active-extra-styles\" style=\"text-align: justify;\" data-block-type=\"raw\" data-block-weight=\"1\" data-block-id=\"25\">\n<div class=\"content-intertitle\">\n<h2>Pacaembu<\/h2>\n<\/div>\n<\/div>\n<div class=\"mc-column content-text active-extra-styles \" style=\"text-align: justify;\" data-block-type=\"unstyled\" data-block-weight=\"44\" data-block-id=\"26\">\n<p class=\"content-text__container \" data-track-category=\"Link no Texto\" data-track-links=\"\">A C\u00e2mara Municipal de Pacaembu, por meio de concurso p\u00fablico, visa preencher uma vaga no cargo de procurador jur\u00eddico. \u00c9 preciso gradua\u00e7\u00e3o em direito e registro na Ordem dos Advogados do Brasil (OAB) e tr\u00eas anos de efetivo exerc\u00edcio da advocacia para se candidatar.<\/p>\n<\/div>\n<div class=\"mc-column content-text active-extra-styles \" style=\"text-align: justify;\" data-block-type=\"unstyled\" data-block-weight=\"30\" data-block-id=\"27\">\n<p class=\"content-text__container \" data-track-category=\"Link no Texto\" data-track-links=\"\">As inscri\u00e7\u00f5es come\u00e7am \u00e0s 10h do dia 5 de agosto e seguem at\u00e9 as 16h de 20 de agosto, exclusivamente via\u00a0<a href=\"http:\/\/www.conscamweb.com.br\/concurso\/concursoMaisInformacoes.do?idInstituicao=84&amp;idConcurso=1\" target=\"_blank\" rel=\"noopener noreferrer\">internet<\/a>. A taxa de participa\u00e7\u00e3o \u00e9 de R$ 60.<\/p>\n<\/div>\n<div class=\"mc-column content-text active-extra-styles \" style=\"text-align: justify;\" data-block-type=\"unstyled\" data-block-weight=\"29\" data-block-id=\"28\">\n<p class=\"content-text__container \" data-track-category=\"Link no Texto\" data-track-links=\"\">O selecionado desempenhar\u00e1 atividades em carga hor\u00e1ria de 20h semanais e far\u00e1 jus ao vencimento base no valor de R$ 3.740 ao m\u00eas, mais o aux\u00edlio-alimenta\u00e7\u00e3o de R$ 300.<\/p>\n<\/div>\n<div class=\"mc-column content-text active-extra-styles \" style=\"text-align: justify;\" data-block-type=\"unstyled\" data-block-weight=\"28\" data-block-id=\"29\">\n<p class=\"content-text__container \" data-track-category=\"Link no Texto\" data-track-links=\"\">A classifica\u00e7\u00e3o dos participantes inscritos ser\u00e1 efetuada mediante prova objetivas, de car\u00e1ter eliminat\u00f3rio e classificat\u00f3rio, prevista para ser aplicada no dia 8 de setembro, a partir das 9h.<\/p>\n<\/div>\n<div class=\"mc-column content-text active-extra-styles \" style=\"text-align: justify;\" data-block-type=\"unstyled\" data-block-weight=\"7\" data-block-id=\"30\">\n<p class=\"content-text__container \" data-track-category=\"Link no Texto\" data-track-links=\"\">Mais detalhes podem ser consultados no\u00a0<a href=\"http:\/\/www.conscamweb.com.br\/concurso\/downloadAnexo.do?idAnexo=2530\" target=\"_blank\" rel=\"noopener noreferrer\">edital<\/a>.<\/p>\n<\/div>\n<div class=\"mc-column content-text active-extra-styles\" style=\"text-align: justify;\" data-block-type=\"raw\" data-block-weight=\"3\" data-block-id=\"31\">\n<div class=\"content-intertitle\">\n<h2>Auxiliar de Promotoria<\/h2>\n<\/div>\n<\/div>\n<div class=\"mc-column content-text active-extra-styles \" style=\"text-align: justify;\" data-block-type=\"unstyled\" data-block-weight=\"33\" data-block-id=\"32\">\n<p class=\"content-text__container \" data-track-category=\"Link no Texto\" data-track-links=\"\">O Minist\u00e9rio P\u00fablico de S\u00e3o Paulo est\u00e1 com inscri\u00e7\u00f5es abertas para o concurso p\u00fablico que visa preencher vagas no cargo de Auxiliar de Promotoria I (de n\u00edvel fundamental), com atua\u00e7\u00e3o na \u00e1rea administrativa.<\/p>\n<\/div>\n<div class=\"mc-column content-text active-extra-styles \" style=\"text-align: justify;\" data-block-type=\"unstyled\" data-block-weight=\"35\" data-block-id=\"33\">\n<p class=\"content-text__container \" data-track-category=\"Link no Texto\" data-track-links=\"\">De acordo com o documento publicado no Di\u00e1rio Oficial do Estado em junho, o certame disp\u00f5e de um total de 24 vagas nas regionais de diversas cidades do Estado. Em Presidente Prudente s\u00e3o duas vagas.<\/p>\n<\/div>\n<div class=\"mc-column content-text active-extra-styles \" style=\"text-align: justify;\" data-block-type=\"unstyled\" data-block-weight=\"47\" data-block-id=\"35\">\n<p class=\"content-text__container \" data-track-category=\"Link no Texto\" data-track-links=\"\">Para concorrer a uma das vagas, o candidato dever\u00e1 ter n\u00edvel fundamental completo. O sal\u00e1rio inicial do cargo \u00e9 de R$ 2.789,81, mais aux\u00edlio-alimenta\u00e7\u00e3o no valor de R$ 920 por m\u00eas e aux\u00edlio-transporte de R$ 14,96 por dia. A jornada de trabalho ser\u00e1 de 40 horas semanais.<\/p>\n<\/div>\n<div class=\"mc-column content-text active-extra-styles \" style=\"text-align: justify;\" data-block-type=\"unstyled\" data-block-weight=\"22\" data-block-id=\"36\">\n<p class=\"content-text__container \" data-track-category=\"Link no Texto\" data-track-links=\"\">As inscri\u00e7\u00f5es seguem at\u00e9 21 de agosto de 2019, por meio do\u00a0<a href=\"https:\/\/www.vunesp.com.br\/MPSP1902\" target=\"_blank\" rel=\"noopener noreferrer\">site da banca organizadora<\/a>. A taxa \u00e9 de R$ 80.<\/p>\n<\/div>\n<div class=\"mc-column content-text active-extra-styles \" style=\"text-align: justify;\" data-block-type=\"unstyled\" data-block-weight=\"30\" data-block-id=\"37\">\n<p class=\"content-text__container \" data-track-category=\"Link no Texto\" data-track-links=\"\">A aplica\u00e7\u00e3o da prova objetiva est\u00e1 prevista para ocorrer da 14h \u00e0s 17h30 de 17 de novembro, nas cidades sedes das \u00c1reas Regionais do Minist\u00e9rio P\u00fablico, entre elas, Presidente Prudente.<\/p>\n<\/div>\n<div class=\"mc-column content-text active-extra-styles \" style=\"text-align: justify;\" data-block-type=\"unstyled\" data-block-weight=\"36\" data-block-id=\"38\">\n<p class=\"content-text__container \" data-track-category=\"Link no Texto\" data-track-links=\"\">As provas contar\u00e3o com 60 quest\u00f5es, distribu\u00eddas entre as disciplinas de L\u00edngua Portuguesa (20), Matem\u00e1tica (15), Legisla\u00e7\u00e3o (5), Hist\u00f3ria (5), Geografia (5) e No\u00e7\u00f5es de Inform\u00e1tica (10). A prova objetiva ser\u00e1 de car\u00e1ter eliminat\u00f3rio e classificat\u00f3rio.<\/p>\n<\/div>\n<div class=\"mc-column content-text active-extra-styles \" style=\"text-align: justify;\" data-block-type=\"unstyled\" data-block-weight=\"4\" data-block-id=\"39\">\n<p class=\"content-text__container \" data-track-category=\"Link no Texto\" data-track-links=\"\">Mais informa\u00e7\u00f5es no\u00a0<a href=\"https:\/\/documento.vunesp.com.br\/documento\/stream\/MTA3ODQ0NA%3d%3d\" target=\"_blank\" rel=\"noopener noreferrer\">edital<\/a>.<\/p>\n<\/div>\n<div class=\"mc-column content-text active-extra-styles\" style=\"text-align: justify;\" data-block-type=\"raw\" data-block-weight=\"2\" data-block-id=\"40\">\n<div class=\"content-intertitle\">\n<h2>Conselheiro Tutelar<\/h2>\n<\/div>\n<\/div>\n<div class=\"mc-column content-text active-extra-styles \" style=\"text-align: justify;\" data-block-type=\"unstyled\" data-block-weight=\"24\" data-block-id=\"41\">\n<p class=\"content-text__container \" data-track-category=\"Link no Texto\" data-track-links=\"\">O Conselho Municipal dos Direitos da Crian\u00e7a e do Adolescente (CMDCA) de Mirante do Paranapanema anuncia novo processo seletivo para sele\u00e7\u00e3o de conselheiro tutelar.<\/p>\n<\/div>\n<div class=\"mc-column content-text active-extra-styles \" style=\"text-align: justify;\" data-block-type=\"unstyled\" data-block-weight=\"39\" data-block-id=\"42\">\n<p class=\"content-text__container \" data-track-category=\"Link no Texto\" data-track-links=\"\">As inscri\u00e7\u00f5es podem ser feitas at\u00e9 dia 2 de agosto no Centro de Atendimento a Popula\u00e7\u00e3o (CAP), localizado na Rua Am\u00e9lia Fussae Okubo, n\u00ba 580, no Centro, em Mirante do Paranapanema. A taxa de participa\u00e7\u00e3o \u00e9 de R$ 30.<\/p>\n<\/div>\n<div class=\"mc-column content-text active-extra-styles \" style=\"text-align: justify;\" data-block-type=\"unstyled\" data-block-weight=\"29\" data-block-id=\"43\">\n<p class=\"content-text__container \" data-track-category=\"Link no Texto\" data-track-links=\"\">O processo vai escolher cinco conselheiros tutelares, com remunera\u00e7\u00e3o de R$ 1.190 e carga hor\u00e1ria de 40 horas semanais com escalas de plant\u00f5es noturnos, feriados e finais de semana.<\/p>\n<\/div>\n<div data-track-category=\"multicontent\" data-track-action=\"ultimo chunk conteudo\" data-track-noninteraction=\"false\" data-track-scroll=\"view\">\n<div class=\"mc-column content-text active-extra-styles \" data-block-type=\"unstyled\" data-block-weight=\"14\" data-block-id=\"44\">\n<p class=\"content-text__container \" style=\"text-align: justify;\" data-track-category=\"Link no Texto\" data-track-links=\"\">Mais informa\u00e7\u00f5es podem ser consultadas no\u00a0<a href=\"http:\/\/www.klcconcursos.com.br\/index.php?pag=mco&amp;id=276\" target=\"_blank\" rel=\"noopener noreferrer\">site da banca organizadora<\/a>, bem como no\u00a0<a href=\"http:\/\/www.klcconcursos.com.br\/editais\/cb8333082a5874a4213ff094e526cdd5.pdf\" target=\"_blank\" rel=\"noopener noreferrer\">edital<\/a>.<\/p>\n<p style=\"text-align: justify;\" data-track-category=\"Link no Texto\" data-track-links=\"\">Fonte: G1<\/p>\n<\/div>\n<\/div>\n<\/div>\n","protected":false},"excerpt":{"rendered":"<p>Jornadas de trabalho, benef\u00edcios, fun\u00e7\u00f5es e sal\u00e1rios variam de acordo com o cargo pretendido. H\u00e1 diversos concursos p\u00fablicos e processos seletivos com inscri\u00e7\u00f5es abertas no Oeste Paulista. As jornadas de trabalho, os benef\u00edcios, as fun\u00e7\u00f5es e os sal\u00e1rios variam de acordo com o cargo pretendido. Confira as oportunidades: Nantes A Prefeitura de Nantes tem processo [&hellip;]<\/p>\n","protected":false},"author":1,"featured_media":2521,"comment_status":"closed","ping_status":"open","sticky":false,"template":"","format":"standard","meta":{"footnotes":""},"categories":[114,110],"tags":[],"class_list":["post-2520","post","type-post","status-publish","format-standard","has-post-thumbnail","hentry","category-geralecomercio","category-noticiasdestaque"],"_links":{"self":[{"href":"https:\/\/jorgezanoni.com.br\/2019\/wp-json\/wp\/v2\/posts\/2520","targetHints":{"allow":["GET"]}}],"collection":[{"href":"https:\/\/jorgezanoni.com.br\/2019\/wp-json\/wp\/v2\/posts"}],"about":[{"href":"https:\/\/jorgezanoni.com.br\/2019\/wp-json\/wp\/v2\/types\/post"}],"author":[{"embeddable":true,"href":"https:\/\/jorgezanoni.com.br\/2019\/wp-json\/wp\/v2\/users\/1"}],"replies":[{"embeddable":true,"href":"https:\/\/jorgezanoni.com.br\/2019\/wp-json\/wp\/v2\/comments?post=2520"}],"version-history":[{"count":0,"href":"https:\/\/jorgezanoni.com.br\/2019\/wp-json\/wp\/v2\/posts\/2520\/revisions"}],"wp:featuredmedia":[{"embeddable":true,"href":"https:\/\/jorgezanoni.com.br\/2019\/wp-json\/wp\/v2\/media\/2521"}],"wp:attachment":[{"href":"https:\/\/jorgezanoni.com.br\/2019\/wp-json\/wp\/v2\/media?parent=2520"}],"wp:term":[{"taxonomy":"category","embeddable":true,"href":"https:\/\/jorgezanoni.com.br\/2019\/wp-json\/wp\/v2\/categories?post=2520"},{"taxonomy":"post_tag","embeddable":true,"href":"https:\/\/jorgezanoni.com.br\/2019\/wp-json\/wp\/v2\/tags?post=2520"}],"curies":[{"name":"wp","href":"https:\/\/api.w.org\/{rel}","templated":true}]}}