{"id":25182,"date":"2020-05-04T21:27:40","date_gmt":"2020-05-04T21:27:40","guid":{"rendered":"https:\/\/jorgezanoni.com.br\/2019\/?p=25182"},"modified":"2020-05-04T21:27:40","modified_gmt":"2020-05-04T21:27:40","slug":"comunicado-da-emdaep-sobre-falta-de-agua-amanha-5-no-jardim-brasilandia","status":"publish","type":"post","link":"https:\/\/jorgezanoni.com.br\/2019\/comunicado-da-emdaep-sobre-falta-de-agua-amanha-5-no-jardim-brasilandia\/","title":{"rendered":"Comunicado da EMDAEP sobre falta de \u00c1gua amanh\u00e3 (5) no jardim Brasil\u00e2ndia"},"content":{"rendered":"<p style=\"text-align: justify;\">Comunicado\u00a0de\u00a0falta\u00a0de\u00a0\u00e1gua\u00a0na\u00a0regi\u00e3o\u00a0do\u00a0Jardim\u00a0Brasil\u00e2ndia<\/p>\n<p>A Emdaep anuncia para esta ter\u00e7a-feira (dia 5), no per\u00edodo da manh\u00e3, a recupera\u00e7\u00e3o de rede de \u00e1gua que rompeu na regi\u00e3o do Jardim Brasil\u00e2ndia.<br \/>\nDever\u00e1 faltar \u00e1gua no Jardim Brasil\u00e2ndia, Bairros Jo\u00e3o Vendramim, Paulo Vendramim, Nossa Senhora Aparecida e Portal dos Girass\u00f3is, entre outros.<br \/>\nA Emdaep refor\u00e7a a import\u00e2ncia de todo im\u00f3vel possuir reservat\u00f3rio pr\u00f3prio de \u00e1gua para superar problemas de recupera\u00e7\u00e3o na rede p\u00fablica de abastecimento.<br \/>\nA\u00a0Emdaep\u00a0ter\u00e1\u00a0plant\u00e3o\u00a0nos\u00a0telefones\u00a03821-1146\u00a0e\u00a03821-4110.<\/p>\n<p>Ass.\u00a0Rela\u00e7\u00f5es\u00a0P\u00fablicas\u00a0da\u00a0Emdaep<\/p>\n","protected":false},"excerpt":{"rendered":"<p>Comunicado\u00a0de\u00a0falta\u00a0de\u00a0\u00e1gua\u00a0na\u00a0regi\u00e3o\u00a0do\u00a0Jardim\u00a0Brasil\u00e2ndia A Emdaep anuncia para esta ter\u00e7a-feira (dia 5), no per\u00edodo da manh\u00e3, a recupera\u00e7\u00e3o de rede de \u00e1gua que rompeu na regi\u00e3o do Jardim Brasil\u00e2ndia. Dever\u00e1 faltar \u00e1gua no Jardim Brasil\u00e2ndia, Bairros Jo\u00e3o Vendramim, Paulo Vendramim, Nossa Senhora Aparecida e Portal dos Girass\u00f3is, entre outros. A Emdaep refor\u00e7a a import\u00e2ncia de todo im\u00f3vel possuir [&hellip;]<\/p>\n","protected":false},"author":1,"featured_media":25183,"comment_status":"closed","ping_status":"open","sticky":false,"template":"","format":"standard","meta":{"footnotes":""},"categories":[179,184,110],"tags":[],"class_list":["post-25182","post","type-post","status-publish","format-standard","has-post-thumbnail","hentry","category-cidadeseregiao","category-dracena","category-noticiasdestaque"],"_links":{"self":[{"href":"https:\/\/jorgezanoni.com.br\/2019\/wp-json\/wp\/v2\/posts\/25182","targetHints":{"allow":["GET"]}}],"collection":[{"href":"https:\/\/jorgezanoni.com.br\/2019\/wp-json\/wp\/v2\/posts"}],"about":[{"href":"https:\/\/jorgezanoni.com.br\/2019\/wp-json\/wp\/v2\/types\/post"}],"author":[{"embeddable":true,"href":"https:\/\/jorgezanoni.com.br\/2019\/wp-json\/wp\/v2\/users\/1"}],"replies":[{"embeddable":true,"href":"https:\/\/jorgezanoni.com.br\/2019\/wp-json\/wp\/v2\/comments?post=25182"}],"version-history":[{"count":0,"href":"https:\/\/jorgezanoni.com.br\/2019\/wp-json\/wp\/v2\/posts\/25182\/revisions"}],"wp:featuredmedia":[{"embeddable":true,"href":"https:\/\/jorgezanoni.com.br\/2019\/wp-json\/wp\/v2\/media\/25183"}],"wp:attachment":[{"href":"https:\/\/jorgezanoni.com.br\/2019\/wp-json\/wp\/v2\/media?parent=25182"}],"wp:term":[{"taxonomy":"category","embeddable":true,"href":"https:\/\/jorgezanoni.com.br\/2019\/wp-json\/wp\/v2\/categories?post=25182"},{"taxonomy":"post_tag","embeddable":true,"href":"https:\/\/jorgezanoni.com.br\/2019\/wp-json\/wp\/v2\/tags?post=25182"}],"curies":[{"name":"wp","href":"https:\/\/api.w.org\/{rel}","templated":true}]}}