{"id":25178,"date":"2020-05-04T20:11:57","date_gmt":"2020-05-04T20:11:57","guid":{"rendered":"https:\/\/jorgezanoni.com.br\/2019\/?p=25178"},"modified":"2020-05-04T20:12:32","modified_gmt":"2020-05-04T20:12:32","slug":"sargentos-da-policia-militar-tem-dia-especialmente-dedicado-a-eles","status":"publish","type":"post","link":"https:\/\/jorgezanoni.com.br\/2019\/sargentos-da-policia-militar-tem-dia-especialmente-dedicado-a-eles\/","title":{"rendered":"Sargentos da Pol\u00edcia Militar tem dia especialmente dedicado a eles"},"content":{"rendered":"<h1 class=\"title document-title\" style=\"text-align: justify;\"><strong>Lei 17202\/19 | Lei n\u00ba 17.202, de 4 de novembro de 2019 de S\u00e3o Paulo.<\/strong><\/h1>\n<div style=\"width: 696px;\" class=\"wp-video\"><video class=\"wp-video-shortcode\" id=\"video-25178-1\" width=\"696\" height=\"392\" preload=\"metadata\" controls=\"controls\"><source type=\"video\/mp4\" src=\"https:\/\/jorgezanoni.com.br\/2019\/wp-content\/uploads\/2020\/05\/WhatsApp-Video-2020-05-04-at-16.51.23.mp4?_=1\" \/><a href=\"https:\/\/jorgezanoni.com.br\/2019\/wp-content\/uploads\/2020\/05\/WhatsApp-Video-2020-05-04-at-16.51.23.mp4\">https:\/\/jorgezanoni.com.br\/2019\/wp-content\/uploads\/2020\/05\/WhatsApp-Video-2020-05-04-at-16.51.23.mp4<\/a><\/video><\/div>\n<div class=\"eme \">\n<h2 style=\"text-align: justify;\">Institui o \u201cDia do Sargento\u201d.<\/h2>\n<\/div>\n<div class=\"car \" style=\"text-align: justify;\">\n<p id=\"\">O GOVERNADOR DO ESTADO DE S\u00c3O PAULO:<\/p>\n<\/div>\n<div class=\"nao \" style=\"text-align: justify;\">\n<p id=\"\">Fa\u00e7o saber que a Assembleia Legislativa decreta e eu promulgo a seguinte lei:<\/p>\n<\/div>\n<div class=\"art \" style=\"text-align: justify;\">\n<p id=\"art-1\"><strong class=\"label\"><a title=\"Art. 1 da Lei 17202\/19, S\u00e3o Paulo\" href=\"https:\/\/www.jusbrasil.com.br\/topicos\/243830948\/art-1-da-lei-17202-19-sao-paulo\">Artigo 1\u00ba<\/a><\/strong>\u00a0&#8211; Fica institu\u00eddo o \u201cDia do Sargento\u201d, a ser celebrado, anualmente, em 4 de maio.\u00a0<a class=\"legis-see-topic\" href=\"https:\/\/www.jusbrasil.com.br\/topicos\/243830948\/art-1-da-lei-17202-19-sao-paulo\">Ver t\u00f3pico<\/a><\/p>\n<\/div>\n<div class=\"art \" style=\"text-align: justify;\">\n<p id=\"art-2\"><strong class=\"label\"><a title=\"Art. 2 da Lei 17202\/19, S\u00e3o Paulo\" href=\"https:\/\/www.jusbrasil.com.br\/topicos\/243830940\/art-2-da-lei-17202-19-sao-paulo\">Artigo 2\u00ba<\/a><\/strong>\u00a0&#8211; Esta lei entra em vigor na data de sua publica\u00e7\u00e3o.\u00a0<a class=\"legis-see-topic\" href=\"https:\/\/www.jusbrasil.com.br\/topicos\/243830940\/art-2-da-lei-17202-19-sao-paulo\">Ver t\u00f3pico<\/a><\/p>\n<\/div>\n<div class=\"nao \" style=\"text-align: justify;\">\n<p id=\"\">Pal\u00e1cio dos Bandeirantes, 04 de novembro de 2019.<\/p>\n<\/div>\n<div class=\"nom \" style=\"text-align: justify;\">\n<p id=\"\">Jo\u00e3o Doria<\/p>\n<\/div>\n<div class=\"nom \" style=\"text-align: justify;\">\n<p id=\"\">Jo\u00e3o Camilo Pires de Campos<\/p>\n<\/div>\n<div class=\"nao \" style=\"text-align: justify;\">\n<p id=\"\">Secret\u00e1rio da Seguran\u00e7a P\u00fablica<\/p>\n<\/div>\n<div class=\"nom \" style=\"text-align: justify;\">\n<p id=\"\">Antonio Carlos Rizeque Malufe<\/p>\n<\/div>\n<div class=\"nao \" style=\"text-align: justify;\">\n<p id=\"\">Secret\u00e1rio Executivo, respondendo pelo expediente da Casa Civil Publicada na Assessoria T\u00e9cnica da Casa Civil, em 04 de novembro de 2019.<\/p>\n<\/div>\n<div class=\"nao \">\n<p id=\"\" style=\"text-align: justify;\">Publicado em : D. O. de 05\/11\/2019 &#8211; Se\u00e7\u00e3o I &#8211; p\u00e1g. 1 Atualizado em: 05\/11\/2019 15:12 17202.doc<\/p>\n<\/div>\n","protected":false},"excerpt":{"rendered":"<p>Lei 17202\/19 | Lei n\u00ba 17.202, de 4 de novembro de 2019 de S\u00e3o Paulo. Institui o \u201cDia do Sargento\u201d. O GOVERNADOR DO ESTADO DE S\u00c3O PAULO: Fa\u00e7o saber que a Assembleia Legislativa decreta e eu promulgo a seguinte lei: Artigo 1\u00ba\u00a0&#8211; Fica institu\u00eddo o \u201cDia do Sargento\u201d, a ser celebrado, anualmente, em 4 de [&hellip;]<\/p>\n","protected":false},"author":1,"featured_media":25180,"comment_status":"closed","ping_status":"open","sticky":false,"template":"","format":"video","meta":{"footnotes":""},"categories":[2,169],"tags":[],"class_list":["post-25178","post","type-post","status-publish","format-video","has-post-thumbnail","hentry","category-policial","category-videos","post_format-post-format-video"],"_links":{"self":[{"href":"https:\/\/jorgezanoni.com.br\/2019\/wp-json\/wp\/v2\/posts\/25178","targetHints":{"allow":["GET"]}}],"collection":[{"href":"https:\/\/jorgezanoni.com.br\/2019\/wp-json\/wp\/v2\/posts"}],"about":[{"href":"https:\/\/jorgezanoni.com.br\/2019\/wp-json\/wp\/v2\/types\/post"}],"author":[{"embeddable":true,"href":"https:\/\/jorgezanoni.com.br\/2019\/wp-json\/wp\/v2\/users\/1"}],"replies":[{"embeddable":true,"href":"https:\/\/jorgezanoni.com.br\/2019\/wp-json\/wp\/v2\/comments?post=25178"}],"version-history":[{"count":0,"href":"https:\/\/jorgezanoni.com.br\/2019\/wp-json\/wp\/v2\/posts\/25178\/revisions"}],"wp:featuredmedia":[{"embeddable":true,"href":"https:\/\/jorgezanoni.com.br\/2019\/wp-json\/wp\/v2\/media\/25180"}],"wp:attachment":[{"href":"https:\/\/jorgezanoni.com.br\/2019\/wp-json\/wp\/v2\/media?parent=25178"}],"wp:term":[{"taxonomy":"category","embeddable":true,"href":"https:\/\/jorgezanoni.com.br\/2019\/wp-json\/wp\/v2\/categories?post=25178"},{"taxonomy":"post_tag","embeddable":true,"href":"https:\/\/jorgezanoni.com.br\/2019\/wp-json\/wp\/v2\/tags?post=25178"}],"curies":[{"name":"wp","href":"https:\/\/api.w.org\/{rel}","templated":true}]}}