{"id":25175,"date":"2020-05-04T19:45:35","date_gmt":"2020-05-04T19:45:35","guid":{"rendered":"https:\/\/jorgezanoni.com.br\/2019\/?p=25175"},"modified":"2020-05-04T19:45:35","modified_gmt":"2020-05-04T19:45:35","slug":"projeto-aprovado-pelo-senado-preve-r-57-milhoes-para-dracena","status":"publish","type":"post","link":"https:\/\/jorgezanoni.com.br\/2019\/projeto-aprovado-pelo-senado-preve-r-57-milhoes-para-dracena\/","title":{"rendered":"Projeto aprovado pelo Senado prev\u00ea R$ 5,7 milh\u00f5es para Dracena"},"content":{"rendered":"<p style=\"text-align: justify;\"><strong>Texto segue para aprova\u00e7\u00e3o na C\u00e2mara nesta segunda (4); valor \u00e9 proposto para aux\u00edlio no combate aos efeitos da pandemia.<\/strong><\/p>\n<p style=\"text-align: justify;\">Os deputados federais votam, nesta segunda-feira (4), projeto de socorro aos munic\u00edpios e estados para aux\u00edlio no combate aos efeitos da pandemia de Covid-19. O valor, previsto pelo Programa Federativo de Enfrentamento ao Coronav\u00edrus, inclui repasse direto e suspens\u00e3o de d\u00edvidas \u00e0 prefeitura.<\/p>\n<p style=\"text-align: justify;\">De acordo com a proposta aprovada pelo Senado no s\u00e1bado (2), o rateio por estado ser\u00e1 feito em fun\u00e7\u00e3o da arrecada\u00e7\u00e3o do ICMS (Imposto sobre Circula\u00e7\u00e3o de Mercadorias e Servi\u00e7os), da popula\u00e7\u00e3o, da cota no Fundo de Participa\u00e7\u00e3o dos Estados e da contrapartida paga pela Uni\u00e3o pelas isen\u00e7\u00f5es fiscais relativas \u00e0 exporta\u00e7\u00e3o.<\/p>\n<p style=\"text-align: justify;\">J\u00e1 o rateio entre os munic\u00edpios ser\u00e1 calculado dividindo os recursos por estado (excluindo o DF), usando os mesmos crit\u00e9rios para ent\u00e3o dividir o valor estadual entre os munic\u00edpios de acordo com a popula\u00e7\u00e3o de cada um.<\/p>\n<p style=\"text-align: justify;\">Com mais de 46 mil de habitantes, Dracena deve receber de aux\u00edlio federal, o montante que representar\u00e1 R$ 5,7 milh\u00f5es ao Munic\u00edpio.<\/p>\n<p style=\"text-align: justify;\">O recurso visa tamb\u00e9m minimizar as perdas na arrecada\u00e7\u00e3o das prefeituras. O presidente da C\u00e2mara, Rodrigo Maia (DEM-RJ), disse que a proposta deve ser votada sem altera\u00e7\u00f5es. Caso haja mudan\u00e7as dever\u00e1 novamente ser apreciada pelos senadores.<\/p>\n<p style=\"text-align: justify;\">\u201cAcho que vamos votar sem altera\u00e7\u00e3o para que a gente possa ter o projeto rapidamente enviado ao governo e que a gente possa ter logo a san\u00e7\u00e3o\u201d, disse Maia em coletiva na C\u00e2mara dos Deputados no in\u00edcio da tarde desta segunda-feira.<\/p>\n<p style=\"text-align: justify;\"><em>Fonte: Ag\u00eancia Brasil<\/em><\/p>\n<p>Foto Ilustrativa<\/p>\n","protected":false},"excerpt":{"rendered":"<p>Texto segue para aprova\u00e7\u00e3o na C\u00e2mara nesta segunda (4); valor \u00e9 proposto para aux\u00edlio no combate aos efeitos da pandemia. Os deputados federais votam, nesta segunda-feira (4), projeto de socorro aos munic\u00edpios e estados para aux\u00edlio no combate aos efeitos da pandemia de Covid-19. O valor, previsto pelo Programa Federativo de Enfrentamento ao Coronav\u00edrus, inclui [&hellip;]<\/p>\n","protected":false},"author":1,"featured_media":25176,"comment_status":"closed","ping_status":"open","sticky":false,"template":"","format":"standard","meta":{"footnotes":""},"categories":[110,116],"tags":[],"class_list":["post-25175","post","type-post","status-publish","format-standard","has-post-thumbnail","hentry","category-noticiasdestaque","category-politicaeeconomia"],"_links":{"self":[{"href":"https:\/\/jorgezanoni.com.br\/2019\/wp-json\/wp\/v2\/posts\/25175","targetHints":{"allow":["GET"]}}],"collection":[{"href":"https:\/\/jorgezanoni.com.br\/2019\/wp-json\/wp\/v2\/posts"}],"about":[{"href":"https:\/\/jorgezanoni.com.br\/2019\/wp-json\/wp\/v2\/types\/post"}],"author":[{"embeddable":true,"href":"https:\/\/jorgezanoni.com.br\/2019\/wp-json\/wp\/v2\/users\/1"}],"replies":[{"embeddable":true,"href":"https:\/\/jorgezanoni.com.br\/2019\/wp-json\/wp\/v2\/comments?post=25175"}],"version-history":[{"count":0,"href":"https:\/\/jorgezanoni.com.br\/2019\/wp-json\/wp\/v2\/posts\/25175\/revisions"}],"wp:featuredmedia":[{"embeddable":true,"href":"https:\/\/jorgezanoni.com.br\/2019\/wp-json\/wp\/v2\/media\/25176"}],"wp:attachment":[{"href":"https:\/\/jorgezanoni.com.br\/2019\/wp-json\/wp\/v2\/media?parent=25175"}],"wp:term":[{"taxonomy":"category","embeddable":true,"href":"https:\/\/jorgezanoni.com.br\/2019\/wp-json\/wp\/v2\/categories?post=25175"},{"taxonomy":"post_tag","embeddable":true,"href":"https:\/\/jorgezanoni.com.br\/2019\/wp-json\/wp\/v2\/tags?post=25175"}],"curies":[{"name":"wp","href":"https:\/\/api.w.org\/{rel}","templated":true}]}}