{"id":25168,"date":"2020-05-04T18:41:30","date_gmt":"2020-05-04T18:41:30","guid":{"rendered":"https:\/\/jorgezanoni.com.br\/2019\/?p=25168"},"modified":"2020-05-04T18:41:30","modified_gmt":"2020-05-04T18:41:30","slug":"avahu-faz-nota-de-agradecimento-a-colaboradores","status":"publish","type":"post","link":"https:\/\/jorgezanoni.com.br\/2019\/avahu-faz-nota-de-agradecimento-a-colaboradores\/","title":{"rendered":"AVAHU faz nota de agradecimento a colaboradores"},"content":{"rendered":"<p style=\"text-align: justify;\">A AVAHU ( Asocia\u00e7\u00e3o de Valoriza\u00e7\u00e3o Humana) distribuiu na semana passada 70 (setenta) cestas b\u00e1sicas aos familiares dos assistidos e \u00e0s pessoas que prestam servi\u00e7o na Associa\u00e7\u00e3o, que t\u00eam maior car\u00eancia de alimentos b\u00e1sicos.<\/p>\n<p style=\"text-align: justify;\">As\u00a0 cestas foram doadas por Funcion\u00e1rios, Diretores e um empres\u00e1rio de Dracena, amigo da Associa\u00e7\u00e3o.<\/p>\n<p style=\"text-align: justify;\">Fomos tamb\u00e9m, agraciados pela professora Tereza Pitta Fernandes e ex vereadora de Dracena, com v\u00e1rias m\u00e1scaras cir\u00fargicas para os nossos profissionais de sa\u00fade e funcion\u00e1rios.<\/p>\n<p style=\"text-align: justify;\">Agradecemos a todos pela iniciativa e\u00a0 filantropia.<\/p>\n<p style=\"text-align: justify;\">Nosso muito obrigado e Deus os aben\u00e7oe.<\/p>\n<p style=\"text-align: justify;\">Gelto Gevesier Nunes<\/p>\n<p style=\"text-align: justify;\">Presidente<\/p>\n<p style=\"text-align: justify;\">\n","protected":false},"excerpt":{"rendered":"<p>A AVAHU ( Asocia\u00e7\u00e3o de Valoriza\u00e7\u00e3o Humana) distribuiu na semana passada 70 (setenta) cestas b\u00e1sicas aos familiares dos assistidos e \u00e0s pessoas que prestam servi\u00e7o na Associa\u00e7\u00e3o, que t\u00eam maior car\u00eancia de alimentos b\u00e1sicos. As\u00a0 cestas foram doadas por Funcion\u00e1rios, Diretores e um empres\u00e1rio de Dracena, amigo da Associa\u00e7\u00e3o. Fomos tamb\u00e9m, agraciados pela professora Tereza [&hellip;]<\/p>\n","protected":false},"author":1,"featured_media":25169,"comment_status":"closed","ping_status":"open","sticky":false,"template":"","format":"standard","meta":{"footnotes":""},"categories":[118],"tags":[],"class_list":["post-25168","post","type-post","status-publish","format-standard","has-post-thumbnail","hentry","category-religiaoesolidariedade"],"_links":{"self":[{"href":"https:\/\/jorgezanoni.com.br\/2019\/wp-json\/wp\/v2\/posts\/25168","targetHints":{"allow":["GET"]}}],"collection":[{"href":"https:\/\/jorgezanoni.com.br\/2019\/wp-json\/wp\/v2\/posts"}],"about":[{"href":"https:\/\/jorgezanoni.com.br\/2019\/wp-json\/wp\/v2\/types\/post"}],"author":[{"embeddable":true,"href":"https:\/\/jorgezanoni.com.br\/2019\/wp-json\/wp\/v2\/users\/1"}],"replies":[{"embeddable":true,"href":"https:\/\/jorgezanoni.com.br\/2019\/wp-json\/wp\/v2\/comments?post=25168"}],"version-history":[{"count":0,"href":"https:\/\/jorgezanoni.com.br\/2019\/wp-json\/wp\/v2\/posts\/25168\/revisions"}],"wp:featuredmedia":[{"embeddable":true,"href":"https:\/\/jorgezanoni.com.br\/2019\/wp-json\/wp\/v2\/media\/25169"}],"wp:attachment":[{"href":"https:\/\/jorgezanoni.com.br\/2019\/wp-json\/wp\/v2\/media?parent=25168"}],"wp:term":[{"taxonomy":"category","embeddable":true,"href":"https:\/\/jorgezanoni.com.br\/2019\/wp-json\/wp\/v2\/categories?post=25168"},{"taxonomy":"post_tag","embeddable":true,"href":"https:\/\/jorgezanoni.com.br\/2019\/wp-json\/wp\/v2\/tags?post=25168"}],"curies":[{"name":"wp","href":"https:\/\/api.w.org\/{rel}","templated":true}]}}