{"id":25165,"date":"2020-05-04T18:08:36","date_gmt":"2020-05-04T18:08:36","guid":{"rendered":"https:\/\/jorgezanoni.com.br\/2019\/?p=25165"},"modified":"2020-05-04T18:08:36","modified_gmt":"2020-05-04T18:08:36","slug":"homem-e-preso-em-flagrante-por-porte-e-trafico-de-entorpecentes-em-ouro-verde","status":"publish","type":"post","link":"https:\/\/jorgezanoni.com.br\/2019\/homem-e-preso-em-flagrante-por-porte-e-trafico-de-entorpecentes-em-ouro-verde\/","title":{"rendered":"Homem \u00e9 preso em flagrante por porte e tr\u00e1fico de entorpecentes em Ouro Verde"},"content":{"rendered":"<p style=\"text-align: justify;\">Trafico de Drogas &#8211; Ouro Verde Rua Ponta Por\u00e1\u00a0Crack: 0,005 Maconha: 0,002<\/p>\n<p style=\"text-align: justify;\">Indiciado por tr\u00e1fico e por porte: Homem maior de idade.<\/p>\n<p style=\"text-align: justify;\">Com v\u00e1rias den\u00fancias de tr\u00e1fico de Drogas pelo local Esta equipe juntamente com equipes de For\u00e7a T\u00e1tica foi feito um patrulhamento pelo local, onde ao se aproximar da resid\u00eancia o Indiciado tentou correr, sendo abordado entrando no port\u00e3o, e ao fazer a busca pessoal nada de il\u00edcito foi localizado, onde tambem estava o Indiciado que ao ser abordado e revistado foi localizado dentro de um ma\u00e7o de cigarros uma por\u00e7\u00e3o aparentando ser maconha e um cigarro da mesma subst\u00e2ncia sendo que confirmou que havia comprado naquele local.<br \/>\nEm contato com o genitor do acusado mesmo autorizou a entrada na resid\u00eancia onde foi feito busca domiciliar e n\u00e3o foi localizado nada de il\u00edcito, sendo acionado o Canil para o local.<br \/>\nAo fazer a varredura com o cachorro pelo local foi localizado enterrada dentro de um vaso de flor 13 pedra aparentando ser crack pronta para venda e (01)uma por\u00e7\u00e3o maior para ser fracionadas, e em um quarto da resid\u00eancia foi localizada mais uma (01) por\u00e7\u00e3o para ser fracionada da mesma subst\u00e2ncia e uma (01) muni\u00e7\u00e3o calibre 38 intacta na resid\u00eancia,<br \/>\nMomento que foi dado voz de pris\u00e3o ao indiciado em flagrante por tr\u00e1fico de drogas ficando a disposi\u00e7\u00e3o da justi\u00e7a.<\/p>\n<p>Fonte: Com. Social Pol\u00edcia Militar<\/p>\n","protected":false},"excerpt":{"rendered":"<p>Trafico de Drogas &#8211; Ouro Verde Rua Ponta Por\u00e1\u00a0Crack: 0,005 Maconha: 0,002 Indiciado por tr\u00e1fico e por porte: Homem maior de idade. Com v\u00e1rias den\u00fancias de tr\u00e1fico de Drogas pelo local Esta equipe juntamente com equipes de For\u00e7a T\u00e1tica foi feito um patrulhamento pelo local, onde ao se aproximar da resid\u00eancia o Indiciado tentou correr, [&hellip;]<\/p>\n","protected":false},"author":1,"featured_media":25166,"comment_status":"closed","ping_status":"open","sticky":false,"template":"","format":"standard","meta":{"footnotes":""},"categories":[110,2],"tags":[],"class_list":["post-25165","post","type-post","status-publish","format-standard","has-post-thumbnail","hentry","category-noticiasdestaque","category-policial"],"_links":{"self":[{"href":"https:\/\/jorgezanoni.com.br\/2019\/wp-json\/wp\/v2\/posts\/25165","targetHints":{"allow":["GET"]}}],"collection":[{"href":"https:\/\/jorgezanoni.com.br\/2019\/wp-json\/wp\/v2\/posts"}],"about":[{"href":"https:\/\/jorgezanoni.com.br\/2019\/wp-json\/wp\/v2\/types\/post"}],"author":[{"embeddable":true,"href":"https:\/\/jorgezanoni.com.br\/2019\/wp-json\/wp\/v2\/users\/1"}],"replies":[{"embeddable":true,"href":"https:\/\/jorgezanoni.com.br\/2019\/wp-json\/wp\/v2\/comments?post=25165"}],"version-history":[{"count":0,"href":"https:\/\/jorgezanoni.com.br\/2019\/wp-json\/wp\/v2\/posts\/25165\/revisions"}],"wp:featuredmedia":[{"embeddable":true,"href":"https:\/\/jorgezanoni.com.br\/2019\/wp-json\/wp\/v2\/media\/25166"}],"wp:attachment":[{"href":"https:\/\/jorgezanoni.com.br\/2019\/wp-json\/wp\/v2\/media?parent=25165"}],"wp:term":[{"taxonomy":"category","embeddable":true,"href":"https:\/\/jorgezanoni.com.br\/2019\/wp-json\/wp\/v2\/categories?post=25165"},{"taxonomy":"post_tag","embeddable":true,"href":"https:\/\/jorgezanoni.com.br\/2019\/wp-json\/wp\/v2\/tags?post=25165"}],"curies":[{"name":"wp","href":"https:\/\/api.w.org\/{rel}","templated":true}]}}