{"id":25157,"date":"2020-05-04T17:20:50","date_gmt":"2020-05-04T17:20:50","guid":{"rendered":"https:\/\/jorgezanoni.com.br\/2019\/?p=25157"},"modified":"2020-05-04T17:21:47","modified_gmt":"2020-05-04T17:21:47","slug":"doria-decreta-uso-de-mascaras-no-estado-e-obriga-prefeitos-a-aplicar-multas","status":"publish","type":"post","link":"https:\/\/jorgezanoni.com.br\/2019\/doria-decreta-uso-de-mascaras-no-estado-e-obriga-prefeitos-a-aplicar-multas\/","title":{"rendered":"Doria decreta uso de m\u00e1scaras no Estado e obriga prefeitos a aplicar multas"},"content":{"rendered":"<p style=\"text-align: justify;\">O governo de S\u00e3o Paulo vai decretar amanh\u00e3 a obrigatoriedade do uso de m\u00e1scara em todo o estado para evitar a dissemina\u00e7\u00e3o do novo\u00a0<a href=\"https:\/\/www.uol.com.br\/vivabem\/noticias\/redacao\/2020\/01\/25\/tire-suas-principais-duvidas-sobre-o-coronavirus-que-se-espalha-pelo-mundo.htm\">coronav\u00edrus<\/a>. O an\u00fancio foi feito hoje pelo governador\u00a0<a href=\"https:\/\/noticias.uol.com.br\/politica\/joao-doria\">Jo\u00e3o Doria<\/a>\u00a0(PSDB). A medida entra em vigor no dia 7 de maio.<\/p>\n<p style=\"text-align: justify;\">Todo cidad\u00e3o que sair \u00e0s ruas dever\u00e1 usar a prote\u00e7\u00e3o e pode ser utilizada a m\u00e1scara caseira. Segundo o governador, as prefeituras dever\u00e3o editar decretos para definir multas a quem desobedecer a norma e tamb\u00e9m especificar qual agente p\u00fablico far\u00e1 a fiscaliza\u00e7\u00e3o. O estado j\u00e1 havia decretado a obriga\u00e7\u00e3o do uso de m\u00e1scaras nos transportes p\u00fablico e privado e desde a \u00faltima semana ningu\u00e9m entra em \u00f4nibus, metro ou trem sem estar protegido.<\/p>\n<p style=\"text-align: justify;\">&#8220;\u00c9 uma obrigatoriedade, mas tenho certeza que o cidad\u00e3o ter\u00e1 responsabilidade de, ao usar a m\u00e1scara e recomendar que outros membros da fam\u00edlia usem, voc\u00ea estar\u00e1 defendendo a vida de seus familiares, amigos e vizinhos&#8221;, disse Doria.<\/p>\n<p style=\"text-align: justify;\">Os valores das multas e outras san\u00e7\u00f5es ser\u00e3o detalhadas por prefeitos, mas na capital j\u00e1 h\u00e1 valores para quem usar o transporte coletivo sem m\u00e1scara. Cada empresa flagrada com pessoas viajando desprotegidas pagar\u00e1 R$ 3,3 mil por dia por ve\u00edculo. O passageiro ser\u00e1 advertido e na reincid\u00eancia, multado.<\/p>\n<p style=\"text-align: justify;\">Fonte: Uol<\/p>\n","protected":false},"excerpt":{"rendered":"<p>O governo de S\u00e3o Paulo vai decretar amanh\u00e3 a obrigatoriedade do uso de m\u00e1scara em todo o estado para evitar a dissemina\u00e7\u00e3o do novo\u00a0coronav\u00edrus. O an\u00fancio foi feito hoje pelo governador\u00a0Jo\u00e3o Doria\u00a0(PSDB). A medida entra em vigor no dia 7 de maio. Todo cidad\u00e3o que sair \u00e0s ruas dever\u00e1 usar a prote\u00e7\u00e3o e pode ser [&hellip;]<\/p>\n","protected":false},"author":1,"featured_media":25158,"comment_status":"closed","ping_status":"open","sticky":false,"template":"","format":"standard","meta":{"footnotes":""},"categories":[110,116],"tags":[],"class_list":["post-25157","post","type-post","status-publish","format-standard","has-post-thumbnail","hentry","category-noticiasdestaque","category-politicaeeconomia"],"_links":{"self":[{"href":"https:\/\/jorgezanoni.com.br\/2019\/wp-json\/wp\/v2\/posts\/25157","targetHints":{"allow":["GET"]}}],"collection":[{"href":"https:\/\/jorgezanoni.com.br\/2019\/wp-json\/wp\/v2\/posts"}],"about":[{"href":"https:\/\/jorgezanoni.com.br\/2019\/wp-json\/wp\/v2\/types\/post"}],"author":[{"embeddable":true,"href":"https:\/\/jorgezanoni.com.br\/2019\/wp-json\/wp\/v2\/users\/1"}],"replies":[{"embeddable":true,"href":"https:\/\/jorgezanoni.com.br\/2019\/wp-json\/wp\/v2\/comments?post=25157"}],"version-history":[{"count":0,"href":"https:\/\/jorgezanoni.com.br\/2019\/wp-json\/wp\/v2\/posts\/25157\/revisions"}],"wp:featuredmedia":[{"embeddable":true,"href":"https:\/\/jorgezanoni.com.br\/2019\/wp-json\/wp\/v2\/media\/25158"}],"wp:attachment":[{"href":"https:\/\/jorgezanoni.com.br\/2019\/wp-json\/wp\/v2\/media?parent=25157"}],"wp:term":[{"taxonomy":"category","embeddable":true,"href":"https:\/\/jorgezanoni.com.br\/2019\/wp-json\/wp\/v2\/categories?post=25157"},{"taxonomy":"post_tag","embeddable":true,"href":"https:\/\/jorgezanoni.com.br\/2019\/wp-json\/wp\/v2\/tags?post=25157"}],"curies":[{"name":"wp","href":"https:\/\/api.w.org\/{rel}","templated":true}]}}