{"id":25145,"date":"2020-05-04T16:31:37","date_gmt":"2020-05-04T16:31:37","guid":{"rendered":"https:\/\/jorgezanoni.com.br\/2019\/?p=25145"},"modified":"2020-05-04T16:31:49","modified_gmt":"2020-05-04T16:31:49","slug":"ator-flavio-migliaccio-morre-aos-85-anos","status":"publish","type":"post","link":"https:\/\/jorgezanoni.com.br\/2019\/ator-flavio-migliaccio-morre-aos-85-anos\/","title":{"rendered":"Ator Fl\u00e1vio Migliaccio morre aos 85 anos"},"content":{"rendered":"<h2 class=\"content-head__subtitle\" style=\"text-align: justify;\"><strong>Artista tinha 85 anos e morreu em Rio Bonito. Seu \u00faltimo trabalho na Globo foi na novela &#8216;\u00d3rf\u00e3os da Terra&#8217;, exibida em 2019.<\/strong><\/h2>\n<div class=\"mc-column content-text active-extra-styles \" style=\"text-align: justify;\" data-block-type=\"unstyled\" data-block-weight=\"43\" data-block-id=\"2\">\n<p class=\"content-text__container \" data-track-category=\"Link no Texto\" data-track-links=\"\">O ator Fl\u00e1vio Migliaccio, de 85 anos, foi encontrado morto na manh\u00e3 desta segunda-feira (4) no s\u00edtio onde morava em Rio Bonito (RJ). Ele era natural de S\u00e3o Paulo, onde nasceu no bairro do Br\u00e1s, em 26 de agosto de 1934.<\/p>\n<\/div>\n<div class=\"wall protected-content\">\n<div class=\"mc-column content-text active-extra-styles \" style=\"text-align: justify;\" data-block-type=\"unstyled\" data-block-weight=\"21\" data-block-id=\"3\">\n<p class=\"content-text__container \" data-track-category=\"Link no Texto\" data-track-links=\"\">A informa\u00e7\u00e3o da morte foi confirmada pelo 35\u00ba Batalh\u00e3o de Pol\u00edcia Militar. O boletim de ocorr\u00eancia foi registrado como suic\u00eddio.<\/p>\n<\/div>\n<div class=\"mc-column content-text active-extra-styles \" style=\"text-align: justify;\" data-block-type=\"unstyled\" data-block-weight=\"56\" data-block-id=\"4\">\n<p class=\"content-text__container \" data-track-category=\"Link no Texto\" data-track-links=\"\">O \u00faltimo trabalho do ator foi na novela &#8220;\u00d3rf\u00e3os da Terra&#8221;, da TV Globo, em 2019, quando interpretou o personagem Mamede Al Aud. Ele tamb\u00e9m atuou em sucessos da TV Globo como &#8220;\u00cata Mundo Bom!&#8221; (2016), &#8220;Passione&#8221; (2010), &#8220;Caminho das \u00cdndias&#8221; (2009), &#8220;Am\u00e9rica&#8221; (2005), &#8220;A Pr\u00f3xima V\u00edtima&#8221; (1995) e &#8220;A Rainha da Sucata&#8221; (1990).<\/p>\n<\/div>\n<div class=\"mc-column content-text active-extra-styles \" style=\"text-align: justify;\" data-block-type=\"unstyled\" data-block-weight=\"41\" data-block-id=\"5\">\n<p class=\"content-text__container \" data-track-category=\"Link no Texto\" data-track-links=\"\">Migliaccio come\u00e7ou na emissora em 1972, quando ficou conhecido pelo papel de Xerife, na novela &#8220;O Primeiro Amor&#8221;. O personagem fez tanto sucesso que, no mesmo ano, deu origem ao seriado &#8220;Shazan, Xerife e Companhia&#8221;, estrelado tamb\u00e9m por Paulo Jos\u00e9.<\/p>\n<\/div>\n<div class=\"mc-column content-text active-extra-styles \" style=\"text-align: justify;\" data-block-type=\"unstyled\" data-block-weight=\"38\" data-block-id=\"6\">\n<p class=\"content-text__container \" data-track-category=\"Link no Texto\" data-track-links=\"\">O ator tamb\u00e9m fez sucesso com o p\u00fablico infantil, quando apostou no personagem &#8220;tio Maneco&#8221;. O filme &#8220;Aventuras com Tio Maneco&#8221; foi vendido para mais de 30 pa\u00edses e ganhou um pr\u00eamio do cinema infantil na Espanha.<\/p>\n<\/div>\n<div class=\"mc-column content-text active-extra-styles \" data-block-type=\"unstyled\" data-block-weight=\"44\" data-block-id=\"7\">\n<p class=\"content-text__container \" style=\"text-align: justify;\" data-track-category=\"Link no Texto\" data-track-links=\"\">Migliaccio come\u00e7ou a atuar no teatro, nos anos 50, \u00e9poca em que, a convite dele, a irm\u00e3 Dirce Migliaccio tamb\u00e9m deu os primeiros passos como atriz. Os dois fizeram dezenas de pe\u00e7as juntos no antigo Teatro de Arena, com o diretor Z\u00e9 Renato.<\/p>\n<p class=\"content-text__container \" style=\"text-align: justify;\" data-track-category=\"Link no Texto\" data-track-links=\"\">O ator tamb\u00e9m tem passagens pela TV Tupi, onde fez uma participa\u00e7\u00e3o especial em &#8220;Vila S\u00e9samo&#8221;.<\/p>\n<p style=\"text-align: justify;\" data-track-category=\"Link no Texto\" data-track-links=\"\">Fonte: https:\/\/g1.globo.com\/rj\/regiao-dos-lagos\/noticia\/2020\/05\/04\/ator-flavio-migliaccio-morre-em-rio-bonito.ghtml<\/p>\n<\/div>\n<\/div>\n","protected":false},"excerpt":{"rendered":"<p>Artista tinha 85 anos e morreu em Rio Bonito. Seu \u00faltimo trabalho na Globo foi na novela &#8216;\u00d3rf\u00e3os da Terra&#8217;, exibida em 2019. O ator Fl\u00e1vio Migliaccio, de 85 anos, foi encontrado morto na manh\u00e3 desta segunda-feira (4) no s\u00edtio onde morava em Rio Bonito (RJ). Ele era natural de S\u00e3o Paulo, onde nasceu no [&hellip;]<\/p>\n","protected":false},"author":1,"featured_media":25146,"comment_status":"closed","ping_status":"open","sticky":false,"template":"","format":"standard","meta":{"footnotes":""},"categories":[178,110],"tags":[],"class_list":["post-25145","post","type-post","status-publish","format-standard","has-post-thumbnail","hentry","category-notadefalecimento","category-noticiasdestaque"],"_links":{"self":[{"href":"https:\/\/jorgezanoni.com.br\/2019\/wp-json\/wp\/v2\/posts\/25145","targetHints":{"allow":["GET"]}}],"collection":[{"href":"https:\/\/jorgezanoni.com.br\/2019\/wp-json\/wp\/v2\/posts"}],"about":[{"href":"https:\/\/jorgezanoni.com.br\/2019\/wp-json\/wp\/v2\/types\/post"}],"author":[{"embeddable":true,"href":"https:\/\/jorgezanoni.com.br\/2019\/wp-json\/wp\/v2\/users\/1"}],"replies":[{"embeddable":true,"href":"https:\/\/jorgezanoni.com.br\/2019\/wp-json\/wp\/v2\/comments?post=25145"}],"version-history":[{"count":0,"href":"https:\/\/jorgezanoni.com.br\/2019\/wp-json\/wp\/v2\/posts\/25145\/revisions"}],"wp:featuredmedia":[{"embeddable":true,"href":"https:\/\/jorgezanoni.com.br\/2019\/wp-json\/wp\/v2\/media\/25146"}],"wp:attachment":[{"href":"https:\/\/jorgezanoni.com.br\/2019\/wp-json\/wp\/v2\/media?parent=25145"}],"wp:term":[{"taxonomy":"category","embeddable":true,"href":"https:\/\/jorgezanoni.com.br\/2019\/wp-json\/wp\/v2\/categories?post=25145"},{"taxonomy":"post_tag","embeddable":true,"href":"https:\/\/jorgezanoni.com.br\/2019\/wp-json\/wp\/v2\/tags?post=25145"}],"curies":[{"name":"wp","href":"https:\/\/api.w.org\/{rel}","templated":true}]}}