{"id":25117,"date":"2020-05-03T23:36:26","date_gmt":"2020-05-03T23:36:26","guid":{"rendered":"https:\/\/jorgezanoni.com.br\/2019\/?p=25117"},"modified":"2020-05-03T23:36:26","modified_gmt":"2020-05-03T23:36:26","slug":"parque-tematico-acqualinda-esta-em-construcao-em-andradina","status":"publish","type":"post","link":"https:\/\/jorgezanoni.com.br\/2019\/parque-tematico-acqualinda-esta-em-construcao-em-andradina\/","title":{"rendered":"Parque Tem\u00e1tico Acqualinda est\u00e1 em constru\u00e7\u00e3o em Andradina"},"content":{"rendered":"<p style=\"text-align: justify;\"><strong>O advogado e empres\u00e1rio M\u00e1rio Celso Lopes tem raz\u00f5es para comemorar este 1\u00ba de maio. Em 2020 ele completou 50 anos de vida profissional per\u00edodo em que, sem contar os anos da juventude no trabalho em um cart\u00f3rio, como advogado ou no Banco do Brasil, atuou em 50 empresas das mais diversas \u00e1reas de atua\u00e7\u00e3o.<\/strong><\/p>\n<p><img loading=\"lazy\" decoding=\"async\" class=\"alignnone size-full wp-image-25118\" src=\"https:\/\/jorgezanoni.com.br\/2019\/wp-content\/uploads\/2020\/05\/agua.jpg\" alt=\"\" width=\"1280\" height=\"853\" srcset=\"https:\/\/jorgezanoni.com.br\/2019\/wp-content\/uploads\/2020\/05\/agua.jpg 1280w, https:\/\/jorgezanoni.com.br\/2019\/wp-content\/uploads\/2020\/05\/agua-300x200.jpg 300w, https:\/\/jorgezanoni.com.br\/2019\/wp-content\/uploads\/2020\/05\/agua-1024x682.jpg 1024w, https:\/\/jorgezanoni.com.br\/2019\/wp-content\/uploads\/2020\/05\/agua-768x512.jpg 768w, https:\/\/jorgezanoni.com.br\/2019\/wp-content\/uploads\/2020\/05\/agua-696x464.jpg 696w, https:\/\/jorgezanoni.com.br\/2019\/wp-content\/uploads\/2020\/05\/agua-1068x712.jpg 1068w, https:\/\/jorgezanoni.com.br\/2019\/wp-content\/uploads\/2020\/05\/agua-630x420.jpg 630w\" sizes=\"auto, (max-width: 1280px) 100vw, 1280px\" \/> <img loading=\"lazy\" decoding=\"async\" class=\"alignnone size-full wp-image-25119\" src=\"https:\/\/jorgezanoni.com.br\/2019\/wp-content\/uploads\/2020\/05\/agua1.jpg\" alt=\"\" width=\"1280\" height=\"854\" srcset=\"https:\/\/jorgezanoni.com.br\/2019\/wp-content\/uploads\/2020\/05\/agua1.jpg 1280w, https:\/\/jorgezanoni.com.br\/2019\/wp-content\/uploads\/2020\/05\/agua1-300x200.jpg 300w, https:\/\/jorgezanoni.com.br\/2019\/wp-content\/uploads\/2020\/05\/agua1-1024x683.jpg 1024w, https:\/\/jorgezanoni.com.br\/2019\/wp-content\/uploads\/2020\/05\/agua1-768x512.jpg 768w, https:\/\/jorgezanoni.com.br\/2019\/wp-content\/uploads\/2020\/05\/agua1-696x464.jpg 696w, https:\/\/jorgezanoni.com.br\/2019\/wp-content\/uploads\/2020\/05\/agua1-1068x713.jpg 1068w, https:\/\/jorgezanoni.com.br\/2019\/wp-content\/uploads\/2020\/05\/agua1-630x420.jpg 630w\" sizes=\"auto, (max-width: 1280px) 100vw, 1280px\" \/> <img loading=\"lazy\" decoding=\"async\" class=\"alignnone size-full wp-image-25120\" src=\"https:\/\/jorgezanoni.com.br\/2019\/wp-content\/uploads\/2020\/05\/agua2.jpg\" alt=\"\" width=\"1280\" height=\"853\" srcset=\"https:\/\/jorgezanoni.com.br\/2019\/wp-content\/uploads\/2020\/05\/agua2.jpg 1280w, https:\/\/jorgezanoni.com.br\/2019\/wp-content\/uploads\/2020\/05\/agua2-300x200.jpg 300w, https:\/\/jorgezanoni.com.br\/2019\/wp-content\/uploads\/2020\/05\/agua2-1024x682.jpg 1024w, https:\/\/jorgezanoni.com.br\/2019\/wp-content\/uploads\/2020\/05\/agua2-768x512.jpg 768w, https:\/\/jorgezanoni.com.br\/2019\/wp-content\/uploads\/2020\/05\/agua2-696x464.jpg 696w, https:\/\/jorgezanoni.com.br\/2019\/wp-content\/uploads\/2020\/05\/agua2-1068x712.jpg 1068w, https:\/\/jorgezanoni.com.br\/2019\/wp-content\/uploads\/2020\/05\/agua2-630x420.jpg 630w\" sizes=\"auto, (max-width: 1280px) 100vw, 1280px\" \/><\/p>\n<p style=\"text-align: justify;\">A guinada na vida se fez comprando e vendendo terras no Centro-Oeste brasileiro, mas tamb\u00e9m foi precursor de grandes projetos no ramo de celulose e papel, tamb\u00e9m j\u00e1 foi dono do maior confinamento de bois do Pa\u00eds, reabriu o antigo frigor\u00edfico Mouran reabrindo o ciclo da ind\u00fastria da carne em Andradina, construiu o Oeste Plaza Shopping, foi o maior plantador de florestas de eucalipto do centro oeste e hoje, aos 65 anos e longe de querer parar, \u00e9 respons\u00e1vel por um dos maiores empreendimentos particulares das Am\u00e9ricas, o parque tem\u00e1tico Acqualinda.<\/p>\n<p style=\"text-align: justify;\">\u201cAos 65 anos teria cumprido meu ciclo e pretendido descansar, mas longe disso, me sinto renovado e n\u00e3o vejo no momento nenhuma vontade de deixar de trabalhar\u201d, disse.<\/p>\n<p style=\"text-align: justify;\">O filho de pedreiro, passa seus dias atuais em canteiros de obras pela manh\u00e3, antes de ir ao escrit\u00f3rio da MCL Empreendimentos. S\u00e3o visitas di\u00e1rias a uma fazenda em obras em Nova Independ\u00eancia\/SP e no p\u00e1tio do Acqualinda, um parque tem\u00e1tico que est\u00e1 sendo constru\u00eddo no entroncamento das rodovias Marechal Rondon e General Euclides de Oliveira Figueiredo.<\/p>\n<p style=\"text-align: justify;\">Na obra, nem os projetos de arquitetos, nem de engenheiros, s\u00e3o definitivos at\u00e9 que passe pelo olhar de M\u00e1rio Celso, assim o projeto j\u00e1 passou por v\u00e1rias altera\u00e7\u00f5es, a maior delas a mudan\u00e7a da entrada com liga\u00e7\u00e3o direta pela Rondon, onde os detalhes j\u00e1 est\u00e3o em tratativas com a concession\u00e1ria ViaRondon, fruto de entendimento pessoal com o Governo do Estado de S\u00e3o Paulo, que encara a obra como a maior iniciativa particular em andamento na atualidade.<\/p>\n<p style=\"text-align: justify;\">\u201cPara tocar um empreendimento n\u00e3o basta ter o dinheiro, \u00e9 preciso acreditar e a cren\u00e7a tem que ser avivada todos os dias\u201d, afirma.<\/p>\n<p><img loading=\"lazy\" decoding=\"async\" class=\"alignnone size-full wp-image-25121\" src=\"https:\/\/jorgezanoni.com.br\/2019\/wp-content\/uploads\/2020\/05\/agua3.jpg\" alt=\"\" width=\"973\" height=\"1280\" srcset=\"https:\/\/jorgezanoni.com.br\/2019\/wp-content\/uploads\/2020\/05\/agua3.jpg 973w, https:\/\/jorgezanoni.com.br\/2019\/wp-content\/uploads\/2020\/05\/agua3-228x300.jpg 228w, https:\/\/jorgezanoni.com.br\/2019\/wp-content\/uploads\/2020\/05\/agua3-778x1024.jpg 778w, https:\/\/jorgezanoni.com.br\/2019\/wp-content\/uploads\/2020\/05\/agua3-768x1010.jpg 768w, https:\/\/jorgezanoni.com.br\/2019\/wp-content\/uploads\/2020\/05\/agua3-696x916.jpg 696w, https:\/\/jorgezanoni.com.br\/2019\/wp-content\/uploads\/2020\/05\/agua3-319x420.jpg 319w\" sizes=\"auto, (max-width: 973px) 100vw, 973px\" \/> <img loading=\"lazy\" decoding=\"async\" class=\"alignnone size-full wp-image-25122\" src=\"https:\/\/jorgezanoni.com.br\/2019\/wp-content\/uploads\/2020\/05\/agua4.jpg\" alt=\"\" width=\"2048\" height=\"1432\" srcset=\"https:\/\/jorgezanoni.com.br\/2019\/wp-content\/uploads\/2020\/05\/agua4.jpg 2048w, https:\/\/jorgezanoni.com.br\/2019\/wp-content\/uploads\/2020\/05\/agua4-300x210.jpg 300w, https:\/\/jorgezanoni.com.br\/2019\/wp-content\/uploads\/2020\/05\/agua4-1024x716.jpg 1024w, https:\/\/jorgezanoni.com.br\/2019\/wp-content\/uploads\/2020\/05\/agua4-768x537.jpg 768w, https:\/\/jorgezanoni.com.br\/2019\/wp-content\/uploads\/2020\/05\/agua4-1536x1074.jpg 1536w, https:\/\/jorgezanoni.com.br\/2019\/wp-content\/uploads\/2020\/05\/agua4-100x70.jpg 100w, https:\/\/jorgezanoni.com.br\/2019\/wp-content\/uploads\/2020\/05\/agua4-696x487.jpg 696w, https:\/\/jorgezanoni.com.br\/2019\/wp-content\/uploads\/2020\/05\/agua4-1068x747.jpg 1068w, https:\/\/jorgezanoni.com.br\/2019\/wp-content\/uploads\/2020\/05\/agua4-601x420.jpg 601w\" sizes=\"auto, (max-width: 2048px) 100vw, 2048px\" \/> <img loading=\"lazy\" decoding=\"async\" class=\"alignnone size-full wp-image-25123\" src=\"https:\/\/jorgezanoni.com.br\/2019\/wp-content\/uploads\/2020\/05\/agua5.jpeg\" alt=\"\" width=\"923\" height=\"1280\" srcset=\"https:\/\/jorgezanoni.com.br\/2019\/wp-content\/uploads\/2020\/05\/agua5.jpeg 923w, https:\/\/jorgezanoni.com.br\/2019\/wp-content\/uploads\/2020\/05\/agua5-216x300.jpeg 216w, https:\/\/jorgezanoni.com.br\/2019\/wp-content\/uploads\/2020\/05\/agua5-738x1024.jpeg 738w, https:\/\/jorgezanoni.com.br\/2019\/wp-content\/uploads\/2020\/05\/agua5-768x1065.jpeg 768w, https:\/\/jorgezanoni.com.br\/2019\/wp-content\/uploads\/2020\/05\/agua5-696x965.jpeg 696w, https:\/\/jorgezanoni.com.br\/2019\/wp-content\/uploads\/2020\/05\/agua5-303x420.jpeg 303w\" sizes=\"auto, (max-width: 923px) 100vw, 923px\" \/> <img loading=\"lazy\" decoding=\"async\" class=\"alignnone size-full wp-image-25124\" src=\"https:\/\/jorgezanoni.com.br\/2019\/wp-content\/uploads\/2020\/05\/agua6.jpg\" alt=\"\" width=\"1365\" height=\"952\" srcset=\"https:\/\/jorgezanoni.com.br\/2019\/wp-content\/uploads\/2020\/05\/agua6.jpg 1365w, https:\/\/jorgezanoni.com.br\/2019\/wp-content\/uploads\/2020\/05\/agua6-300x209.jpg 300w, https:\/\/jorgezanoni.com.br\/2019\/wp-content\/uploads\/2020\/05\/agua6-1024x714.jpg 1024w, https:\/\/jorgezanoni.com.br\/2019\/wp-content\/uploads\/2020\/05\/agua6-768x536.jpg 768w, https:\/\/jorgezanoni.com.br\/2019\/wp-content\/uploads\/2020\/05\/agua6-100x70.jpg 100w, https:\/\/jorgezanoni.com.br\/2019\/wp-content\/uploads\/2020\/05\/agua6-696x485.jpg 696w, https:\/\/jorgezanoni.com.br\/2019\/wp-content\/uploads\/2020\/05\/agua6-1068x745.jpg 1068w, https:\/\/jorgezanoni.com.br\/2019\/wp-content\/uploads\/2020\/05\/agua6-602x420.jpg 602w\" sizes=\"auto, (max-width: 1365px) 100vw, 1365px\" \/><\/p>\n<p style=\"text-align: justify;\">Trabalho<\/p>\n<p style=\"text-align: justify;\">Como \u00e9 de costume, neste dia 30 (quinta-feira) esteve no canteiro de obras em contato com os 250 trabalhadores que atuam no parque. Nesta sexta-feira (1) \u00e9 dia de merecido descanso, mas as obras voltam no s\u00e1bado. \u00c9 pol\u00edtica pessoal a contrata\u00e7\u00e3o de empresas e trabalhadores da cidade. De fora apenas servi\u00e7os e profissionais que n\u00e3o se encontram no munic\u00edpio.<\/p>\n<p style=\"text-align: justify;\">Com o in\u00edcio da constru\u00e7\u00e3o do Acqualinda Resort, um hotel na entrada do parque, o n\u00famero de trabalhadores deve chegar a 500.<\/p>\n<p style=\"text-align: justify;\">A carteira de trabalho n\u00ba\u00b41 de a do cunhado Milton Passarelli, especialista na perfura\u00e7\u00e3o de po\u00e7os que acompanhou a obra desde o in\u00edcio. M\u00e1rio Celso lembra que h\u00e1 40 anos Milton furou o primeiro po\u00e7o para ele em uma fazenda no Mato Grosso do Sul. Hoje ele \u00e9 o bra\u00e7o direito de M\u00e1rio Celso no canteiro de obras.<\/p>\n<p style=\"text-align: justify;\">No empreendimento o trabalho da fam\u00edlia \u00e9 certo, principalmente dos netos, que fundaram uma empresa, a 4 Elos, que atuar\u00e1 na comercializa\u00e7\u00e3o da Riviera GranLogoon, um resort com mais de 2 mil apartamentos. O resort ser\u00e1 tem\u00e1tico, nas margens de um grande lago artificial cada fase do empreendimento representa os maiores encantos da Europa: a Riviera de It\u00e1lia, a Costa Brava da Espanha eCote d&#8217;Azur na Fran\u00e7a. Uma quarta etapa, construir\u00e1 apartamentos como uma Vila Asi\u00e1tica em palafitas.<\/p>\n<p><strong>Acqualinda em n\u00fameros que impressionam<\/strong><\/p>\n<p style=\"text-align: justify;\">O Parque Tem\u00e1tico Acqualinda est\u00e1 mudando o cen\u00e1rio do desenvolvimento na cidade de Andradina. A expectativa atraia uma nova fase no contexto econ\u00f4mico e tur\u00edstico de Andradina,<\/p>\n<p style=\"text-align: justify;\">Com o empreendimento a cidade dispara na frente das demais da regi\u00e3o na vertente de desenvolvimento tur\u00edstico, se tornando uma refer\u00eancia nacional e internacional.<\/p>\n<p style=\"text-align: justify;\">Entenda o porque o Acqualinda nascer\u00e1 como um dos cinco mais relevantes do pa\u00eds em n\u00fameros que impressionam.<\/p>\n<p style=\"text-align: justify;\">&#8211; 70 mil m2 de pavimenta\u00e7\u00e3o asf\u00e1ltica. Seria o suficiente para asfaltar uma estrada de Andradina a Castilho.<\/p>\n<p style=\"text-align: justify;\">&#8211; 1668 vagas no estacionamento principal do parque.<\/p>\n<p style=\"text-align: justify;\">&#8211; 98 vagas para \u00f4nibus<\/p>\n<p style=\"text-align: justify;\">&#8211; 282 vagas de estacionamento no hotel<\/p>\n<p style=\"text-align: justify;\">&#8211; 300 metros de muro de pedras de 3 metros de altura, onde ser\u00e3o utilizadas 1000 toneladas de basalto.<\/p>\n<p style=\"text-align: justify;\">&#8211; 46 metros de altura ter\u00e1 o vulc\u00e3o constru\u00eddo no parque, o mesmo que um pr\u00e9dio de 15 andares.<\/p>\n<p style=\"text-align: justify;\">&#8211; 27 metros ter\u00e1 o mastro de a\u00e7o cil\u00edndrico onde estar\u00e1 hasteada a bandeira nacional na entrada do parque.<\/p>\n<p style=\"text-align: justify;\">&#8211; 484 apartamentos ser\u00e3o constru\u00eddos em um hotel na entrada do parque, o suficiente para 2 mil h\u00f3spedes.<\/p>\n<p style=\"text-align: justify;\">&#8211; 2.000 apartamentos nas RivierasGranLagoon, o suficiente para 12 mil h\u00f3spedes.<\/p>\n<p style=\"text-align: justify;\">&#8211; 2 mil assentos na casa de shows anexa ao hotel.<\/p>\n<p style=\"text-align: justify;\">&#8211; 380 metros de comprimento ter\u00e1 a montanha russa aqu\u00e1tica do Acqualinda, a maior do mundo.<\/p>\n<p style=\"text-align: justify;\">&#8211; 1 mil metros ter\u00e1 o rio lento do parque, o maior das am\u00e9ricas.<\/p>\n<p style=\"text-align: justify;\"><strong>Empres\u00e1rio cria instituto que vai levar \u00e1gua para comunidades vulner\u00e1veis do Brasil<\/strong><\/p>\n<p style=\"text-align: justify;\">M\u00e1rio Celso Lopes criou o Instituto Brasil Agora (IBA), que vai converter \u00e1gua em \u00e1gua.<\/p>\n<p style=\"text-align: justify;\">Foi criado em Andradina Instituto Brasil Agora (IBA), uma associa\u00e7\u00e3o filantr\u00f3picasem finalidades lucrativas criada para vencer o desafio da sede no Brasil.<\/p>\n<p style=\"text-align: justify;\">Criado pelo empres\u00e1rio M\u00e1rio Celso Lopes, o foco do IBA \u00e9 a distribui\u00e7\u00e3o de \u00e1gua pot\u00e1vel, para fins de consumo humano para comunidades localizadas nas regi\u00f5es economicamente mais vulner\u00e1veis do pa\u00eds.<\/p>\n<p style=\"text-align: justify;\">\u201c\u00c9 uma grande desigualdade que, em 2020, onde um cientista trabalhe em um deserto em Israel e consiga se comunicar com o mundo em tempo real e algu\u00e9m, em nosso \u00e1rido nordeste ainda passe a necessidade de um copo de \u00e1gua limpa\u201d, disse M\u00e1rio Celso Lopes.<\/p>\n<p style=\"text-align: justify;\">A iniciativa do empres\u00e1rio n\u00e3o visa atender as pessoas com distribui\u00e7\u00e3o de \u00e1gua como um \u201cproduto\u201d, mas atuar desde a retirada da \u00e1gua da natureza, adequa\u00e7\u00e3o de sua qualidade aos padr\u00f5es de potabilidade exigidos pelas normas brasileiras de sa\u00fade e promover o transporte at\u00e9 as comunidades com abastecimento vulner\u00e1veis.<\/p>\n<p style=\"text-align: justify;\">\u201cO fornecimento em quantidade suficiente e com qualidade vai auxiliar suprir as necessidades necess\u00e1rias das pessoas promovendo sa\u00fade e indo em dire\u00e7\u00e3o a universaliza\u00e7\u00e3o do acesso a \u00e1gua tratada no Brasil\u201d, diz.<\/p>\n<p style=\"text-align: justify;\">M\u00e1rio acredita que o acesso \u00e0 \u00e1gua tamb\u00e9m vai representar o fim da fome para uma grande parcela da popula\u00e7\u00e3o em estado de vulnerabilidade, sendo poss\u00edvel a utiliza\u00e7\u00e3o para o cultivo de alimentos e manuten\u00e7\u00e3o de cria\u00e7\u00f5es.<\/p>\n<p style=\"text-align: justify;\">O objetivo \u00e9 o de melhorar as condi\u00e7\u00f5es de bem estar humano proporcionando qualidade de vida.<\/p>\n<p>50 anos. 50 empresas.<\/p>\n<p style=\"text-align: justify;\">M\u00e1rio Celso Lopes completa neste ano 50 anos de vida profissional. Neste per\u00edodo ele foi respons\u00e1vel pela abertura de 50 empresas nos mais diversos ramos de atividade.<\/p>\n<p style=\"text-align: justify;\">\u201cVivi intensamente todos os per\u00edodos econ\u00f4micos que sempre s\u00e3o grandes desafios para quem empreende e investe no Brasil. Frente a a\u00e7\u00f5es como sequestro de poupan\u00e7as, instabilidades econ\u00f4micas internas e crises mundiais, a sa\u00edda que sempre encontrei foi continuar investindo, e as vezesapostando tudo o que tinha e assim vencendo a cada desafio que se apresentou. Hoje estou no meu ano 65, e tenho certeza que ainda n\u00e3o estou preparado para parar e aguardo meus pr\u00f3ximos desafios e esses eu vou enfrentar dentro da minha casa. Na minha cidade\u201d, disse.<\/p>\n<p style=\"text-align: justify;\">Com o advento do parque tem\u00e1tico Acqualinda, o maior projeto em implanta\u00e7\u00e3o no Estado de S\u00e3o Paulo na atualidade, que agrega a constru\u00e7\u00e3o de um resort tem\u00e1tico ao lado de um lago artificial e uma empresa de envasagem de \u00e1gua mineral, nada mais justo do que converter recursos advindos da \u00e1gua em \u00e1gua.<\/p>\n<p style=\"text-align: justify;\">Cr\u00e9dito de imagens: Cleber Carvalho\/Marvel Comunica\u00e7\u00f5es &#8211;\u00a0Comunica\u00e7\u00e3o IBA<\/p>\n<p style=\"text-align: justify;\"><strong>Acqualinda ter\u00e1 entrada pela Rondon e pousos e decolagens em aeroporto particular.<\/strong><\/p>\n<p style=\"text-align: justify;\">Empres\u00e1rio vai permitir pouso e decolagens de avi\u00f5es de turismo em sua ch\u00e1cara particular<\/p>\n<p style=\"text-align: justify;\">O parque tem\u00e1tico Acqualinda vai ter a sua entrada principal ligada diretamente com a Rodovia Marechal Rondon (SP 300). A mudan\u00e7a do projeto decorreu de uma iniciativa de M\u00e1rio Celso ap\u00f3s estudar o projeto que foi apresentado diretamente ao Governador Jo\u00e3o D\u00f3ria. Em um encontro de mais de uma hora no Pal\u00e1cio dos Bandeirantes, M\u00e1rio Celso Lopes, pode explanar sobre o parque tem\u00e1tico Acqualinda e assuntos relacionados a sua<br \/>\nimplanta\u00e7\u00e3o em Andradina\/SP (h\u00e1 628km da Capital). O governador Jo\u00e3o D\u00f3ria recebeu o projeto com otimismo e garante que o Acqualinda \u00e9 a iniciativa privada em andamento mais relevante no Estado em 2.020. O acesso ser\u00e1 constru\u00eddo no km 638 da Marechal Rondon, onde uma marginal ser\u00e1 constru\u00edda pelo empres\u00e1rio at\u00e9 o parque, ligando a rodovia (sentido capital\/interior) at\u00e9 o resort Acqualinda, um hotel de quase 500 quartos e ao estacionamento principal do parque. Quem chegar pelo sentido inverso, dever\u00e1 utilizar o retorno existente h\u00e1 pouco mais de um km do parque. Desde a reuni\u00e3o com o governador v\u00e1rias tratativas j\u00e1 foram realizadas com a Secretaria de Transportes e com a concession\u00e1ria Via Rondon. A mudan\u00e7a na entrada do parque d\u00e1 mais visibilidade e relev\u00e2ncia no quesito acesso ao Acqualinda, que tem a expectativa de um p\u00fablico m\u00e9dio de 10 mil pessoas durante os dias de semana e 15 mil nos finais de semana.<\/p>\n<p style=\"text-align: justify;\">\n<strong>Aeroporto Particular<\/strong><\/p>\n<p>Com o in\u00edcio das atividades do Acqualinda, voos charter \u00a0(locados) poder\u00e3o posar na pista instalada na ch\u00e1cara particular de M\u00e1rio Celso Lopes, h\u00e1 pouco mais de 1 km do parque tem\u00e1tico. A locomo\u00e7\u00e3o entre o aeroporto particular e o parque acontecer\u00e1 em um \u00f4nibus tem\u00e1tico de 100 lugares. A pista particular tem registro na Ag\u00eancia Nacional de Avia\u00e7\u00e3o Civil (ANAC) com balizamento noturno, o que permitir\u00e1 a chegada de voos fretados por ag\u00eancias de turismo 24 horas por dia. A possibilidade de pousos e decolagens na pista particular permitir\u00e1 a chegada de turistas de todas as partes do pa\u00eds para o empreendimento. As obras est\u00e3o e ritmo acelerado.<\/p>\n<p style=\"text-align: justify;\">Cr\u00e9dito das fotos: Cleber Carvalho\/Marvell Comunica\u00e7\u00f5es.<\/p>\n<p>&nbsp;<\/p>\n","protected":false},"excerpt":{"rendered":"<p>O advogado e empres\u00e1rio M\u00e1rio Celso Lopes tem raz\u00f5es para comemorar este 1\u00ba de maio. Em 2020 ele completou 50 anos de vida profissional per\u00edodo em que, sem contar os anos da juventude no trabalho em um cart\u00f3rio, como advogado ou no Banco do Brasil, atuou em 50 empresas das mais diversas \u00e1reas de atua\u00e7\u00e3o. [&hellip;]<\/p>\n","protected":false},"author":1,"featured_media":25125,"comment_status":"closed","ping_status":"open","sticky":false,"template":"","format":"standard","meta":{"footnotes":""},"categories":[114,110],"tags":[],"class_list":["post-25117","post","type-post","status-publish","format-standard","has-post-thumbnail","hentry","category-geralecomercio","category-noticiasdestaque"],"_links":{"self":[{"href":"https:\/\/jorgezanoni.com.br\/2019\/wp-json\/wp\/v2\/posts\/25117","targetHints":{"allow":["GET"]}}],"collection":[{"href":"https:\/\/jorgezanoni.com.br\/2019\/wp-json\/wp\/v2\/posts"}],"about":[{"href":"https:\/\/jorgezanoni.com.br\/2019\/wp-json\/wp\/v2\/types\/post"}],"author":[{"embeddable":true,"href":"https:\/\/jorgezanoni.com.br\/2019\/wp-json\/wp\/v2\/users\/1"}],"replies":[{"embeddable":true,"href":"https:\/\/jorgezanoni.com.br\/2019\/wp-json\/wp\/v2\/comments?post=25117"}],"version-history":[{"count":0,"href":"https:\/\/jorgezanoni.com.br\/2019\/wp-json\/wp\/v2\/posts\/25117\/revisions"}],"wp:featuredmedia":[{"embeddable":true,"href":"https:\/\/jorgezanoni.com.br\/2019\/wp-json\/wp\/v2\/media\/25125"}],"wp:attachment":[{"href":"https:\/\/jorgezanoni.com.br\/2019\/wp-json\/wp\/v2\/media?parent=25117"}],"wp:term":[{"taxonomy":"category","embeddable":true,"href":"https:\/\/jorgezanoni.com.br\/2019\/wp-json\/wp\/v2\/categories?post=25117"},{"taxonomy":"post_tag","embeddable":true,"href":"https:\/\/jorgezanoni.com.br\/2019\/wp-json\/wp\/v2\/tags?post=25117"}],"curies":[{"name":"wp","href":"https:\/\/api.w.org\/{rel}","templated":true}]}}