{"id":25099,"date":"2020-05-03T15:06:32","date_gmt":"2020-05-03T15:06:32","guid":{"rendered":"https:\/\/jorgezanoni.com.br\/2019\/?p=25099"},"modified":"2020-05-03T15:06:32","modified_gmt":"2020-05-03T15:06:32","slug":"agente-penitenciario-morre-aos-39-anos-e-sindicato-afirma-que-vitima-estava-com-dengue","status":"publish","type":"post","link":"https:\/\/jorgezanoni.com.br\/2019\/agente-penitenciario-morre-aos-39-anos-e-sindicato-afirma-que-vitima-estava-com-dengue\/","title":{"rendered":"Agente penitenci\u00e1rio morre aos 39 anos e sindicato afirma que v\u00edtima estava com dengue"},"content":{"rendered":"<p style=\"text-align: justify;\">O agente de seguran\u00e7a penitenci\u00e1ria Jos\u00e9 Rodrigo Ferreira, 39, faleceu na manh\u00e3 deste s\u00e1bado (02) na Santa Casa de Presidente Prudente. Ele deu entrada no hospital na noite da \u00faltima sexta-feira (01) e de acordo com informa\u00e7\u00f5es do Sindicato dos Funcion\u00e1rios do Sistema Prisional do Estado de S\u00e3o Paulo \u2013 Sifuspesp, ele apresentava um quadro de dengue.<\/p>\n<p style=\"text-align: justify;\">O servidor atuava na Penitenci\u00e1ria da cidade de Pracinha e residia em Martin\u00f3polis.<\/p>\n<p style=\"text-align: justify;\">De acordo com nota divulgada\u00a0pelo Sifuspesp, Rodrigo estava se recuperando de um quadro de dengue, e sentiu um mal estar enquanto fazia caminhada. As informa\u00e7\u00f5es apontam que o quadro do agente evoluiu para dengue hemorr\u00e1gica.<\/p>\n<p style=\"text-align: justify;\">Seguindo um protocolo implantado pelo Governo do Estado de S\u00e3o Paulo, foram colhidas amostras do paciente e encaminhadas para realiza\u00e7\u00e3o de exame no IAL (Instituto Adolfo Lutz), na capital paulista.<\/p>\n<p style=\"text-align: justify;\"><strong>Nota da reda\u00e7\u00e3o<\/strong><br \/>\nAs informa\u00e7\u00f5es divulgadas pelo sindicato dos agentes foram colhidas junto aos familiares de Rodrigo. Eles afirmaram que o paciente estava em tratamento contra dengue. Diante da situa\u00e7\u00e3o n\u00e3o se pode afirmar que a v\u00edtima morreu com suspeita de coronav\u00edrus. O protocolo pede que seja apurada mortes com evid\u00eancias do v\u00edrus, e \u00e9 necess\u00e1rio aguardar o resultado.<\/p>\n<p style=\"text-align: justify;\">Os hospitais, de um modo geral, devem ter maior cuidado ao divulgar que a morte est\u00e1 em suspeita de coronav\u00edrus at\u00e9 em respeito aos familiares, uma vez que n\u00e3o existe resultado oficial. Da mesma maneira, a imprensa deve ter maior cuidado ao divulgar a informa\u00e7\u00e3o sem ter um resultado concreto para preservar as fam\u00edlias e evitar p\u00e2nico junto \u00e0 popula\u00e7\u00e3o.<\/p>\n<p style=\"text-align: justify;\">Fonte: Portal Bueno<\/p>\n","protected":false},"excerpt":{"rendered":"<p>O agente de seguran\u00e7a penitenci\u00e1ria Jos\u00e9 Rodrigo Ferreira, 39, faleceu na manh\u00e3 deste s\u00e1bado (02) na Santa Casa de Presidente Prudente. Ele deu entrada no hospital na noite da \u00faltima sexta-feira (01) e de acordo com informa\u00e7\u00f5es do Sindicato dos Funcion\u00e1rios do Sistema Prisional do Estado de S\u00e3o Paulo \u2013 Sifuspesp, ele apresentava um quadro [&hellip;]<\/p>\n","protected":false},"author":1,"featured_media":25100,"comment_status":"closed","ping_status":"open","sticky":false,"template":"","format":"standard","meta":{"footnotes":""},"categories":[178,110],"tags":[],"class_list":["post-25099","post","type-post","status-publish","format-standard","has-post-thumbnail","hentry","category-notadefalecimento","category-noticiasdestaque"],"_links":{"self":[{"href":"https:\/\/jorgezanoni.com.br\/2019\/wp-json\/wp\/v2\/posts\/25099","targetHints":{"allow":["GET"]}}],"collection":[{"href":"https:\/\/jorgezanoni.com.br\/2019\/wp-json\/wp\/v2\/posts"}],"about":[{"href":"https:\/\/jorgezanoni.com.br\/2019\/wp-json\/wp\/v2\/types\/post"}],"author":[{"embeddable":true,"href":"https:\/\/jorgezanoni.com.br\/2019\/wp-json\/wp\/v2\/users\/1"}],"replies":[{"embeddable":true,"href":"https:\/\/jorgezanoni.com.br\/2019\/wp-json\/wp\/v2\/comments?post=25099"}],"version-history":[{"count":0,"href":"https:\/\/jorgezanoni.com.br\/2019\/wp-json\/wp\/v2\/posts\/25099\/revisions"}],"wp:featuredmedia":[{"embeddable":true,"href":"https:\/\/jorgezanoni.com.br\/2019\/wp-json\/wp\/v2\/media\/25100"}],"wp:attachment":[{"href":"https:\/\/jorgezanoni.com.br\/2019\/wp-json\/wp\/v2\/media?parent=25099"}],"wp:term":[{"taxonomy":"category","embeddable":true,"href":"https:\/\/jorgezanoni.com.br\/2019\/wp-json\/wp\/v2\/categories?post=25099"},{"taxonomy":"post_tag","embeddable":true,"href":"https:\/\/jorgezanoni.com.br\/2019\/wp-json\/wp\/v2\/tags?post=25099"}],"curies":[{"name":"wp","href":"https:\/\/api.w.org\/{rel}","templated":true}]}}