{"id":25096,"date":"2020-05-03T14:07:41","date_gmt":"2020-05-03T14:07:41","guid":{"rendered":"https:\/\/jorgezanoni.com.br\/2019\/?p=25096"},"modified":"2020-05-03T14:07:41","modified_gmt":"2020-05-03T14:07:41","slug":"com-mais-uma-confirmacao-nova-guataporanga-chega-ao-4o-caso-positivo-de-covid-19","status":"publish","type":"post","link":"https:\/\/jorgezanoni.com.br\/2019\/com-mais-uma-confirmacao-nova-guataporanga-chega-ao-4o-caso-positivo-de-covid-19\/","title":{"rendered":"Com mais uma confirma\u00e7\u00e3o, Nova Guataporanga chega ao 4\u00ba caso positivo de Covid-19"},"content":{"rendered":"<h2 class=\"content-head__subtitle\" style=\"text-align: justify;\"><strong>Paciente \u00e9 uma mulher, de 43 anos, que segue cumprindo isolamento social. Exame foi feito em laborat\u00f3rio particular.<\/strong><\/h2>\n<div class=\"mc-column content-text active-extra-styles \" data-block-type=\"unstyled\" data-block-weight=\"30\" data-block-id=\"2\">\n<p class=\"content-text__container \" style=\"text-align: justify;\" data-track-category=\"Link no Texto\" data-track-links=\"\">A Secretaria Municipal de Sa\u00fade anunciou neste s\u00e1bado (2) mais um caso positivo do novo coronav\u00edrus em\u00a0<a href=\"https:\/\/g1.globo.com\/sp\/presidente-prudente-regiao\/cidade\/nova-guataporanga\/\">Nova Guataporanga<\/a>. Com este, a cidade chega a 4\u00aa confirma\u00e7\u00e3o da doen\u00e7a.<\/p>\n<\/div>\n<div class=\"wall protected-content\">\n<div class=\"mc-column content-text active-extra-styles \" style=\"text-align: justify;\" data-block-type=\"unstyled\" data-block-weight=\"17\" data-block-id=\"3\">\n<p class=\"content-text__container \" data-track-category=\"Link no Texto\" data-track-links=\"\">A paciente \u00e9 uma mulher, de 43 anos, que segue cumprindo isolamento social em sua casa.<\/p>\n<\/div>\n<div class=\"mc-column content-text active-extra-styles \" data-block-type=\"unstyled\" data-block-weight=\"20\" data-block-id=\"4\">\n<p class=\"content-text__container \" style=\"text-align: justify;\" data-track-category=\"Link no Texto\" data-track-links=\"\">Conforme o secret\u00e1rio de Sa\u00fade, Luiz Ant\u00f4nio Pinheiro, a confirma\u00e7\u00e3o veio atrav\u00e9s de exame feito junto a um laborat\u00f3rio particular.<\/p>\n<p style=\"text-align: justify;\" data-track-category=\"Link no Texto\" data-track-links=\"\">Fonte: G1<\/p>\n<\/div>\n<\/div>\n","protected":false},"excerpt":{"rendered":"<p>Paciente \u00e9 uma mulher, de 43 anos, que segue cumprindo isolamento social. Exame foi feito em laborat\u00f3rio particular. A Secretaria Municipal de Sa\u00fade anunciou neste s\u00e1bado (2) mais um caso positivo do novo coronav\u00edrus em\u00a0Nova Guataporanga. Com este, a cidade chega a 4\u00aa confirma\u00e7\u00e3o da doen\u00e7a. A paciente \u00e9 uma mulher, de 43 anos, que [&hellip;]<\/p>\n","protected":false},"author":1,"featured_media":25097,"comment_status":"closed","ping_status":"open","sticky":false,"template":"","format":"standard","meta":{"footnotes":""},"categories":[179,110,197],"tags":[],"class_list":["post-25096","post","type-post","status-publish","format-standard","has-post-thumbnail","hentry","category-cidadeseregiao","category-noticiasdestaque","category-novaguataporanga"],"_links":{"self":[{"href":"https:\/\/jorgezanoni.com.br\/2019\/wp-json\/wp\/v2\/posts\/25096","targetHints":{"allow":["GET"]}}],"collection":[{"href":"https:\/\/jorgezanoni.com.br\/2019\/wp-json\/wp\/v2\/posts"}],"about":[{"href":"https:\/\/jorgezanoni.com.br\/2019\/wp-json\/wp\/v2\/types\/post"}],"author":[{"embeddable":true,"href":"https:\/\/jorgezanoni.com.br\/2019\/wp-json\/wp\/v2\/users\/1"}],"replies":[{"embeddable":true,"href":"https:\/\/jorgezanoni.com.br\/2019\/wp-json\/wp\/v2\/comments?post=25096"}],"version-history":[{"count":0,"href":"https:\/\/jorgezanoni.com.br\/2019\/wp-json\/wp\/v2\/posts\/25096\/revisions"}],"wp:featuredmedia":[{"embeddable":true,"href":"https:\/\/jorgezanoni.com.br\/2019\/wp-json\/wp\/v2\/media\/25097"}],"wp:attachment":[{"href":"https:\/\/jorgezanoni.com.br\/2019\/wp-json\/wp\/v2\/media?parent=25096"}],"wp:term":[{"taxonomy":"category","embeddable":true,"href":"https:\/\/jorgezanoni.com.br\/2019\/wp-json\/wp\/v2\/categories?post=25096"},{"taxonomy":"post_tag","embeddable":true,"href":"https:\/\/jorgezanoni.com.br\/2019\/wp-json\/wp\/v2\/tags?post=25096"}],"curies":[{"name":"wp","href":"https:\/\/api.w.org\/{rel}","templated":true}]}}