{"id":25093,"date":"2020-05-03T13:51:24","date_gmt":"2020-05-03T13:51:24","guid":{"rendered":"https:\/\/jorgezanoni.com.br\/2019\/?p=25093"},"modified":"2020-05-03T13:51:24","modified_gmt":"2020-05-03T13:51:24","slug":"secretaria-municipal-de-saude-confirma-mais-quatro-casos-positivos-da-covid-19-em-tupi-paulista","status":"publish","type":"post","link":"https:\/\/jorgezanoni.com.br\/2019\/secretaria-municipal-de-saude-confirma-mais-quatro-casos-positivos-da-covid-19-em-tupi-paulista\/","title":{"rendered":"Secretaria Municipal de Sa\u00fade confirma mais quatro casos positivos da Covid-19 em Tupi Paulista"},"content":{"rendered":"<h2 class=\"content-head__subtitle\" style=\"text-align: justify;\"><strong>Notifica\u00e7\u00e3o foi neste s\u00e1bado (2). Cidade contabiliza 16 registros da doen\u00e7a.<\/strong><\/h2>\n<div class=\"mc-column content-text active-extra-styles \" data-block-type=\"unstyled\" data-block-weight=\"22\" data-block-id=\"2\">\n<p class=\"content-text__container \" style=\"text-align: justify;\" data-track-category=\"Link no Texto\" data-track-links=\"\">A Secretaria Municipal de Sa\u00fade anunciou neste s\u00e1bado (2) a confirma\u00e7\u00e3o de mais quatro casos do novo coronav\u00edrus em\u00a0<a href=\"https:\/\/g1.globo.com\/sp\/presidente-prudente-regiao\/cidade\/tupi-paulista\/\">Tupi Paulista<\/a>.<\/p>\n<\/div>\n<div class=\"wall protected-content\">\n<div class=\"mc-column content-text active-extra-styles \" style=\"text-align: justify;\" data-block-type=\"unstyled\" data-block-weight=\"18\" data-block-id=\"3\">\n<p class=\"content-text__container \" data-track-category=\"Link no Texto\" data-track-links=\"\">De acordo com a secretaria, com os novos registros, a cidade contabiliza 16 casos positivos de Covid-19.<\/p>\n<\/div>\n<div class=\"mc-column content-text active-extra-styles \" style=\"text-align: justify;\" data-block-type=\"unstyled\" data-block-weight=\"28\" data-block-id=\"4\">\n<p class=\"content-text__container \" data-track-category=\"Link no Texto\" data-track-links=\"\">Conforme boletim informativo da Prefeitura, atualizado por volta das 19h neste s\u00e1bado (2), uma pessoa est\u00e1 internada por conta da doen\u00e7a e 15 pessoas cumprem isolamento social.<\/p>\n<\/div>\n<div class=\"mc-column content-text active-extra-styles \" data-block-type=\"unstyled\" data-block-weight=\"8\" data-block-id=\"5\">\n<p class=\"content-text__container \" style=\"text-align: justify;\" data-track-category=\"Link no Texto\" data-track-links=\"\">O munic\u00edpio n\u00e3o registra nenhum \u00f3bito por coronav\u00edrus.<\/p>\n<p style=\"text-align: justify;\" data-track-category=\"Link no Texto\" data-track-links=\"\">Fonte: G1<\/p>\n<\/div>\n<\/div>\n","protected":false},"excerpt":{"rendered":"<p>Notifica\u00e7\u00e3o foi neste s\u00e1bado (2). Cidade contabiliza 16 registros da doen\u00e7a. A Secretaria Municipal de Sa\u00fade anunciou neste s\u00e1bado (2) a confirma\u00e7\u00e3o de mais quatro casos do novo coronav\u00edrus em\u00a0Tupi Paulista. De acordo com a secretaria, com os novos registros, a cidade contabiliza 16 casos positivos de Covid-19. Conforme boletim informativo da Prefeitura, atualizado por [&hellip;]<\/p>\n","protected":false},"author":1,"featured_media":25094,"comment_status":"closed","ping_status":"open","sticky":false,"template":"","format":"standard","meta":{"footnotes":""},"categories":[179,110,185],"tags":[],"class_list":["post-25093","post","type-post","status-publish","format-standard","has-post-thumbnail","hentry","category-cidadeseregiao","category-noticiasdestaque","category-tupipaulista"],"_links":{"self":[{"href":"https:\/\/jorgezanoni.com.br\/2019\/wp-json\/wp\/v2\/posts\/25093","targetHints":{"allow":["GET"]}}],"collection":[{"href":"https:\/\/jorgezanoni.com.br\/2019\/wp-json\/wp\/v2\/posts"}],"about":[{"href":"https:\/\/jorgezanoni.com.br\/2019\/wp-json\/wp\/v2\/types\/post"}],"author":[{"embeddable":true,"href":"https:\/\/jorgezanoni.com.br\/2019\/wp-json\/wp\/v2\/users\/1"}],"replies":[{"embeddable":true,"href":"https:\/\/jorgezanoni.com.br\/2019\/wp-json\/wp\/v2\/comments?post=25093"}],"version-history":[{"count":0,"href":"https:\/\/jorgezanoni.com.br\/2019\/wp-json\/wp\/v2\/posts\/25093\/revisions"}],"wp:featuredmedia":[{"embeddable":true,"href":"https:\/\/jorgezanoni.com.br\/2019\/wp-json\/wp\/v2\/media\/25094"}],"wp:attachment":[{"href":"https:\/\/jorgezanoni.com.br\/2019\/wp-json\/wp\/v2\/media?parent=25093"}],"wp:term":[{"taxonomy":"category","embeddable":true,"href":"https:\/\/jorgezanoni.com.br\/2019\/wp-json\/wp\/v2\/categories?post=25093"},{"taxonomy":"post_tag","embeddable":true,"href":"https:\/\/jorgezanoni.com.br\/2019\/wp-json\/wp\/v2\/tags?post=25093"}],"curies":[{"name":"wp","href":"https:\/\/api.w.org\/{rel}","templated":true}]}}