{"id":2502,"date":"2019-07-31T22:06:28","date_gmt":"2019-07-31T22:06:28","guid":{"rendered":"https:\/\/jorgezanoni.com.br\/2019\/?p=2502"},"modified":"2019-07-31T22:06:28","modified_gmt":"2019-07-31T22:06:28","slug":"medicina-da-unifadra-dracena-preenche-as-33-vagas-do-vestibular-de-inverno-nesta-segunda-feira-29","status":"publish","type":"post","link":"https:\/\/jorgezanoni.com.br\/2019\/medicina-da-unifadra-dracena-preenche-as-33-vagas-do-vestibular-de-inverno-nesta-segunda-feira-29\/","title":{"rendered":"Medicina da Unifadra\/Dracena preenche as 33 vagas do Vestibular de Inverno nesta segunda-feira (29)"},"content":{"rendered":"<p style=\"font-weight: 400; text-align: justify;\">O Vestibular de Inverno da Faculdade Unifadra\/Fundec de Dracena recebeu as matr\u00edculas dos aprovados at\u00e9 a segunda-feira (29), completando as 33 vagas com apenas uma chamada de lista de espera.<br \/>\nEste foi o primeiro ano que a Unifadra realizou o Vestibular de Inverno no meio do ano para reserva de vagas para 2020 e foram chamados apenas 9 alunos da lista de espera. A faculdade recebeu matr\u00edculas das cidades paulistas de Dracena, Castilho, Presidente Prudente, Presidente Venceslau, Ol\u00edmpia, Andradina, Pacaembu, Votuporanga, Bernardino de Campos, Sorocaba, Ivaipor\u00e3, e de Tr\u00eas Lagoas\/MS, Parana\u00edba\/MS, Campo Grande\/MS, Carneirinho\/MG, Campo Belo\/MG, Corb\u00e9lia\/PR, Paranava\u00ed\/PR, Fl\u00f3rida\/PR, Arapoti\/PR.<br \/>\nO diretor acad\u00eamico da Unifadra Prof. Dr. Enio Garbelini destacou que, caso haja desist\u00eancia destes alunos matriculados, os candidatos classificados na espera ainda podem ser convocados para manter o n\u00famero de vagas ofertadas. \u201cOs matriculados para esta turma iniciar\u00e3o suas aulas somente no in\u00edcio de 2020\u201d, completou o diretor.<br \/>\nA Unifadra\/Dracena implantou o curso de Medicina em 2017 e conta com tr\u00eas turmas em andamento. \u201cA nossa regi\u00e3o j\u00e1 colhe bons frutos com as atividades que nossos alunos t\u00eam desenvolvido em unidades de sa\u00fade com seus preceptores\u201d, comentou Garbelini.<\/p>\n<p style=\"font-weight: 400; text-align: justify;\">Carolina Colnago<\/p>\n<p style=\"font-weight: 400; text-align: justify;\">Assessora de Comunica\u00e7\u00e3o da Fundec &#8211; Jornalista<\/p>\n<p style=\"text-align: justify;\">Foto: Atendimentos de matr\u00edculas na Secretaria Geral da Fundec.<\/p>\n","protected":false},"excerpt":{"rendered":"<p>O Vestibular de Inverno da Faculdade Unifadra\/Fundec de Dracena recebeu as matr\u00edculas dos aprovados at\u00e9 a segunda-feira (29), completando as 33 vagas com apenas uma chamada de lista de espera. Este foi o primeiro ano que a Unifadra realizou o Vestibular de Inverno no meio do ano para reserva de vagas para 2020 e foram [&hellip;]<\/p>\n","protected":false},"author":1,"featured_media":2503,"comment_status":"closed","ping_status":"open","sticky":false,"template":"","format":"standard","meta":{"footnotes":""},"categories":[110],"tags":[],"class_list":["post-2502","post","type-post","status-publish","format-standard","has-post-thumbnail","hentry","category-noticiasdestaque"],"_links":{"self":[{"href":"https:\/\/jorgezanoni.com.br\/2019\/wp-json\/wp\/v2\/posts\/2502","targetHints":{"allow":["GET"]}}],"collection":[{"href":"https:\/\/jorgezanoni.com.br\/2019\/wp-json\/wp\/v2\/posts"}],"about":[{"href":"https:\/\/jorgezanoni.com.br\/2019\/wp-json\/wp\/v2\/types\/post"}],"author":[{"embeddable":true,"href":"https:\/\/jorgezanoni.com.br\/2019\/wp-json\/wp\/v2\/users\/1"}],"replies":[{"embeddable":true,"href":"https:\/\/jorgezanoni.com.br\/2019\/wp-json\/wp\/v2\/comments?post=2502"}],"version-history":[{"count":0,"href":"https:\/\/jorgezanoni.com.br\/2019\/wp-json\/wp\/v2\/posts\/2502\/revisions"}],"wp:featuredmedia":[{"embeddable":true,"href":"https:\/\/jorgezanoni.com.br\/2019\/wp-json\/wp\/v2\/media\/2503"}],"wp:attachment":[{"href":"https:\/\/jorgezanoni.com.br\/2019\/wp-json\/wp\/v2\/media?parent=2502"}],"wp:term":[{"taxonomy":"category","embeddable":true,"href":"https:\/\/jorgezanoni.com.br\/2019\/wp-json\/wp\/v2\/categories?post=2502"},{"taxonomy":"post_tag","embeddable":true,"href":"https:\/\/jorgezanoni.com.br\/2019\/wp-json\/wp\/v2\/tags?post=2502"}],"curies":[{"name":"wp","href":"https:\/\/api.w.org\/{rel}","templated":true}]}}