{"id":25015,"date":"2020-05-02T14:21:54","date_gmt":"2020-05-02T14:21:54","guid":{"rendered":"https:\/\/jorgezanoni.com.br\/2019\/?p=25015"},"modified":"2020-05-02T14:21:54","modified_gmt":"2020-05-02T14:21:54","slug":"e-o-trabalhador","status":"publish","type":"post","link":"https:\/\/jorgezanoni.com.br\/2019\/e-o-trabalhador\/","title":{"rendered":"E o trabalhador&#8230;"},"content":{"rendered":"<p style=\"text-align: justify;\"><strong>E O TRABALHADOR &#8230;<\/strong><\/p>\n<p style=\"text-align: justify;\"><strong>*CLAUDIVAL CLEMENTE.<\/strong><\/p>\n<p style=\"text-align: justify;\"><strong>**CLAUDIVAL MOURA CLEMENTE<\/strong><\/p>\n<p style=\"text-align: justify;\">Chicago, 1\u00ba de maio de 1886. Milhares de trabalhadores nas ruas protestando contra as condi\u00e7\u00f5es desumanas , exigindo a redu\u00e7\u00e3o do trabalho de 13 horas para 8 horas. A cidade est\u00e1 movimentada, as ruas cheias, os patr\u00f5es indignados com o barulho e a repress\u00e3o foi tremenda: pris\u00f5es, pessoas feridas e at\u00e9 mesmo trabalhadores mortos nos confrontos entre os oper\u00e1rios e a pol\u00edcia. Em mem\u00f3ria a estes trabalhadores, foi institu\u00eddo o dia do trabalhador no mundo.<\/p>\n<p style=\"text-align: justify;\">Aqui no Brasil a comemora\u00e7\u00e3o s\u00f3 iniciou a partir de 1917 por influ\u00eancia dos imigrantes europeus, que pararam o trabalho no dia 1\u00ba de maio para reivindicar direitos, mas a data s\u00f3 foi oficializada em 1924, tornado- se um feriado nacional e sempre voltado \u00e0s comemora\u00e7\u00f5es aos trabalhadores.<\/p>\n<p style=\"text-align: justify;\">Durante o per\u00edodo do governo Get\u00falio Vargas, a data era utilizada tamb\u00e9m para divulgar benef\u00edcios e mudan\u00e7as nas leis trabalhistas. Tanto a institui\u00e7\u00e3o do sal\u00e1rio m\u00ednimo como a cria\u00e7\u00e3o da Justi\u00e7a do Trabalho foram anunciadas em um primeiro de maio.<\/p>\n<p style=\"text-align: justify;\">A CTL Consolida\u00e7\u00e3o das Leis do Trabalho \u2013 conjunto de regras para regular os direitos dos trabalhadores &#8211; \u00a0foi lan\u00e7ada em primeiro de maio de 1943, cujo decreto foi promulgado pelo Presidente Get\u00falio Vargas. Vargas foi considerado durante muito tempo um defensor dos trabalhadores, gra\u00e7as ao seu marcante populismo.<\/p>\n<p style=\"text-align: justify;\">Lamentavelmente em 2020 as comemora\u00e7\u00f5es n\u00e3o poder\u00e3o ser intensas, pois atualmente o pa\u00eds conta com 12,3 milh\u00f5es de pessoas desempregadas. Al\u00e9m disso, a pandemia do covid19 assola o pa\u00eds, que nunca preparou a rede p\u00fablica para atender v\u00e1rios doentes ao mesmo tempo, especialmente uma grave doen\u00e7a respirat\u00f3ria.<\/p>\n<p style=\"text-align: justify;\">Al\u00e9m deste milh\u00f5es de desempregados, existem tamb\u00e9m os informais, que segundo dados fornecidos pela Pnad (Pesquisa Nacional por Amostra de Domic\u00edlios) Cont\u00ednua, divulgada pelo IBGE (Instituto Brasileiro de Geografia e Estat\u00edstica)s\u00e3o considerados os empregados, incluindo os dom\u00e9sticos sem registro em carteira, os aut\u00f4nomos, os profissionais que trabalham por conta pr\u00f3pria sem qualquer inscri\u00e7\u00e3o e os empres\u00e1rios, que de igual forma n\u00e3o t\u00eam inscri\u00e7\u00e3o no Cadastro Nacional de Pessoas Jur\u00eddicas e atingem 38,4 milh\u00f5es.<\/p>\n<p style=\"text-align: justify;\">O governo federal at\u00e9 o presente momento n\u00e3o conseguiu implementar nenhuma medida suficiente para destravar a economia; s\u00f3 a reforma da Previd\u00eancia \u2013 que foi adiante gra\u00e7as ao esfor\u00e7o dos Deputados e Senadores \u2013 n\u00e3o gerou nenhum efeito pr\u00e1tico e nenhum investimento de grande porte foi realizado no Brasil.<\/p>\n<p style=\"text-align: justify;\">A confian\u00e7a para que os investidores possam fazer neg\u00f3cio com os brasileiros n\u00e3o foi devolvida; para se avan\u00e7ar em economia \u00e9 preciso sinais consistentes de estabilidade e seguran\u00e7a jur\u00eddica. As confus\u00f5es pol\u00edticas dos \u00faltimos tempos, em particular a possibilidade de impedimento do Presidente da Rep\u00fablica trazem desconforto \u00e0queles que querem investir.<\/p>\n<p style=\"text-align: justify;\">O plano desenvolvido pela ala militar do governo federal lan\u00e7ado recentemente, n\u00e3o animou os investidores. Primeiro porque \u00e9 um plano tra\u00e7ado pele equipe dos militares do Planalto, que tradicionalmente n\u00e3o tem expertise para assuntos econ\u00f4micos. Em segundo lugar, porque este n\u00e3o \u00e9 o momento para se pensar em infraestrutura, tem que se pensar em criar mecanismos que possam salvar as empresas e consequente manter os empregos dos que ainda se encontram empregados, bem com abrir oportunidades para os desempregados.<\/p>\n<p style=\"text-align: justify;\">Al\u00e9m do mais, a ajuda econ\u00f4mica que o Governo Federal est\u00e1 dando aos desempregados, informais e cadastrados nos programas de benef\u00edcios j\u00e1 existentes, mais a compensa\u00e7\u00e3o aos estados e munic\u00edpios pelas perdas na arrecada\u00e7\u00e3o do ICMS em face ao fechamento do com\u00e9rcio, durante o isolamento social, ir\u00e1 consumir todo o or\u00e7amento financeiro da Uni\u00e3o.<\/p>\n<p style=\"text-align: justify;\">Os trabalhadores precisam tanto de medidas de prote\u00e7\u00e3o ao Covid19 como tamb\u00e9m que sejam seus empregos sejam mantidos e as empresas t\u00eam que continuar funcionando. N\u00e3o se trata de nenhuma f\u00f3rmula m\u00e1gica, \u00e9 indispens\u00e1vel a uni\u00e3o de todos neste sentido, deixando de lado discuss\u00e3o de assuntos sem nenhuma relev\u00e2ncia, como, por exemplo, assuntos pol\u00edticos, reelei\u00e7\u00e3o, popularidade, entre outros aspectos.<\/p>\n<p style=\"text-align: justify;\">O momento \u00e9 grave e cr\u00edtico e somente com a soma de todos os esfor\u00e7os ser\u00e1 poss\u00edvel que o trabalhador possa comemorar o dia que est\u00e1 reservado na hist\u00f3ria das comemora\u00e7\u00f5es. Recebam todos os trabalhadores, nossos mais sinceros cumprimentos e s\u00f3 venceremos esta fase com uni\u00e3o e dinamismo. N\u00e3o podemos nos esquecer, somos todos brasileiros.<\/p>\n<p style=\"text-align: justify;\">Continuemos nosso combate ao inimigo mortal e invis\u00edvel, evitando aglomera\u00e7\u00f5es, mantendo dist\u00e2ncia segura entre as pessoas, usando as m\u00e1scaras e mantendo as m\u00e3os limpas com \u00e1gua e sab\u00e3o ou \u00e1lcool gel.<\/p>\n<p style=\"text-align: justify;\">Juntos somos mais fortes, juntos venceremos. O Brasil ir\u00e1 vencer o v\u00edrus. O Brasil precisa de todos n\u00f3s.<\/p>\n<p style=\"text-align: justify;\">Envie d\u00favidas, coment\u00e1rios ou sugest\u00f5es para <a href=\"mailto:bcrcconsultoria@gmail.com\">bcrcconsultoria@gmail.com<\/a>. At\u00e9 a pr\u00f3xima.<\/p>\n<p style=\"text-align: justify;\">*Formado em Direito pela Universidade Estadual de Direito do Norte Pioneiro em Jacarezinho e em Administra\u00e7\u00e3o de Empresas nas Faculdades Integradas de Ourinhos. MBA em Comunica\u00e7\u00e3o Corporativa pela Universidade Est\u00e1cio de S\u00e1(em curso) . S\u00f3cio s\u00eanior da BCRC Consultoria em Comunica\u00e7\u00e3o.<\/p>\n<p style=\"text-align: justify;\">** Revis\u00e3o e colabora\u00e7\u00e3o\u00a0 &#8211; Acad\u00eamico de Administra\u00e7\u00e3o de Empresas na UNICID.<\/p>\n","protected":false},"excerpt":{"rendered":"<p>E O TRABALHADOR &#8230; *CLAUDIVAL CLEMENTE. **CLAUDIVAL MOURA CLEMENTE Chicago, 1\u00ba de maio de 1886. Milhares de trabalhadores nas ruas protestando contra as condi\u00e7\u00f5es desumanas , exigindo a redu\u00e7\u00e3o do trabalho de 13 horas para 8 horas. A cidade est\u00e1 movimentada, as ruas cheias, os patr\u00f5es indignados com o barulho e a repress\u00e3o foi tremenda: [&hellip;]<\/p>\n","protected":false},"author":1,"featured_media":25016,"comment_status":"closed","ping_status":"open","sticky":false,"template":"","format":"standard","meta":{"footnotes":""},"categories":[175],"tags":[],"class_list":["post-25015","post","type-post","status-publish","format-standard","has-post-thumbnail","hentry","category-artigos"],"_links":{"self":[{"href":"https:\/\/jorgezanoni.com.br\/2019\/wp-json\/wp\/v2\/posts\/25015","targetHints":{"allow":["GET"]}}],"collection":[{"href":"https:\/\/jorgezanoni.com.br\/2019\/wp-json\/wp\/v2\/posts"}],"about":[{"href":"https:\/\/jorgezanoni.com.br\/2019\/wp-json\/wp\/v2\/types\/post"}],"author":[{"embeddable":true,"href":"https:\/\/jorgezanoni.com.br\/2019\/wp-json\/wp\/v2\/users\/1"}],"replies":[{"embeddable":true,"href":"https:\/\/jorgezanoni.com.br\/2019\/wp-json\/wp\/v2\/comments?post=25015"}],"version-history":[{"count":0,"href":"https:\/\/jorgezanoni.com.br\/2019\/wp-json\/wp\/v2\/posts\/25015\/revisions"}],"wp:featuredmedia":[{"embeddable":true,"href":"https:\/\/jorgezanoni.com.br\/2019\/wp-json\/wp\/v2\/media\/25016"}],"wp:attachment":[{"href":"https:\/\/jorgezanoni.com.br\/2019\/wp-json\/wp\/v2\/media?parent=25015"}],"wp:term":[{"taxonomy":"category","embeddable":true,"href":"https:\/\/jorgezanoni.com.br\/2019\/wp-json\/wp\/v2\/categories?post=25015"},{"taxonomy":"post_tag","embeddable":true,"href":"https:\/\/jorgezanoni.com.br\/2019\/wp-json\/wp\/v2\/tags?post=25015"}],"curies":[{"name":"wp","href":"https:\/\/api.w.org\/{rel}","templated":true}]}}