{"id":24977,"date":"2020-05-01T21:44:15","date_gmt":"2020-05-01T21:44:15","guid":{"rendered":"https:\/\/jorgezanoni.com.br\/2019\/?p=24977"},"modified":"2020-05-01T21:44:15","modified_gmt":"2020-05-01T21:44:15","slug":"homem-morre-em-acidente-na-rodovia-assis-chateaubrind","status":"publish","type":"post","link":"https:\/\/jorgezanoni.com.br\/2019\/homem-morre-em-acidente-na-rodovia-assis-chateaubrind\/","title":{"rendered":"Homem morre em acidente na rodovia Assis Chateaubrind"},"content":{"rendered":"<p style=\"text-align: justify;\"><strong>Acidente com v\u00edtima fatal foi registrado na manh\u00e3 de hoje (1\u00ba) na SP-425 \u2013 Rod. Assis Chateaubriand, km 446,700 em Regente Feij\u00f3.<\/strong><\/p>\n<p><img loading=\"lazy\" decoding=\"async\" class=\"alignnone size-full wp-image-24979\" src=\"https:\/\/jorgezanoni.com.br\/2019\/wp-content\/uploads\/2020\/05\/morte1.jpg\" alt=\"\" width=\"1280\" height=\"719\" srcset=\"https:\/\/jorgezanoni.com.br\/2019\/wp-content\/uploads\/2020\/05\/morte1.jpg 1280w, https:\/\/jorgezanoni.com.br\/2019\/wp-content\/uploads\/2020\/05\/morte1-300x169.jpg 300w, https:\/\/jorgezanoni.com.br\/2019\/wp-content\/uploads\/2020\/05\/morte1-1024x575.jpg 1024w, https:\/\/jorgezanoni.com.br\/2019\/wp-content\/uploads\/2020\/05\/morte1-768x431.jpg 768w, https:\/\/jorgezanoni.com.br\/2019\/wp-content\/uploads\/2020\/05\/morte1-696x391.jpg 696w, https:\/\/jorgezanoni.com.br\/2019\/wp-content\/uploads\/2020\/05\/morte1-1068x600.jpg 1068w, https:\/\/jorgezanoni.com.br\/2019\/wp-content\/uploads\/2020\/05\/morte1-748x420.jpg 748w\" sizes=\"auto, (max-width: 1280px) 100vw, 1280px\" \/><\/p>\n<p style=\"text-align: justify;\">Foi registrado um de acidente de tr\u00e2nsito, do tipo colis\u00e3o traseira seguida de colis\u00e3o transversal, gerando 01 (uma) v\u00edtima Fatal; onde o conjunto de transporte de carga (caminh\u00e3o tracionando semirreboque) carregado com etanol, com placas de Campo Grande\/MS, transitava no sentido norte, entre os munic\u00edpios de Presidente Prudente\/SP a Regente Feij\u00f3\/SP e, ao atingir o local dos fatos, por motivos a serem esclarecidos, teve sua traseira colidida pelo autom\u00f3vel celta prata com placas de Indiana\/SP, que transitava em sua retaguarda, em ato cont\u00ednuo, houve uma colis\u00e3o transversal com um autom\u00f3vel Renault Duster com placas de Presidente Prudente\/SP, onde apenas o condutor do Celta foi vitimado.<br \/>\nV\u00edtima M.R.S. de 54 anos, condutor do GM\/celta, foi socorrida pelo Corpo de Bombeiro ao Hospital Regional de Presidente Prudente\/SP, onde n\u00e3o resistiu aos ferimentos e entrou em \u00f3bito naquele nosoc\u00f4mio.<br \/>\nFoi realizado o teste com Etil\u00f4metro, nos condutores do caminh\u00e3o e do autom\u00f3vel Renault Duster, tendo como resultado negativo para o consumo de bebida alco\u00f3lica.<\/p>\n<p style=\"text-align: justify;\">Fonte: 2\u00aa Cia. Pol. Rod.<\/p>\n","protected":false},"excerpt":{"rendered":"<p>Acidente com v\u00edtima fatal foi registrado na manh\u00e3 de hoje (1\u00ba) na SP-425 \u2013 Rod. Assis Chateaubriand, km 446,700 em Regente Feij\u00f3. Foi registrado um de acidente de tr\u00e2nsito, do tipo colis\u00e3o traseira seguida de colis\u00e3o transversal, gerando 01 (uma) v\u00edtima Fatal; onde o conjunto de transporte de carga (caminh\u00e3o tracionando semirreboque) carregado com etanol, [&hellip;]<\/p>\n","protected":false},"author":1,"featured_media":24978,"comment_status":"closed","ping_status":"open","sticky":false,"template":"","format":"standard","meta":{"footnotes":""},"categories":[170,110],"tags":[],"class_list":["post-24977","post","type-post","status-publish","format-standard","has-post-thumbnail","hentry","category-acidentes","category-noticiasdestaque"],"_links":{"self":[{"href":"https:\/\/jorgezanoni.com.br\/2019\/wp-json\/wp\/v2\/posts\/24977","targetHints":{"allow":["GET"]}}],"collection":[{"href":"https:\/\/jorgezanoni.com.br\/2019\/wp-json\/wp\/v2\/posts"}],"about":[{"href":"https:\/\/jorgezanoni.com.br\/2019\/wp-json\/wp\/v2\/types\/post"}],"author":[{"embeddable":true,"href":"https:\/\/jorgezanoni.com.br\/2019\/wp-json\/wp\/v2\/users\/1"}],"replies":[{"embeddable":true,"href":"https:\/\/jorgezanoni.com.br\/2019\/wp-json\/wp\/v2\/comments?post=24977"}],"version-history":[{"count":0,"href":"https:\/\/jorgezanoni.com.br\/2019\/wp-json\/wp\/v2\/posts\/24977\/revisions"}],"wp:featuredmedia":[{"embeddable":true,"href":"https:\/\/jorgezanoni.com.br\/2019\/wp-json\/wp\/v2\/media\/24978"}],"wp:attachment":[{"href":"https:\/\/jorgezanoni.com.br\/2019\/wp-json\/wp\/v2\/media?parent=24977"}],"wp:term":[{"taxonomy":"category","embeddable":true,"href":"https:\/\/jorgezanoni.com.br\/2019\/wp-json\/wp\/v2\/categories?post=24977"},{"taxonomy":"post_tag","embeddable":true,"href":"https:\/\/jorgezanoni.com.br\/2019\/wp-json\/wp\/v2\/tags?post=24977"}],"curies":[{"name":"wp","href":"https:\/\/api.w.org\/{rel}","templated":true}]}}