{"id":24970,"date":"2020-05-01T21:15:04","date_gmt":"2020-05-01T21:15:04","guid":{"rendered":"https:\/\/jorgezanoni.com.br\/2019\/?p=24970"},"modified":"2020-05-01T21:16:49","modified_gmt":"2020-05-01T21:16:49","slug":"caminhao-pega-fogo-na-rodovia-assis-chateaubrind","status":"publish","type":"post","link":"https:\/\/jorgezanoni.com.br\/2019\/caminhao-pega-fogo-na-rodovia-assis-chateaubrind\/","title":{"rendered":"Caminh\u00e3o pega fogo na rodovia Assis Chateaubrind"},"content":{"rendered":"<p><strong>Motorista n\u00e3o se feriu. Apenas danos materiais.<\/strong><\/p>\n<div style=\"width: 640px;\" class=\"wp-video\"><video class=\"wp-video-shortcode\" id=\"video-24970-1\" width=\"640\" height=\"360\" preload=\"metadata\" controls=\"controls\"><source type=\"video\/mp4\" src=\"https:\/\/jorgezanoni.com.br\/2019\/wp-content\/uploads\/2020\/05\/WhatsApp-Video-2020-04-30-at-15.46.28.mp4?_=1\" \/><a href=\"https:\/\/jorgezanoni.com.br\/2019\/wp-content\/uploads\/2020\/05\/WhatsApp-Video-2020-04-30-at-15.46.28.mp4\">https:\/\/jorgezanoni.com.br\/2019\/wp-content\/uploads\/2020\/05\/WhatsApp-Video-2020-04-30-at-15.46.28.mp4<\/a><\/video><\/div>\n<div style=\"width: 696px;\" class=\"wp-video\"><video class=\"wp-video-shortcode\" id=\"video-24970-2\" width=\"696\" height=\"394\" preload=\"metadata\" controls=\"controls\"><source type=\"video\/mp4\" src=\"https:\/\/jorgezanoni.com.br\/2019\/wp-content\/uploads\/2020\/05\/WhatsApp-Video-2020-04-30-at-15.46.27.mp4?_=2\" \/><a href=\"https:\/\/jorgezanoni.com.br\/2019\/wp-content\/uploads\/2020\/05\/WhatsApp-Video-2020-04-30-at-15.46.27.mp4\">https:\/\/jorgezanoni.com.br\/2019\/wp-content\/uploads\/2020\/05\/WhatsApp-Video-2020-04-30-at-15.46.27.mp4<\/a><\/video><\/div>\n<p style=\"text-align: justify;\">Na tarde desta quinta-feira (30), as 14 Hs. na SP 425 \u2013 Rodovia Assis Chateaubriand, km 459 munic\u00edpio de Presidente Prudente\/SP., equipes do Policiamento Rodovi\u00e1rio realizaram o atendimento de ocorr\u00eancia de inc\u00eandio em ve\u00edculo, sendo o envolvido, um conjunto de transporte de carga (Caminh\u00e3o Trator Mercedes-Benz\/Axor e Semi-Reboque\/Refrigerado) que seguia sentido aos munic\u00edpios de Pirapozinho a Pres. Prudente\/SP, quando no local citado, o condutor (42 anos\/*Ileso*) percebeu o princ\u00edpio de inc\u00eandio em uma das rodas do caminh\u00e3o trator e, a tempo, desatrelou a unidade tracionada, minimizando os danos materiais. Com a chegada das equipes do Corpo de Bombeiros o inc\u00eandio foi controlado e extinto.<\/p>\n<p style=\"text-align: justify;\">Houve pontual interrup\u00e7\u00e3o do fluxo de ve\u00edculos no local, em virtude da a\u00e7\u00e3o das equipes do Corpo de Bombeiros e principalmente, para seguran\u00e7a dos usu\u00e1rios da rodovia e equipes.<\/p>\n<p style=\"text-align: justify;\">No atendimento, al\u00e9m de equipes do Policiamento Rodovi\u00e1rio e Corpo de Bombeiros, houve tamb\u00e9m o apoio de unidades do DER (Departamento de Estradas de Rodagem).<\/p>\n<p><img loading=\"lazy\" decoding=\"async\" class=\"alignnone size-full wp-image-24973\" src=\"https:\/\/jorgezanoni.com.br\/2019\/wp-content\/uploads\/2020\/05\/fogo.jpg\" alt=\"\" width=\"719\" height=\"1280\" srcset=\"https:\/\/jorgezanoni.com.br\/2019\/wp-content\/uploads\/2020\/05\/fogo.jpg 719w, https:\/\/jorgezanoni.com.br\/2019\/wp-content\/uploads\/2020\/05\/fogo-169x300.jpg 169w, https:\/\/jorgezanoni.com.br\/2019\/wp-content\/uploads\/2020\/05\/fogo-575x1024.jpg 575w, https:\/\/jorgezanoni.com.br\/2019\/wp-content\/uploads\/2020\/05\/fogo-696x1239.jpg 696w, https:\/\/jorgezanoni.com.br\/2019\/wp-content\/uploads\/2020\/05\/fogo-236x420.jpg 236w\" sizes=\"auto, (max-width: 719px) 100vw, 719px\" \/><\/p>\n<p>Fonte: 2\u00aa Cia. Pol. Rod.<\/p>\n<p>Fotos e v\u00eddeo de Internauta<\/p>\n","protected":false},"excerpt":{"rendered":"<p>Motorista n\u00e3o se feriu. Apenas danos materiais. Na tarde desta quinta-feira (30), as 14 Hs. na SP 425 \u2013 Rodovia Assis Chateaubriand, km 459 munic\u00edpio de Presidente Prudente\/SP., equipes do Policiamento Rodovi\u00e1rio realizaram o atendimento de ocorr\u00eancia de inc\u00eandio em ve\u00edculo, sendo o envolvido, um conjunto de transporte de carga (Caminh\u00e3o Trator Mercedes-Benz\/Axor e Semi-Reboque\/Refrigerado) [&hellip;]<\/p>\n","protected":false},"author":1,"featured_media":24975,"comment_status":"closed","ping_status":"open","sticky":false,"template":"","format":"video","meta":{"footnotes":""},"categories":[170,110,169],"tags":[],"class_list":["post-24970","post","type-post","status-publish","format-video","has-post-thumbnail","hentry","category-acidentes","category-noticiasdestaque","category-videos","post_format-post-format-video"],"_links":{"self":[{"href":"https:\/\/jorgezanoni.com.br\/2019\/wp-json\/wp\/v2\/posts\/24970","targetHints":{"allow":["GET"]}}],"collection":[{"href":"https:\/\/jorgezanoni.com.br\/2019\/wp-json\/wp\/v2\/posts"}],"about":[{"href":"https:\/\/jorgezanoni.com.br\/2019\/wp-json\/wp\/v2\/types\/post"}],"author":[{"embeddable":true,"href":"https:\/\/jorgezanoni.com.br\/2019\/wp-json\/wp\/v2\/users\/1"}],"replies":[{"embeddable":true,"href":"https:\/\/jorgezanoni.com.br\/2019\/wp-json\/wp\/v2\/comments?post=24970"}],"version-history":[{"count":0,"href":"https:\/\/jorgezanoni.com.br\/2019\/wp-json\/wp\/v2\/posts\/24970\/revisions"}],"wp:featuredmedia":[{"embeddable":true,"href":"https:\/\/jorgezanoni.com.br\/2019\/wp-json\/wp\/v2\/media\/24975"}],"wp:attachment":[{"href":"https:\/\/jorgezanoni.com.br\/2019\/wp-json\/wp\/v2\/media?parent=24970"}],"wp:term":[{"taxonomy":"category","embeddable":true,"href":"https:\/\/jorgezanoni.com.br\/2019\/wp-json\/wp\/v2\/categories?post=24970"},{"taxonomy":"post_tag","embeddable":true,"href":"https:\/\/jorgezanoni.com.br\/2019\/wp-json\/wp\/v2\/tags?post=24970"}],"curies":[{"name":"wp","href":"https:\/\/api.w.org\/{rel}","templated":true}]}}