{"id":24967,"date":"2020-05-01T19:47:09","date_gmt":"2020-05-01T19:47:09","guid":{"rendered":"https:\/\/jorgezanoni.com.br\/2019\/?p=24967"},"modified":"2020-05-01T19:47:09","modified_gmt":"2020-05-01T19:47:09","slug":"ferrari-faz-homenagem-a-ayrton-senna-nas-redes-sociais-26-anos-apos-sua-morte","status":"publish","type":"post","link":"https:\/\/jorgezanoni.com.br\/2019\/ferrari-faz-homenagem-a-ayrton-senna-nas-redes-sociais-26-anos-apos-sua-morte\/","title":{"rendered":"Ferrari faz homenagem a Ayrton Senna nas redes sociais 26 anos ap\u00f3s sua morte"},"content":{"rendered":"<p style=\"text-align: justify;\">A Ferrari publicou nesta sexta-feira (1\u00ba) uma s\u00e9rie de postagens em homenagens a Ayrton Senna, tricampe\u00e3o mundial de F\u00f3rmula 1, que morreu exatos 26 anos atr\u00e1s, durante a realiza\u00e7\u00e3o do Grande Pr\u00eamio de San Marino da categoria.<\/p>\n<p style=\"text-align: justify;\">\u201cUm de nossos maiores rivais. Hoje, nos unimos para recordar a lenda que foi Ayrton Senna\u201d, publicou a escuderia italiana, em texto acompanhado de uma imagem do brasileiro.<\/p>\n<p style=\"text-align: justify;\">Campe\u00e3o tr\u00eas vezes com a McLaren e tamb\u00e9m tendo pilotado Toleman, Lotus e Williams, Senna nunca escondeu o carinho com a Ferrari, al\u00e9m do desejo de guiar um dos carros da equipe italiana na F-1.<\/p>\n<p style=\"text-align: justify;\">Al\u00e9m de se manifestar oficialmente sobre o brasileiro, o mais tradicional time da categoria de monopostos ainda publicou declara\u00e7\u00f5es dos atuais pilotos, como o alem\u00e3o Sebastian Vettel, que falou de uma vit\u00f3ria inesquec\u00edvel.<\/p>\n<p style=\"text-align: justify;\">Fonte: https:\/\/jovempan.com.br\/esportes\/<\/p>\n<div class=\"SandboxRoot env-bp-350\" style=\"text-align: justify;\" data-twitter-event-id=\"0\">\n<div id=\"twitter-widget-0\" class=\"EmbeddedTweet EmbeddedTweet--cta js-clickToOpenTarget\" lang=\"pt\" data-click-to-open-target=\"https:\/\/twitter.com\/ScuderiaFerrari\/status\/1256126967734243328\" data-iframe-title=\"Tweet do Twitter\" data-scribe=\"page:tweet\" data-twitter-event-id=\"3\">\n<div class=\"EmbeddedTweet-ancestor EmbeddedTweet-ancestor--repliesRefresh\" data-scribe=\"section:conversation\"><\/div>\n<\/div>\n<\/div>\n<p style=\"text-align: justify;\">\n","protected":false},"excerpt":{"rendered":"<p>A Ferrari publicou nesta sexta-feira (1\u00ba) uma s\u00e9rie de postagens em homenagens a Ayrton Senna, tricampe\u00e3o mundial de F\u00f3rmula 1, que morreu exatos 26 anos atr\u00e1s, durante a realiza\u00e7\u00e3o do Grande Pr\u00eamio de San Marino da categoria. \u201cUm de nossos maiores rivais. Hoje, nos unimos para recordar a lenda que foi Ayrton Senna\u201d, publicou a [&hellip;]<\/p>\n","protected":false},"author":1,"featured_media":24968,"comment_status":"closed","ping_status":"open","sticky":false,"template":"","format":"standard","meta":{"footnotes":""},"categories":[111,110],"tags":[],"class_list":["post-24967","post","type-post","status-publish","format-standard","has-post-thumbnail","hentry","category-esporteecultura","category-noticiasdestaque"],"_links":{"self":[{"href":"https:\/\/jorgezanoni.com.br\/2019\/wp-json\/wp\/v2\/posts\/24967","targetHints":{"allow":["GET"]}}],"collection":[{"href":"https:\/\/jorgezanoni.com.br\/2019\/wp-json\/wp\/v2\/posts"}],"about":[{"href":"https:\/\/jorgezanoni.com.br\/2019\/wp-json\/wp\/v2\/types\/post"}],"author":[{"embeddable":true,"href":"https:\/\/jorgezanoni.com.br\/2019\/wp-json\/wp\/v2\/users\/1"}],"replies":[{"embeddable":true,"href":"https:\/\/jorgezanoni.com.br\/2019\/wp-json\/wp\/v2\/comments?post=24967"}],"version-history":[{"count":0,"href":"https:\/\/jorgezanoni.com.br\/2019\/wp-json\/wp\/v2\/posts\/24967\/revisions"}],"wp:featuredmedia":[{"embeddable":true,"href":"https:\/\/jorgezanoni.com.br\/2019\/wp-json\/wp\/v2\/media\/24968"}],"wp:attachment":[{"href":"https:\/\/jorgezanoni.com.br\/2019\/wp-json\/wp\/v2\/media?parent=24967"}],"wp:term":[{"taxonomy":"category","embeddable":true,"href":"https:\/\/jorgezanoni.com.br\/2019\/wp-json\/wp\/v2\/categories?post=24967"},{"taxonomy":"post_tag","embeddable":true,"href":"https:\/\/jorgezanoni.com.br\/2019\/wp-json\/wp\/v2\/tags?post=24967"}],"curies":[{"name":"wp","href":"https:\/\/api.w.org\/{rel}","templated":true}]}}