{"id":24964,"date":"2020-05-01T19:27:22","date_gmt":"2020-05-01T19:27:22","guid":{"rendered":"https:\/\/jorgezanoni.com.br\/2019\/?p=24964"},"modified":"2020-05-01T19:27:22","modified_gmt":"2020-05-01T19:27:22","slug":"hoje-1o-de-maio-comemoramos-o-dia-do-trabalho","status":"publish","type":"post","link":"https:\/\/jorgezanoni.com.br\/2019\/hoje-1o-de-maio-comemoramos-o-dia-do-trabalho\/","title":{"rendered":"Hoje, 1\u00ba de maio comemoramos o &#8220;Dia do Trabalho&#8221;"},"content":{"rendered":"<h1 id=\"firstHeading\" class=\"firstHeading\" lang=\"pt\" style=\"text-align: justify;\">Dia do Trabalhador<\/h1>\n<p style=\"text-align: justify;\">O\u00a0<b>Dia do Trabalhador<\/b>,<sup id=\"cite_ref-1\" class=\"reference\"><a href=\"https:\/\/pt.wikipedia.org\/wiki\/Dia_do_Trabalhador#cite_note-1\">[1]<\/a><\/sup>\u00a0<b>Dia do Trabalho<\/b>,<sup id=\"cite_ref-2\" class=\"reference\"><a href=\"https:\/\/pt.wikipedia.org\/wiki\/Dia_do_Trabalhador#cite_note-2\">[2]<\/a><\/sup>\u00a0<b>Dia Internacional dos Trabalhadores<\/b>\u00a0ou\u00a0<b>Festa do Trabalhador<\/b><sup id=\"cite_ref-3\" class=\"reference\"><a href=\"https:\/\/pt.wikipedia.org\/wiki\/Dia_do_Trabalhador#cite_note-3\">[3]<\/a><\/sup>\u00a0\u00e9 uma\u00a0<a title=\"Datas comemorativas\" href=\"https:\/\/pt.wikipedia.org\/wiki\/Datas_comemorativas\">data comemorativa<\/a>\u00a0internacional, dedicada aos\u00a0<a title=\"Trabalhador\" href=\"https:\/\/pt.wikipedia.org\/wiki\/Trabalhador\">trabalhadores<\/a>, celebrada anualmente no dia\u00a0<a title=\"1 de maio\" href=\"https:\/\/pt.wikipedia.org\/wiki\/1_de_maio\">1 de maio<\/a>, em quase todos os pa\u00edses do mundo, sendo\u00a0<a title=\"Feriado\" href=\"https:\/\/pt.wikipedia.org\/wiki\/Feriado\">feriado<\/a>\u00a0em muitos deles.<\/p>\n<p style=\"text-align: justify;\">A homenagem remonta ao dia 1 de maio de 1886, quando uma greve foi iniciada na cidade\u00a0<a title=\"Estados Unidos\" href=\"https:\/\/pt.wikipedia.org\/wiki\/Estados_Unidos\">norte-americana<\/a>\u00a0de\u00a0<a title=\"Chicago\" href=\"https:\/\/pt.wikipedia.org\/wiki\/Chicago\">Chicago<\/a>, com o objetivo de conquistar condi\u00e7\u00f5es melhores de trabalho, principalmente a redu\u00e7\u00e3o da\u00a0<a title=\"Jornada de trabalho\" href=\"https:\/\/pt.wikipedia.org\/wiki\/Jornada_de_trabalho\">jornada de trabalho<\/a>\u00a0di\u00e1ria, que chegava a 17 horas, para\u00a0<a title=\"Jornada de oito horas\" href=\"https:\/\/pt.wikipedia.org\/wiki\/Jornada_de_oito_horas\">oito horas<\/a>. Nessa manifesta\u00e7\u00e3o, houve confronto com policiais o que resultou em pris\u00f5es e mortes de trabalhadores. Seria esta uma manifesta\u00e7\u00e3o que serviria de inspira\u00e7\u00e3o para muitas outras que se seguiria. Essas lutas de trabalhadores n\u00e3o foram em v\u00e3o. \u201cOs trabalhadores de todo o mundo conquistaram uma s\u00e9rie de direitos e, em alguns pa\u00edses, tais direitos ganharam c\u00f3digos de trabalho e tamb\u00e9m est\u00e3o sancionados por Constitui\u00e7\u00f5es. &#8220;<sup id=\"cite_ref-4\" class=\"reference\"><a href=\"https:\/\/pt.wikipedia.org\/wiki\/Dia_do_Trabalhador#cite_note-4\">[4]<\/a><\/sup><\/p>\n<p style=\"text-align: justify;\">No per\u00edodo\u00a0<a class=\"mw-redirect\" title=\"Entre-guerras\" href=\"https:\/\/pt.wikipedia.org\/wiki\/Entre-guerras\">entre-guerras<\/a>, a dura\u00e7\u00e3o m\u00e1xima da jornada de trabalho foi fixada em oito horas, na maior parte dos pa\u00edses industrializados.<sup id=\"cite_ref-5\" class=\"reference\"><a href=\"https:\/\/pt.wikipedia.org\/wiki\/Dia_do_Trabalhador#cite_note-5\">[5]<\/a><\/sup><\/p>\n<p style=\"text-align: justify;\">No\u00a0<a title=\"Calend\u00e1rio lit\u00fargico\" href=\"https:\/\/pt.wikipedia.org\/wiki\/Calend%C3%A1rio_lit%C3%BArgico\">calend\u00e1rio lit\u00fargico<\/a>, o dia celebra a mem\u00f3ria de\u00a0<a title=\"S\u00e3o Jos\u00e9\" href=\"https:\/\/pt.wikipedia.org\/wiki\/S%C3%A3o_Jos%C3%A9\">S\u00e3o Jos\u00e9 Oper\u00e1rio<\/a>, o santo padroeiro dos\u00a0<a class=\"mw-redirect\" title=\"Trabalhadores\" href=\"https:\/\/pt.wikipedia.org\/wiki\/Trabalhadores\">trabalhadores<\/a>.<\/p>\n<h2 style=\"text-align: justify;\"><span id=\"Hist\u00f3ria\" class=\"mw-headline\">Hist\u00f3ria<\/span><\/h2>\n<h3 style=\"text-align: justify;\"><span id=\"Origens_oper.C3.A1rias_e_anarquistas\"><\/span><span id=\"Origens_oper\u00e1rias_e_anarquistas\" class=\"mw-headline\">Origens oper\u00e1rias e anarquistas<\/span><\/h3>\n<div class=\"hatnote\" style=\"text-align: justify;\"><img loading=\"lazy\" decoding=\"async\" src=\"https:\/\/upload.wikimedia.org\/wikipedia\/commons\/thumb\/3\/3a\/Magnifying_glass_01.svg\/17px-Magnifying_glass_01.svg.png\" srcset=\"\/\/upload.wikimedia.org\/wikipedia\/commons\/thumb\/3\/3a\/Magnifying_glass_01.svg\/26px-Magnifying_glass_01.svg.png 1.5x, \/\/upload.wikimedia.org\/wikipedia\/commons\/thumb\/3\/3a\/Magnifying_glass_01.svg\/34px-Magnifying_glass_01.svg.png 2x\" alt=\"\" width=\"17\" height=\"17\" data-file-width=\"663\" data-file-height=\"659\" \/>Ver artigo principal:\u00a0<a title=\"Revolta de Haymarket\" href=\"https:\/\/pt.wikipedia.org\/wiki\/Revolta_de_Haymarket\">Revolta de Haymarket<\/a><\/div>\n<p style=\"text-align: justify;\">Nos\u00a0<a title=\"Estados Unidos\" href=\"https:\/\/pt.wikipedia.org\/wiki\/Estados_Unidos\">Estados Unidos<\/a>, durante o congresso de\u00a0<a title=\"1884\" href=\"https:\/\/pt.wikipedia.org\/wiki\/1884\">1884<\/a>, os\u00a0<a class=\"mw-redirect\" title=\"Sindicatos\" href=\"https:\/\/pt.wikipedia.org\/wiki\/Sindicatos\">sindicatos<\/a>\u00a0estabelecem o prazo de dois anos para conseguir impor aos empregadores a limita\u00e7\u00e3o da jornada de trabalho para oito horas. Eles iniciaram a campanha em 1 de maio, quando muitas empresas come\u00e7avam seu\u00a0<a class=\"mw-redirect\" title=\"Ano cont\u00e1bil\" href=\"https:\/\/pt.wikipedia.org\/wiki\/Ano_cont%C3%A1bil\">ano cont\u00e1bil<\/a>, os contratos de trabalho terminavam e os trabalhadores buscavam outros empregos. Estimulada pelos\u00a0<a class=\"mw-redirect\" title=\"Anarquistas\" href=\"https:\/\/pt.wikipedia.org\/wiki\/Anarquistas\">anarquistas<\/a>, a ades\u00e3o \u00e0 greve geral de 1 de maio de\u00a0<a title=\"1886\" href=\"https:\/\/pt.wikipedia.org\/wiki\/1886\">1886<\/a>\u00a0foi ampla,<sup id=\"cite_ref-Baillargon_6-0\" class=\"reference\"><a href=\"https:\/\/pt.wikipedia.org\/wiki\/Dia_do_Trabalhador#cite_note-Baillargon-6\">[6]<\/a><\/sup>\u00a0envolvendo cerca de 340.000 trabalhadores em todo o pa\u00eds.<\/p>\n<p style=\"text-align: justify;\">Em\u00a0<a title=\"Chicago\" href=\"https:\/\/pt.wikipedia.org\/wiki\/Chicago\">Chicago<\/a>, a greve atingiu v\u00e1rias empresas. No dia 3 de maio, durante uma manifesta\u00e7\u00e3o, grevistas da f\u00e1brica\u00a0<i>McCormick<\/i>\u00a0saem em persegui\u00e7\u00e3o aos indiv\u00edduos contratados pela empresa para furar a greve. S\u00e3o recebidos pelos detetives da\u00a0<a class=\"mw-redirect\" title=\"Ag\u00eancia Pinkerton\" href=\"https:\/\/pt.wikipedia.org\/wiki\/Ag%C3%AAncia_Pinkerton\">ag\u00eancia Pinkerton<\/a>\u00a0e policiais armados de rifles. O confronto resulta em tr\u00eas trabalhadores mortos. No dia seguinte, realiza-se uma marcha de protesto e, \u00e0 noite, ap\u00f3s a multid\u00e3o se dispersar na\u00a0<i>Haymarket Square<\/i>, restaram cerca de 200 manifestantes e o mesmo n\u00famero de policiais. Foi quando uma bomba explodiu perto dos policiais, matando um deles. Sete outros foram mortos no confronto que se seguiu.<\/p>\n<p style=\"text-align: justify;\">Em consequ\u00eancia desses eventos, os sindicalistas\u00a0<a class=\"mw-redirect\" title=\"Anarquistas\" href=\"https:\/\/pt.wikipedia.org\/wiki\/Anarquistas\">anarquistas<\/a>\u00a0<a title=\"Albert Parsons\" href=\"https:\/\/pt.wikipedia.org\/wiki\/Albert_Parsons\">Albert Parsons<\/a>,\u00a0<a title=\"Adolph Fischer\" href=\"https:\/\/pt.wikipedia.org\/wiki\/Adolph_Fischer\">Adolph Fischer<\/a>,\u00a0<a title=\"George Engel\" href=\"https:\/\/pt.wikipedia.org\/wiki\/George_Engel\">George Engel<\/a>,\u00a0<a title=\"August Spies\" href=\"https:\/\/pt.wikipedia.org\/wiki\/August_Spies\">August Spies<\/a>\u00a0e\u00a0<a title=\"Louis Lingg\" href=\"https:\/\/pt.wikipedia.org\/wiki\/Louis_Lingg\">Louis Lingg<\/a>, foram condenados \u00e0 forca, apesar da inexist\u00eancia de provas. Louis Lingg cometeu suic\u00eddio na pris\u00e3o, ingerindo uma c\u00e1psula explosiva. Os outros quatro foram enforcados em\u00a0<a title=\"11 de novembro\" href=\"https:\/\/pt.wikipedia.org\/wiki\/11_de_novembro\">11 de novembro<\/a>\u00a0de\u00a0<a title=\"1887\" href=\"https:\/\/pt.wikipedia.org\/wiki\/1887\">1887<\/a>, dia que ficou conhecido como\u00a0<i>Black Friday<\/i>. Tr\u00eas outros foram condenados \u00e0\u00a0<a title=\"Pris\u00e3o perp\u00e9tua\" href=\"https:\/\/pt.wikipedia.org\/wiki\/Pris%C3%A3o_perp%C3%A9tua\">pris\u00e3o perp\u00e9tua<\/a>. Em\u00a0<a title=\"1893\" href=\"https:\/\/pt.wikipedia.org\/wiki\/1893\">1893<\/a>\u00a0eles foram inocentados e reabilitados pelo governador de\u00a0<a title=\"Illinois\" href=\"https:\/\/pt.wikipedia.org\/wiki\/Illinois\">Illinois<\/a>, que confirmou ter sido o chefe da pol\u00edcia quem organizara tudo, inclusive encomendando o atentado para justificar a\u00a0<a title=\"Repress\u00e3o pol\u00edtica\" href=\"https:\/\/pt.wikipedia.org\/wiki\/Repress%C3%A3o_pol%C3%ADtica\">repress\u00e3o<\/a> que viria a seguir.<sup id=\"cite_ref-Brasil_gov_11-0\" class=\"reference\"><\/sup><\/p>\n<div class=\"thumb tleft\" style=\"text-align: justify;\">\n<div class=\"thumbinner\"><a class=\"image\" href=\"https:\/\/pt.wikipedia.org\/wiki\/Ficheiro:A._Apsit._1_may_.jpg\"><img loading=\"lazy\" decoding=\"async\" class=\"thumbimage\" src=\"https:\/\/upload.wikimedia.org\/wikipedia\/commons\/thumb\/d\/de\/A._Apsit._1_may_.jpg\/200px-A._Apsit._1_may_.jpg\" srcset=\"\/\/upload.wikimedia.org\/wikipedia\/commons\/thumb\/d\/de\/A._Apsit._1_may_.jpg\/300px-A._Apsit._1_may_.jpg 1.5x, \/\/upload.wikimedia.org\/wikipedia\/commons\/thumb\/d\/de\/A._Apsit._1_may_.jpg\/400px-A._Apsit._1_may_.jpg 2x\" alt=\"\" width=\"200\" height=\"265\" data-file-width=\"1440\" data-file-height=\"1911\" \/><\/a><\/p>\n<div class=\"thumbcaption\">\n<div class=\"magnify\">Cartaz <a title=\"R\u00fassia\" href=\"https:\/\/pt.wikipedia.org\/wiki\/R%C3%BAssia\">russo<\/a>, alusivo ao dia 1\u00ba de maio:<i>Trabalhadores n\u00e3o t\u00eam nada a perder, a n\u00e3o ser suas correntes &#8230;<\/i>\u00a0(1919).<\/div>\n<\/div>\n<\/div>\n<\/div>\n<p style=\"text-align: justify;\">No 20 de junho de 1889, a segunda\u00a0<a title=\"Internacional Socialista\" href=\"https:\/\/pt.wikipedia.org\/wiki\/Internacional_Socialista\">Internacional Socialista<\/a>, reunida em\u00a0<a title=\"Paris\" href=\"https:\/\/pt.wikipedia.org\/wiki\/Paris\">Paris<\/a>, decidiu convocar anualmente uma manifesta\u00e7\u00e3o com o objetivo de lutar pela jornada de 8 horas de trabalho. A data escolhida foi o primeiro dia de maio, como homenagem \u00e0s lutas sindicais de Chicago. Em\u00a0<a class=\"mw-redirect\" title=\"1\u00ba de maio\" href=\"https:\/\/pt.wikipedia.org\/wiki\/1%C2%BA_de_maio\">1\u00ba de maio<\/a>\u00a0de\u00a0<a title=\"1891\" href=\"https:\/\/pt.wikipedia.org\/wiki\/1891\">1891<\/a>, uma manifesta\u00e7\u00e3o no norte de\u00a0<a title=\"Fran\u00e7a\" href=\"https:\/\/pt.wikipedia.org\/wiki\/Fran%C3%A7a\">Fran\u00e7a<\/a>\u00a0foi dispersada pela pol\u00edcia, resultando na morte de dez manifestantes. Esse novo drama serviu para refor\u00e7ar o significado da data como um dia de luta dos trabalhadores. Meses depois, a Internacional Socialista de\u00a0<a title=\"Bruxelas\" href=\"https:\/\/pt.wikipedia.org\/wiki\/Bruxelas\">Bruxelas<\/a>\u00a0proclamou a data como dia internacional de reivindica\u00e7\u00e3o de condi\u00e7\u00f5es laborais.<sup id=\"cite_ref-Brasil_escola_8-2\" class=\"reference\"><a href=\"https:\/\/pt.wikipedia.org\/wiki\/Dia_do_Trabalhador#cite_note-Brasil_escola-8\">[8]<\/a><\/sup><sup id=\"cite_ref-Sua_pesquisa_9-1\" class=\"reference\"><a href=\"https:\/\/pt.wikipedia.org\/wiki\/Dia_do_Trabalhador#cite_note-Sua_pesquisa-9\">[9]<\/a><\/sup><sup id=\"cite_ref-Brasil_gov_11-1\" class=\"reference\"><a href=\"https:\/\/pt.wikipedia.org\/wiki\/Dia_do_Trabalhador#cite_note-Brasil_gov-11\">[11]<\/a><\/sup><\/p>\n<p style=\"text-align: justify;\">Em\u00a0<a title=\"23 de abril\" href=\"https:\/\/pt.wikipedia.org\/wiki\/23_de_abril\">23 de abril<\/a>\u00a0de\u00a0<a title=\"1919\" href=\"https:\/\/pt.wikipedia.org\/wiki\/1919\">1919<\/a>, o\u00a0<a class=\"mw-redirect\" title=\"Senado franc\u00eas\" href=\"https:\/\/pt.wikipedia.org\/wiki\/Senado_franc%C3%AAs\">senado franc\u00eas<\/a>\u00a0ratificou a jornada de 8 horas e proclamou feriado o dia 1\u00ba de maio daquele ano. Em 1920, a ent\u00e3o\u00a0<a title=\"Uni\u00e3o Sovi\u00e9tica\" href=\"https:\/\/pt.wikipedia.org\/wiki\/Uni%C3%A3o_Sovi%C3%A9tica\">Uni\u00e3o Sovi\u00e9tica<\/a>\u00a0adotou o 1\u00ba de maio como feriado nacional, sendo seguida por alguns pa\u00edses.<sup id=\"cite_ref-Brasil_escola_8-3\" class=\"reference\"><a href=\"https:\/\/pt.wikipedia.org\/wiki\/Dia_do_Trabalhador#cite_note-Brasil_escola-8\">[8]<\/a><\/sup><\/p>\n<p style=\"text-align: justify;\">As lutas e manifesta\u00e7\u00f5es russas inspiraram artistas de todo o mundo que tinham o socialismo como ideologia. Dentre eles destaca-se o artista mexicano Diego Rivera, o qual consegui expressar sua admira\u00e7\u00e3o ao passado da luta dos trabalhadores em uma de suas obras que retrata a\u00a0<i><a class=\"external text\" href=\"https:\/\/www.wikiart.org\/en\/diego-rivera\/may-day-procession-in-moscow-1956\" rel=\"nofollow\">Manifesta\u00e7\u00e3o de Primeiro de Maio em Moscou.<\/a>,<\/i>\u00a0finalizada em 1956.<\/p>\n<p style=\"text-align: justify;\">At\u00e9 hoje, o governo dos Estados Unidos se nega a reconhecer o primeiro dia de maio como o Dia do Trabalhador. Em 1890, a luta dos trabalhadores norte-americanos fez com que o\u00a0<a title=\"Congresso dos Estados Unidos\" href=\"https:\/\/pt.wikipedia.org\/wiki\/Congresso_dos_Estados_Unidos\">Congresso<\/a>\u00a0aprovasse a redu\u00e7\u00e3o da jornada de trabalho, de 16 horas para 8 horas di\u00e1rias.<\/p>\n<h3 style=\"text-align: justify;\"><span id=\"Dia_do_Trabalhador_no_Brasil\" class=\"mw-headline\">Dia do Trabalhador no Brasil<\/span><\/h3>\n<p style=\"text-align: justify;\">Discurso de Get\u00falio Vargas no Dia do Trabalho, em 1 de maio de 1940<\/p>\n<p style=\"text-align: justify;\">Com a chegada de imigrantes europeus no Brasil, as ideias de luta pelos direitos dos trabalhadores vieram junto. Em\u00a0<a title=\"1917\" href=\"https:\/\/pt.wikipedia.org\/wiki\/1917\">1917<\/a>, houve uma\u00a0<a class=\"mw-redirect\" title=\"Greve geral no Brasil em 1917\" href=\"https:\/\/pt.wikipedia.org\/wiki\/Greve_geral_no_Brasil_em_1917\">Greve geral<\/a>. Com o crescimento do\u00a0<a class=\"mw-redirect\" title=\"Classe oper\u00e1ria\" href=\"https:\/\/pt.wikipedia.org\/wiki\/Classe_oper%C3%A1ria\">operariado<\/a>, o dia 1 de maio foi declarado feriado pelo presidente\u00a0<a title=\"Artur Bernardes\" href=\"https:\/\/pt.wikipedia.org\/wiki\/Artur_Bernardes\">Artur Bernardes<\/a>, em 1925.<sup id=\"cite_ref-Brasil_escola_8-4\" class=\"reference\"><a href=\"https:\/\/pt.wikipedia.org\/wiki\/Dia_do_Trabalhador#cite_note-Brasil_escola-8\">[8]<\/a><\/sup><sup id=\"cite_ref-ebc_10-1\" class=\"reference\"><a href=\"https:\/\/pt.wikipedia.org\/wiki\/Dia_do_Trabalhador#cite_note-ebc-10\">[10]<\/a><\/sup><sup id=\"cite_ref-Brasil_gov_11-2\" class=\"reference\"><a href=\"https:\/\/pt.wikipedia.org\/wiki\/Dia_do_Trabalhador#cite_note-Brasil_gov-11\">[11]<\/a><\/sup><\/p>\n<p style=\"text-align: justify;\">At\u00e9 o in\u00edcio da\u00a0<a title=\"Era Vargas\" href=\"https:\/\/pt.wikipedia.org\/wiki\/Era_Vargas\">Era Vargas<\/a>\u00a0(1930\u20131945) certos tipos de agremia\u00e7\u00e3o dos trabalhadores fabris eram bastante comuns, embora n\u00e3o constitu\u00edsse um grupo pol\u00edtico muito forte, dada a incipiente industrializa\u00e7\u00e3o do pa\u00eds. O movimento oper\u00e1rio caracterizou-se, em um primeiro momento, teve influ\u00eancias do\u00a0<a title=\"Anarquismo\" href=\"https:\/\/pt.wikipedia.org\/wiki\/Anarquismo\">anarquismo<\/a>\u00a0e, mais tarde, do\u00a0<a title=\"Comunismo\" href=\"https:\/\/pt.wikipedia.org\/wiki\/Comunismo\">comunismo<\/a>, mas com a chegada de\u00a0<a title=\"Get\u00falio Vargas\" href=\"https:\/\/pt.wikipedia.org\/wiki\/Get%C3%BAlio_Vargas\">Get\u00falio Vargas<\/a>\u00a0ao poder, essas influ\u00eancias foram gradativamente dissolvidas pelo chamado\u00a0<a title=\"Trabalhismo\" href=\"https:\/\/pt.wikipedia.org\/wiki\/Trabalhismo\">trabalhismo<\/a>.<sup id=\"cite_ref-Brasil_gov_11-3\" class=\"reference\"><a href=\"https:\/\/pt.wikipedia.org\/wiki\/Dia_do_Trabalhador#cite_note-Brasil_gov-11\">[11]<\/a><\/sup><\/p>\n<p style=\"text-align: justify;\">At\u00e9 ent\u00e3o, o Dia do Trabalhador era considerado, no \u00e2mbito dos movimentos anarquistas e comunistas, como um momento de luta, protesto e cr\u00edtica \u00e0s estruturas socioecon\u00f4micas do pa\u00eds. A propaganda trabalhista de\u00a0<a title=\"Get\u00falio Vargas\" href=\"https:\/\/pt.wikipedia.org\/wiki\/Get%C3%BAlio_Vargas\">Vargas<\/a>, sutilmente, transformou um dia destinado a celebrar o\u00a0<i>trabalhador<\/i>\u00a0em\u00a0<b>Dia do Trabalho<\/b>. Tal mudan\u00e7a, aparentemente superficial, alterou profundamente as atividades realizadas no 1\u00ba de maio. At\u00e9 ent\u00e3o marcado por piquetes e passeatas, o Dia do Trabalhador passou a ser comemorado com festas populares, desfiles e celebra\u00e7\u00f5es similares.<\/p>\n<p style=\"text-align: justify;\">Aponta-se que o car\u00e1ter massificador do Dia do Trabalhador, no\u00a0<a title=\"Brasil\" href=\"https:\/\/pt.wikipedia.org\/wiki\/Brasil\">Brasil<\/a>, se expressa especialmente pelo costume que os governos t\u00eam de anunciar neste dia o aumento anual do sal\u00e1rio m\u00ednimo. Outro ponto muito importante atribu\u00eddo ao dia do trabalhador foi a cria\u00e7\u00e3o da Consolida\u00e7\u00e3o das Leis do Trabalho \u2013 CLT, em 1\u00ba de maio de 1943.<sup id=\"cite_ref-ebc_10-2\" class=\"reference\"><a href=\"https:\/\/pt.wikipedia.org\/wiki\/Dia_do_Trabalhador#cite_note-ebc-10\">[10]<\/a><\/sup><\/p>\n<p style=\"text-align: justify;\">A defesa dos direitos dos trabalhadores sempre esteve sob a luz das organiza\u00e7\u00f5es de trabalhadores e, consequentemente requer repensar o sentido das organiza\u00e7\u00f5es sindicais e o que se pretende para o futuro da sociedade brasileira. Por\u00e9m estes direitos sofrem altera\u00e7\u00f5es com o passar do tempo, em circunst\u00e2ncias de press\u00f5es vindas de movimentos sociais organizados.<\/p>\n<p style=\"text-align: justify;\">Fonte: https:\/\/pt.wikipedia.org\/wiki\/Dia_do_Trabalhador<\/p>\n<p style=\"text-align: justify;\">\n","protected":false},"excerpt":{"rendered":"<p>Dia do Trabalhador O\u00a0Dia do Trabalhador,[1]\u00a0Dia do Trabalho,[2]\u00a0Dia Internacional dos Trabalhadores\u00a0ou\u00a0Festa do Trabalhador[3]\u00a0\u00e9 uma\u00a0data comemorativa\u00a0internacional, dedicada aos\u00a0trabalhadores, celebrada anualmente no dia\u00a01 de maio, em quase todos os pa\u00edses do mundo, sendo\u00a0feriado\u00a0em muitos deles. A homenagem remonta ao dia 1 de maio de 1886, quando uma greve foi iniciada na cidade\u00a0norte-americana\u00a0de\u00a0Chicago, com o objetivo de conquistar [&hellip;]<\/p>\n","protected":false},"author":1,"featured_media":24965,"comment_status":"closed","ping_status":"open","sticky":false,"template":"","format":"standard","meta":{"footnotes":""},"categories":[114,110],"tags":[],"class_list":["post-24964","post","type-post","status-publish","format-standard","has-post-thumbnail","hentry","category-geralecomercio","category-noticiasdestaque"],"_links":{"self":[{"href":"https:\/\/jorgezanoni.com.br\/2019\/wp-json\/wp\/v2\/posts\/24964","targetHints":{"allow":["GET"]}}],"collection":[{"href":"https:\/\/jorgezanoni.com.br\/2019\/wp-json\/wp\/v2\/posts"}],"about":[{"href":"https:\/\/jorgezanoni.com.br\/2019\/wp-json\/wp\/v2\/types\/post"}],"author":[{"embeddable":true,"href":"https:\/\/jorgezanoni.com.br\/2019\/wp-json\/wp\/v2\/users\/1"}],"replies":[{"embeddable":true,"href":"https:\/\/jorgezanoni.com.br\/2019\/wp-json\/wp\/v2\/comments?post=24964"}],"version-history":[{"count":0,"href":"https:\/\/jorgezanoni.com.br\/2019\/wp-json\/wp\/v2\/posts\/24964\/revisions"}],"wp:featuredmedia":[{"embeddable":true,"href":"https:\/\/jorgezanoni.com.br\/2019\/wp-json\/wp\/v2\/media\/24965"}],"wp:attachment":[{"href":"https:\/\/jorgezanoni.com.br\/2019\/wp-json\/wp\/v2\/media?parent=24964"}],"wp:term":[{"taxonomy":"category","embeddable":true,"href":"https:\/\/jorgezanoni.com.br\/2019\/wp-json\/wp\/v2\/categories?post=24964"},{"taxonomy":"post_tag","embeddable":true,"href":"https:\/\/jorgezanoni.com.br\/2019\/wp-json\/wp\/v2\/tags?post=24964"}],"curies":[{"name":"wp","href":"https:\/\/api.w.org\/{rel}","templated":true}]}}