{"id":24943,"date":"2020-05-01T18:00:04","date_gmt":"2020-05-01T18:00:04","guid":{"rendered":"https:\/\/jorgezanoni.com.br\/2019\/?p=24943"},"modified":"2020-05-01T18:00:04","modified_gmt":"2020-05-01T18:00:04","slug":"paciente-internada-com-covid-19-faz-aniversario-hoje-e-e-homenageada-na-santa-casa","status":"publish","type":"post","link":"https:\/\/jorgezanoni.com.br\/2019\/paciente-internada-com-covid-19-faz-aniversario-hoje-e-e-homenageada-na-santa-casa\/","title":{"rendered":"Paciente internada com COVID-19 faz anivers\u00e1rio hoje e \u00e9 homenageada na Santa Casa"},"content":{"rendered":"<p style=\"text-align: justify;\">Hoje 01 de maio de 2020, com muita alegria o GRUPO de HUMANIZA\u00c7\u00c3O da SANTA CASA DE DRACENA comemora anivers\u00e1rio da paciente que est\u00e1 internada com COVID-19.<br \/>\nUma alegria imensa em nome de toda equipe comemorar esse momento especial.<br \/>\nFeliz anivers\u00e1rio \ud83c\udf88\ud83c\udf82\ud83c\udf8a \ud83c\udf8a\ud83c\udf88\ud83c\udf82<\/p>\n<p style=\"text-align: justify;\">*Grupo de Humaniza\u00e7\u00e3o<br \/>\nSanta Casa de Dracena*<\/p>\n<div style=\"width: 480px;\" class=\"wp-video\"><video class=\"wp-video-shortcode\" id=\"video-24943-1\" width=\"480\" height=\"848\" preload=\"metadata\" controls=\"controls\"><source type=\"video\/mp4\" src=\"https:\/\/jorgezanoni.com.br\/2019\/wp-content\/uploads\/2020\/05\/WhatsApp-Video-2020-05-01-at-14.03.49.mp4?_=1\" \/><a href=\"https:\/\/jorgezanoni.com.br\/2019\/wp-content\/uploads\/2020\/05\/WhatsApp-Video-2020-05-01-at-14.03.49.mp4\">https:\/\/jorgezanoni.com.br\/2019\/wp-content\/uploads\/2020\/05\/WhatsApp-Video-2020-05-01-at-14.03.49.mp4<\/a><\/video><\/div>\n<p style=\"text-align: justify;\">Na manh\u00e3 do feriado em comemora\u00e7\u00e3o ao Dia do Trabalho, se pode afirmar com absoluta certeza que a Santa Casa de Dracena se emocionou, como fruto de um trabalho voltado ao bem-estar das pessoas, mesmo acometidos de alguma enfermidade que necessite do hospital.<\/p>\n<p style=\"text-align: justify;\">A emo\u00e7\u00e3o veio pela condu\u00e7\u00e3o da equipe de humaniza\u00e7\u00e3o do hospital, traduzindo o sentimento primordial do ser humano, do relacionamento, da congratula\u00e7\u00e3o e da comemora\u00e7\u00e3o de um anivers\u00e1rio, que por conta da interna\u00e7\u00e3o da paciente infectada pelo v\u00edrus que decretou a pandemia, em isolamento hospitalar e privado de saudar com os seus entes queridos, na data do seu anivers\u00e1rio, a equipe promoveu uma comemora\u00e7\u00e3o virtual.<\/p>\n<p style=\"text-align: justify;\">A emo\u00e7\u00e3o n\u00e3o foi da aniversariante, mas da equipe de humaniza\u00e7\u00e3o, da equipe de cuidados (m\u00e9dicos, enfermeiros, auxiliares e t\u00e9cnicos de enfermagem, limpeza, copa e cozinha, funcion\u00e1rios que servem o isolamento), pois, refletiu e repercutiu pelo hospital interna e externamente, levando quase todos \u00e0s l\u00e1grimas.<\/p>\n<p style=\"text-align: justify;\">Parab\u00e9ns a todos os envolvidos na bela e justa iniciativa, para afirmar com seguran\u00e7a que a SANTA CASA DE DRACENA SE EMOCIONOU.<\/p>\n<p style=\"text-align: justify;\">\n","protected":false},"excerpt":{"rendered":"<p>Hoje 01 de maio de 2020, com muita alegria o GRUPO de HUMANIZA\u00c7\u00c3O da SANTA CASA DE DRACENA comemora anivers\u00e1rio da paciente que est\u00e1 internada com COVID-19. Uma alegria imensa em nome de toda equipe comemorar esse momento especial. Feliz anivers\u00e1rio \ud83c\udf88\ud83c\udf82\ud83c\udf8a \ud83c\udf8a\ud83c\udf88\ud83c\udf82 *Grupo de Humaniza\u00e7\u00e3o Santa Casa de Dracena* Na manh\u00e3 do feriado em [&hellip;]<\/p>\n","protected":false},"author":1,"featured_media":24945,"comment_status":"closed","ping_status":"open","sticky":false,"template":"","format":"video","meta":{"footnotes":""},"categories":[110,169],"tags":[],"class_list":["post-24943","post","type-post","status-publish","format-video","has-post-thumbnail","hentry","category-noticiasdestaque","category-videos","post_format-post-format-video"],"_links":{"self":[{"href":"https:\/\/jorgezanoni.com.br\/2019\/wp-json\/wp\/v2\/posts\/24943","targetHints":{"allow":["GET"]}}],"collection":[{"href":"https:\/\/jorgezanoni.com.br\/2019\/wp-json\/wp\/v2\/posts"}],"about":[{"href":"https:\/\/jorgezanoni.com.br\/2019\/wp-json\/wp\/v2\/types\/post"}],"author":[{"embeddable":true,"href":"https:\/\/jorgezanoni.com.br\/2019\/wp-json\/wp\/v2\/users\/1"}],"replies":[{"embeddable":true,"href":"https:\/\/jorgezanoni.com.br\/2019\/wp-json\/wp\/v2\/comments?post=24943"}],"version-history":[{"count":0,"href":"https:\/\/jorgezanoni.com.br\/2019\/wp-json\/wp\/v2\/posts\/24943\/revisions"}],"wp:featuredmedia":[{"embeddable":true,"href":"https:\/\/jorgezanoni.com.br\/2019\/wp-json\/wp\/v2\/media\/24945"}],"wp:attachment":[{"href":"https:\/\/jorgezanoni.com.br\/2019\/wp-json\/wp\/v2\/media?parent=24943"}],"wp:term":[{"taxonomy":"category","embeddable":true,"href":"https:\/\/jorgezanoni.com.br\/2019\/wp-json\/wp\/v2\/categories?post=24943"},{"taxonomy":"post_tag","embeddable":true,"href":"https:\/\/jorgezanoni.com.br\/2019\/wp-json\/wp\/v2\/tags?post=24943"}],"curies":[{"name":"wp","href":"https:\/\/api.w.org\/{rel}","templated":true}]}}