{"id":24935,"date":"2020-05-01T16:42:37","date_gmt":"2020-05-01T16:42:37","guid":{"rendered":"https:\/\/jorgezanoni.com.br\/2019\/?p=24935"},"modified":"2020-05-01T16:43:01","modified_gmt":"2020-05-01T16:43:01","slug":"conselho-de-pastores-de-dracena-realiza-oracao-e-abraco-solidario-na-santa-casa","status":"publish","type":"post","link":"https:\/\/jorgezanoni.com.br\/2019\/conselho-de-pastores-de-dracena-realiza-oracao-e-abraco-solidario-na-santa-casa\/","title":{"rendered":"Conselho de Pastores de Dracena realiza ora\u00e7\u00e3o e abra\u00e7o solid\u00e1rio na Santa Casa"},"content":{"rendered":"<p style=\"text-align: justify;\">Na manh\u00e3 deste feriado &#8220;Dia do Trabalho&#8221; 1\u00ba de maio, o Conselho de Pastores de Dracena realizou ora\u00e7\u00f5es e abra\u00e7o solid\u00e1rio em volta da Santa Casa. As ora\u00e7\u00f5es foram direcionadas a todas as pessoas, especialmente os profissionais da Sa\u00fade que atendem pacientes.<\/p>\n<p style=\"text-align: justify;\">Jorge Zanoni<\/p>\n<div id=\"fb-root\"><\/div>\n<p><script async=\"1\" defer=\"1\" crossorigin=\"anonymous\" src=\"https:\/\/connect.facebook.net\/en_US\/sdk.js#xfbml=1&amp;version=v6.0\"><\/script><\/p>\n<div class=\"fb-video\" data-href=\"https:\/\/www.facebook.com\/jorgezanonidracena\/videos\/541931236522822\/\" data-width=\"696\">\n<blockquote cite=\"https:\/\/www.facebook.com\/jorgezanonidracena\/videos\/541931236522822\/\" class=\"fb-xfbml-parse-ignore\"><p><a href=\"https:\/\/www.facebook.com\/jorgezanonidracena\/videos\/541931236522822\/\"><\/a><\/p>\n<p>Posted by <a href=\"https:\/\/www.facebook.com\/jorgezanonidracena\/\">Jorge Zanoni<\/a> on Friday, May 1, 2020<\/p><\/blockquote>\n<\/div>\n<div id=\"fb-root\"><\/div>\n<p><script async=\"1\" defer=\"1\" crossorigin=\"anonymous\" src=\"https:\/\/connect.facebook.net\/en_US\/sdk.js#xfbml=1&amp;version=v6.0\"><\/script><\/p>\n<div class=\"fb-video\" data-href=\"https:\/\/www.facebook.com\/jorgeluizzanoni\/videos\/3887603907980385\/\" data-width=\"696\">\n<blockquote cite=\"https:\/\/www.facebook.com\/jorgeluizzanoni\/videos\/3887603907980385\/\" class=\"fb-xfbml-parse-ignore\"><p><a href=\"https:\/\/www.facebook.com\/jorgeluizzanoni\/videos\/3887603907980385\/\"><\/a><\/p>\n<p>Posted by <a href=\"https:\/\/www.facebook.com\/jorgeluizzanoni\">Jorge Luiz Zanoni<\/a> on Friday, May 1, 2020<\/p><\/blockquote>\n<\/div>\n","protected":false},"excerpt":{"rendered":"<p>Na manh\u00e3 deste feriado &#8220;Dia do Trabalho&#8221; 1\u00ba de maio, o Conselho de Pastores de Dracena realizou ora\u00e7\u00f5es e abra\u00e7o solid\u00e1rio em volta da Santa Casa. As ora\u00e7\u00f5es foram direcionadas a todas as pessoas, especialmente os profissionais da Sa\u00fade que atendem pacientes. Jorge Zanoni Posted by Jorge Zanoni on Friday, May 1, 2020 Posted by [&hellip;]<\/p>\n","protected":false},"author":1,"featured_media":24936,"comment_status":"closed","ping_status":"open","sticky":false,"template":"","format":"video","meta":{"footnotes":""},"categories":[110,118,169],"tags":[],"class_list":["post-24935","post","type-post","status-publish","format-video","has-post-thumbnail","hentry","category-noticiasdestaque","category-religiaoesolidariedade","category-videos","post_format-post-format-video"],"_links":{"self":[{"href":"https:\/\/jorgezanoni.com.br\/2019\/wp-json\/wp\/v2\/posts\/24935","targetHints":{"allow":["GET"]}}],"collection":[{"href":"https:\/\/jorgezanoni.com.br\/2019\/wp-json\/wp\/v2\/posts"}],"about":[{"href":"https:\/\/jorgezanoni.com.br\/2019\/wp-json\/wp\/v2\/types\/post"}],"author":[{"embeddable":true,"href":"https:\/\/jorgezanoni.com.br\/2019\/wp-json\/wp\/v2\/users\/1"}],"replies":[{"embeddable":true,"href":"https:\/\/jorgezanoni.com.br\/2019\/wp-json\/wp\/v2\/comments?post=24935"}],"version-history":[{"count":0,"href":"https:\/\/jorgezanoni.com.br\/2019\/wp-json\/wp\/v2\/posts\/24935\/revisions"}],"wp:featuredmedia":[{"embeddable":true,"href":"https:\/\/jorgezanoni.com.br\/2019\/wp-json\/wp\/v2\/media\/24936"}],"wp:attachment":[{"href":"https:\/\/jorgezanoni.com.br\/2019\/wp-json\/wp\/v2\/media?parent=24935"}],"wp:term":[{"taxonomy":"category","embeddable":true,"href":"https:\/\/jorgezanoni.com.br\/2019\/wp-json\/wp\/v2\/categories?post=24935"},{"taxonomy":"post_tag","embeddable":true,"href":"https:\/\/jorgezanoni.com.br\/2019\/wp-json\/wp\/v2\/tags?post=24935"}],"curies":[{"name":"wp","href":"https:\/\/api.w.org\/{rel}","templated":true}]}}