{"id":24929,"date":"2020-05-01T01:34:42","date_gmt":"2020-05-01T01:34:42","guid":{"rendered":"https:\/\/jorgezanoni.com.br\/2019\/?p=24929"},"modified":"2020-05-01T01:34:42","modified_gmt":"2020-05-01T01:34:42","slug":"observatorio-registra-queda-de-meteoro-no-interior-de-sp","status":"publish","type":"post","link":"https:\/\/jorgezanoni.com.br\/2019\/observatorio-registra-queda-de-meteoro-no-interior-de-sp\/","title":{"rendered":"Observat\u00f3rio registra queda de meteoro no interior de SP"},"content":{"rendered":"<h2 class=\"content-head__subtitle\" style=\"text-align: justify;\"><strong>Segundo observat\u00f3rio, meteoro come\u00e7ou a brilhar a 77,7 quil\u00f4metros de altitude sobre Fernand\u00f3polis, seguiu na dire\u00e7\u00e3o nordeste e se extinguiu a 27,4 quil\u00f4metros de altitude sobre Riol\u00e2ndia.<\/strong><\/h2>\n<div class=\"mc-column content-text active-extra-styles \" data-block-type=\"unstyled\" data-block-weight=\"34\" data-block-id=\"2\">\n<p class=\"content-text__container \" style=\"text-align: justify;\" data-track-category=\"Link no Texto\" data-track-links=\"\">Uma esta\u00e7\u00e3o de observa\u00e7\u00e3o no noroeste paulista registrou um meteoro caindo pr\u00f3ximo a regi\u00e3o de Votuporanga (SP). O observat\u00f3rio faz parte da Bramon, Rede Brasileira de Observa\u00e7\u00e3o de Meteoros, e fica em Nhandeara (SP).<\/p>\n<\/div>\n<div class=\"wall protected-content\">\n<div class=\"mc-column content-text active-extra-styles \" style=\"text-align: justify;\" data-block-type=\"unstyled\" data-block-weight=\"35\" data-block-id=\"3\">\n<p class=\"content-text__container \" data-track-category=\"Link no Texto\" data-track-links=\"\">O registro foi feito na madrugada de sexta-feira (24). De acordo com as an\u00e1lises preliminares, o meteoro entrou na atmosfera \u00e0s 2h24 no hor\u00e1rio de Bras\u00edlia com uma velocidade de 19 Km\/s (68.400 Km\/h).<\/p>\n<\/div>\n<div class=\"mc-column content-text active-extra-styles \" data-block-type=\"unstyled\" data-block-weight=\"35\" data-block-id=\"4\">\n<p class=\"content-text__container \" style=\"text-align: justify;\" data-track-category=\"Link no Texto\" data-track-links=\"\">Assim, ele foi registrado por tr\u00eas esta\u00e7\u00f5es em Nhandeara (SP) e tamb\u00e9m por mais sete c\u00e2meras do Clima ao Vivo, quatro delas em Minas Gerais e tr\u00eas no estado de S\u00e3o Paulo<\/p>\n<div class=\"mc-column content-text active-extra-styles \" style=\"text-align: justify;\" data-block-type=\"unstyled\" data-block-weight=\"26\" data-block-id=\"7\">\n<p class=\"content-text__container \" data-track-category=\"Link no Texto\" data-track-links=\"\">O diretor da Bramon, Renato Poltronieri, afirma que as an\u00e1lises preliminares foram feitas a partir da triangula\u00e7\u00e3o das imagens de Nhandeara e de Monte Azul.<\/p>\n<\/div>\n<div class=\"mc-column content-text active-extra-styles \" style=\"text-align: justify;\" data-block-type=\"unstyled\" data-block-weight=\"48\" data-block-id=\"8\">\n<p class=\"content-text__container \" data-track-category=\"Link no Texto\" data-track-links=\"\">\u201cFazemos o pareamento com mais de uma c\u00e2mera e fazemos a rota desse objeto e conseguimos flagrar os meteoros. Fizemos a an\u00e1lise total do material com duas c\u00e2meras, que poderia ter projetado um meteorito ao solo, mas os ind\u00edcios mostram que ele foi pulverizado na atmosfera\u201d, afirma Renato.<\/p>\n<\/div>\n<div class=\"mc-column content-text active-extra-styles \" style=\"text-align: justify;\" data-block-type=\"unstyled\" data-block-weight=\"35\" data-block-id=\"9\">\n<p class=\"content-text__container \" data-track-category=\"Link no Texto\" data-track-links=\"\">Ainda segundo o diretor, o meteoro come\u00e7ou a brilhar a 77,7 quil\u00f4metros de altitude sobre o munic\u00edpio de Fernand\u00f3polis. Ele seguiu na dire\u00e7\u00e3o nordeste e se extinguiu a 27,4 quil\u00f4metros de altitude sobre Riol\u00e2ndia (SP).<\/p>\n<\/div>\n<div class=\"row medium-uncollapsed content-media content-photo\" data-block-type=\"backstage-photo\" data-block-id=\"10\">\n<div class=\"mc-column content-media__container\">\n<div class=\"progressive-img can-open-lightbox\" style=\"text-align: justify;\" data-min-size=\"1008x671\" data-min-size-url=\"https:\/\/s2.glbimg.com\/zyxMK7GQ6uQ5SgHfdln70ajUNrg=\/0x0:800x533\/1008x0\/smart\/filters:strip_icc()\/i.s3.glbimg.com\/v1\/AUTH_59edd422c0c84a879bd37670ae4f538a\/internal_photos\/bs\/2020\/A\/u\/0ZN4x4RIqNMeK7etgxTQ\/meteoro2.jpeg\" data-max-size=\"1600x1066\" data-max-size-url=\"https:\/\/s2.glbimg.com\/H9wHvdMZxJAeQjtYruF3cbS_uzE=\/0x0:800x533\/1600x0\/smart\/filters:strip_icc()\/i.s3.glbimg.com\/v1\/AUTH_59edd422c0c84a879bd37670ae4f538a\/internal_photos\/bs\/2020\/A\/u\/0ZN4x4RIqNMeK7etgxTQ\/meteoro2.jpeg\" data-media-index=\"1\">\n<div class=\"placeholder-container\"><img decoding=\"async\" class=\"image content-media__image progressive-loaded\" title=\"Meteoro registrado caindo no noroeste paulista no \u00faltimo fim de semana \u2014 Foto: Reprodu\u00e7\u00e3o\" src=\"https:\/\/s2.glbimg.com\/EYjUGRwmjBo6j4Ipq-MQBz83b0c=\/0x0:800x533\/984x0\/smart\/filters:strip_icc()\/i.s3.glbimg.com\/v1\/AUTH_59edd422c0c84a879bd37670ae4f538a\/internal_photos\/bs\/2020\/A\/u\/0ZN4x4RIqNMeK7etgxTQ\/meteoro2.jpeg\" alt=\"Meteoro registrado caindo no noroeste paulista no \u00faltimo fim de semana \u2014 Foto: Reprodu\u00e7\u00e3o\" data-src=\"https:\/\/s2.glbimg.com\/EYjUGRwmjBo6j4Ipq-MQBz83b0c=\/0x0:800x533\/984x0\/smart\/filters:strip_icc()\/i.s3.glbimg.com\/v1\/AUTH_59edd422c0c84a879bd37670ae4f538a\/internal_photos\/bs\/2020\/A\/u\/0ZN4x4RIqNMeK7etgxTQ\/meteoro2.jpeg\" \/><\/div>\n<\/div>\n<p class=\"content-media__description \" style=\"text-align: justify;\">Meteoro registrado caindo no noroeste paulista no \u00faltimo fim de semana \u2014 Foto: Reprodu\u00e7\u00e3o<\/p>\n<p style=\"text-align: justify;\">Fonte: https:\/\/g1.globo.com\/sp\/sao-jose-do-rio-preto-aracatuba\/noticia\/2020\/04\/30\/observatorio-registra-queda-de-meteoro-no-interior-de-sp-video.ghtml<\/p>\n<\/div>\n<\/div>\n<\/div>\n<\/div>\n","protected":false},"excerpt":{"rendered":"<p>Segundo observat\u00f3rio, meteoro come\u00e7ou a brilhar a 77,7 quil\u00f4metros de altitude sobre Fernand\u00f3polis, seguiu na dire\u00e7\u00e3o nordeste e se extinguiu a 27,4 quil\u00f4metros de altitude sobre Riol\u00e2ndia. Uma esta\u00e7\u00e3o de observa\u00e7\u00e3o no noroeste paulista registrou um meteoro caindo pr\u00f3ximo a regi\u00e3o de Votuporanga (SP). O observat\u00f3rio faz parte da Bramon, Rede Brasileira de Observa\u00e7\u00e3o de [&hellip;]<\/p>\n","protected":false},"author":1,"featured_media":24930,"comment_status":"closed","ping_status":"open","sticky":false,"template":"","format":"standard","meta":{"footnotes":""},"categories":[114,110],"tags":[],"class_list":["post-24929","post","type-post","status-publish","format-standard","has-post-thumbnail","hentry","category-geralecomercio","category-noticiasdestaque"],"_links":{"self":[{"href":"https:\/\/jorgezanoni.com.br\/2019\/wp-json\/wp\/v2\/posts\/24929","targetHints":{"allow":["GET"]}}],"collection":[{"href":"https:\/\/jorgezanoni.com.br\/2019\/wp-json\/wp\/v2\/posts"}],"about":[{"href":"https:\/\/jorgezanoni.com.br\/2019\/wp-json\/wp\/v2\/types\/post"}],"author":[{"embeddable":true,"href":"https:\/\/jorgezanoni.com.br\/2019\/wp-json\/wp\/v2\/users\/1"}],"replies":[{"embeddable":true,"href":"https:\/\/jorgezanoni.com.br\/2019\/wp-json\/wp\/v2\/comments?post=24929"}],"version-history":[{"count":0,"href":"https:\/\/jorgezanoni.com.br\/2019\/wp-json\/wp\/v2\/posts\/24929\/revisions"}],"wp:featuredmedia":[{"embeddable":true,"href":"https:\/\/jorgezanoni.com.br\/2019\/wp-json\/wp\/v2\/media\/24930"}],"wp:attachment":[{"href":"https:\/\/jorgezanoni.com.br\/2019\/wp-json\/wp\/v2\/media?parent=24929"}],"wp:term":[{"taxonomy":"category","embeddable":true,"href":"https:\/\/jorgezanoni.com.br\/2019\/wp-json\/wp\/v2\/categories?post=24929"},{"taxonomy":"post_tag","embeddable":true,"href":"https:\/\/jorgezanoni.com.br\/2019\/wp-json\/wp\/v2\/tags?post=24929"}],"curies":[{"name":"wp","href":"https:\/\/api.w.org\/{rel}","templated":true}]}}