{"id":24926,"date":"2020-05-01T01:17:30","date_gmt":"2020-05-01T01:17:30","guid":{"rendered":"https:\/\/jorgezanoni.com.br\/2019\/?p=24926"},"modified":"2020-05-01T01:17:30","modified_gmt":"2020-05-01T01:17:30","slug":"acidente-com-dois-onibus-mata-motorista-e-deixa-16-feridos-na-rodovia-castello-branco","status":"publish","type":"post","link":"https:\/\/jorgezanoni.com.br\/2019\/acidente-com-dois-onibus-mata-motorista-e-deixa-16-feridos-na-rodovia-castello-branco\/","title":{"rendered":"Acidente com dois \u00f4nibus mata motorista e deixa 16 feridos na rodovia Castello Branco"},"content":{"rendered":"<h2 class=\"content-head__subtitle\" style=\"text-align: justify;\"><strong>Dois ve\u00edculos seguiam sentido interior-capital na rodovia Castello Branco; batida foi registrada no quil\u00f4metro 49, em Ara\u00e7ariguama.<\/strong><\/h2>\n<div class=\"mc-column content-text active-extra-styles \" data-block-type=\"unstyled\" data-block-weight=\"53\" data-block-id=\"2\">\n<p class=\"content-text__container \" style=\"text-align: justify;\" data-track-category=\"Link no Texto\" data-track-links=\"\">Um acidente envolvendo dois \u00f4nibus deixou uma pessoa morta e 16 pessoas feridas na rodovia Castello Branco (SP-280), em Ara\u00e7ariguama (SP), no in\u00edcio da noite desta quinta-feira (30). Devido \u00e0 batida, a pista capital-interior chegou a ficar mais de uma hora totalmente interditada e um congestionamento de 10 quil\u00f4metros foi registrado.<\/p>\n<\/div>\n<div class=\"wall protected-content\">\n<div class=\"mc-column content-text active-extra-styles \" style=\"text-align: justify;\" data-block-type=\"unstyled\" data-block-weight=\"45\" data-block-id=\"3\">\n<p class=\"content-text__container \" data-track-category=\"Link no Texto\" data-track-links=\"\">Ao\u00a0<strong>G1<\/strong>, o tenente da PM Rodovi\u00e1ria, Vagner Severo, o acidente foi registrado no quil\u00f4metro 49. O motorista do \u00f4nibus que bateu na traseira do outro ve\u00edculo seguia com destino a Bauru. Com o impacto da colis\u00e3o, ele n\u00e3o resistiu aos ferimentos e morreu.<\/p>\n<\/div>\n<div class=\"mc-column content-text active-extra-styles \" data-block-type=\"unstyled\" data-block-weight=\"18\" data-block-id=\"4\">\n<p class=\"content-text__container \" style=\"text-align: justify;\" data-track-category=\"Link no Texto\" data-track-links=\"\">No ve\u00edculo estavam outros 15 passageiros, sendo que 11 sofreram ferimentos graves e quatro n\u00e3o se feriram.<\/p>\n<\/div>\n<div class=\"mc-column content-media content-video\" data-block-type=\"backstage-video\" data-block-id=\"5\">\n<div class=\"content-media__container\">\n<div class=\"content-video__bigger-player-description-fixer\">\n<article class=\"content-video\">\n<section class=\"content-video__video-container\">\n<div class=\"content-video__video\">\n<div class=\"content-video__placeholder\" style=\"text-align: justify;\" data-video-id=\"8522621\"><img decoding=\"async\" class=\"content-video__placeholder__thumb\" title=\"Uma pessoa em acidente na Castello Branco\" src=\"https:\/\/s02.video.glbimg.com\/x720\/8522621.jpg\" alt=\"Uma pessoa em acidente na Castello Branco\" \/>J\u00e1 no \u00f4nibus atingido havia seis passageiros e estava seguindo destino Sorocaba. Com o impacto, cinco pessoas sofreram ferimentos leves e uma n\u00e3o se feriu.<\/div>\n<\/div>\n<\/section>\n<\/article>\n<\/div>\n<\/div>\n<\/div>\n<div class=\"mc-column content-text active-extra-styles \" style=\"text-align: justify;\" data-block-type=\"unstyled\" data-block-weight=\"34\" data-block-id=\"8\">\n<p class=\"content-text__container \" data-track-category=\"Link no Texto\" data-track-links=\"\">Ainda de acordo com o tenente, equipes de Resgate da concession\u00e1ria e bombeiros foram acionadas. As v\u00edtimas foram socorridas para unidades de sa\u00fade de Osasco, S\u00e3o Roque e Sorocaba. As identidades n\u00e3o foram informadas.<\/p>\n<\/div>\n<div class=\"mc-column content-media content-video\" data-block-type=\"backstage-video\" data-block-id=\"9\">\n<div class=\"content-media__container\">\n<div class=\"content-video__bigger-player-description-fixer\">\n<article class=\"content-video\">\n<section class=\"content-video__video-container\">\n<div class=\"content-video__video\">\n<div class=\"content-video__placeholder\" style=\"text-align: justify;\" data-video-id=\"8522679\"><img decoding=\"async\" class=\"content-video__placeholder__thumb\" title=\"Acidente com dois \u00f4nibus deixa mais de 10 feridos e interdita rodovia Castello Branco\" src=\"https:\/\/s04.video.glbimg.com\/x720\/8522679.jpg\" alt=\"Acidente com dois \u00f4nibus deixa mais de 10 feridos e interdita rodovia Castello Branco\" \/><\/div>\n<div id=\"wp3-player-3\" class=\"nocursor clappr-player\" tabindex=\"9999\" data-player=\"\">\n<div class=\"container master-container pointer-enabled\" data-container=\"\" data-pip=\"\">\n<div class=\"poster\">\n<div class=\"poster__play-wrapper\">Acidente com dois \u00f4nibus deixa mais de 10 feridos e interdita rodovia Castello Branco<\/div>\n<\/div>\n<\/div>\n<\/div>\n<\/div>\n<\/section>\n<\/article>\n<\/div>\n<\/div>\n<\/div>\n<div class=\"mc-column content-media content-video\" data-block-type=\"backstage-video\" data-block-id=\"10\">\n<div class=\"content-media__container\">\n<div class=\"content-video__bigger-player-description-fixer\">\n<article class=\"content-video\">\n<section class=\"content-video__video-container\">\n<div class=\"content-video__video\">\n<div class=\"content-video__placeholder\" data-video-id=\"8522506\"><img decoding=\"async\" class=\"content-video__placeholder__thumb\" title=\"Acidente deixa feridos na rodovia Castello Branco em Ara\u00e7ariguama\" src=\"https:\/\/s03.video.glbimg.com\/x720\/8522506.jpg\" alt=\"Acidente deixa feridos na rodovia Castello Branco em Ara\u00e7ariguama\" \/><\/div>\n<div id=\"wp3-player-4\" class=\"nocursor clappr-player\" tabindex=\"9999\" data-player=\"\">\n<div class=\"container-overlay\">Acidente deixa feridos na rodovia Castello Branco em Ara\u00e7ariguama<\/div>\n<div><\/div>\n<\/div>\n<\/div>\n<\/section>\n<\/article>\n<\/div>\n<\/div>\n<\/div>\n<div class=\"row medium-uncollapsed content-media content-photo\" data-block-type=\"backstage-photo\" data-block-id=\"11\">\n<div class=\"mc-column content-media__container\">\n<div class=\"progressive-img can-open-lightbox\" data-min-size=\"1008x756\" data-min-size-url=\"https:\/\/s2.glbimg.com\/buo7oRY7tZm-ik7Qfd-j5WRVFOY=\/0x0:1280x960\/1008x0\/smart\/filters:strip_icc()\/i.s3.glbimg.com\/v1\/AUTH_59edd422c0c84a879bd37670ae4f538a\/internal_photos\/bs\/2020\/a\/s\/2uPLQIS7mEVdASQ1NHlQ\/2e9c47d8-24a1-4dd3-802b-278da47f615f.jpg\" data-max-size=\"1600x1200\" data-max-size-url=\"https:\/\/s2.glbimg.com\/aNBidl49cPw0mHvRNUg_PNXZ1Qc=\/0x0:1280x960\/1600x0\/smart\/filters:strip_icc()\/i.s3.glbimg.com\/v1\/AUTH_59edd422c0c84a879bd37670ae4f538a\/internal_photos\/bs\/2020\/a\/s\/2uPLQIS7mEVdASQ1NHlQ\/2e9c47d8-24a1-4dd3-802b-278da47f615f.jpg\" data-media-index=\"1\">\n<div class=\"placeholder-container\"><img decoding=\"async\" class=\"image content-media__image progressive-loaded\" title=\"Batida entre \u00f4nibus foi registrada na rodovia Castello Branco, em Ara\u00e7ariguama \u2014 Foto: Arquivo Pessoal\" src=\"https:\/\/s2.glbimg.com\/dKYJrqaAOdyUK19v9-WjmU_U_EU=\/0x0:1280x960\/984x0\/smart\/filters:strip_icc()\/i.s3.glbimg.com\/v1\/AUTH_59edd422c0c84a879bd37670ae4f538a\/internal_photos\/bs\/2020\/a\/s\/2uPLQIS7mEVdASQ1NHlQ\/2e9c47d8-24a1-4dd3-802b-278da47f615f.jpg\" alt=\"Batida entre \u00f4nibus foi registrada na rodovia Castello Branco, em Ara\u00e7ariguama \u2014 Foto: Arquivo Pessoal\" data-src=\"https:\/\/s2.glbimg.com\/dKYJrqaAOdyUK19v9-WjmU_U_EU=\/0x0:1280x960\/984x0\/smart\/filters:strip_icc()\/i.s3.glbimg.com\/v1\/AUTH_59edd422c0c84a879bd37670ae4f538a\/internal_photos\/bs\/2020\/a\/s\/2uPLQIS7mEVdASQ1NHlQ\/2e9c47d8-24a1-4dd3-802b-278da47f615f.jpg\" \/><\/div>\n<\/div>\n<p class=\"content-media__description \">Batida entre \u00f4nibus foi registrada na rodovia Castello Branco, em Ara\u00e7ariguama \u2014 Foto: Arquivo Pessoal<\/p>\n<p style=\"text-align: justify;\">Fonte: https:\/\/g1.globo.com\/sp\/sorocaba-jundiai\/noticia\/2020\/04\/30\/acidente-com-onibus-deixa-feridos-e-interdita-rodovia-castello-branco.ghtml<\/p>\n<\/div>\n<\/div>\n<\/div>\n","protected":false},"excerpt":{"rendered":"<p>Dois ve\u00edculos seguiam sentido interior-capital na rodovia Castello Branco; batida foi registrada no quil\u00f4metro 49, em Ara\u00e7ariguama. Um acidente envolvendo dois \u00f4nibus deixou uma pessoa morta e 16 pessoas feridas na rodovia Castello Branco (SP-280), em Ara\u00e7ariguama (SP), no in\u00edcio da noite desta quinta-feira (30). Devido \u00e0 batida, a pista capital-interior chegou a ficar mais [&hellip;]<\/p>\n","protected":false},"author":1,"featured_media":24927,"comment_status":"closed","ping_status":"open","sticky":false,"template":"","format":"standard","meta":{"footnotes":""},"categories":[170,110],"tags":[],"class_list":["post-24926","post","type-post","status-publish","format-standard","has-post-thumbnail","hentry","category-acidentes","category-noticiasdestaque"],"_links":{"self":[{"href":"https:\/\/jorgezanoni.com.br\/2019\/wp-json\/wp\/v2\/posts\/24926","targetHints":{"allow":["GET"]}}],"collection":[{"href":"https:\/\/jorgezanoni.com.br\/2019\/wp-json\/wp\/v2\/posts"}],"about":[{"href":"https:\/\/jorgezanoni.com.br\/2019\/wp-json\/wp\/v2\/types\/post"}],"author":[{"embeddable":true,"href":"https:\/\/jorgezanoni.com.br\/2019\/wp-json\/wp\/v2\/users\/1"}],"replies":[{"embeddable":true,"href":"https:\/\/jorgezanoni.com.br\/2019\/wp-json\/wp\/v2\/comments?post=24926"}],"version-history":[{"count":0,"href":"https:\/\/jorgezanoni.com.br\/2019\/wp-json\/wp\/v2\/posts\/24926\/revisions"}],"wp:featuredmedia":[{"embeddable":true,"href":"https:\/\/jorgezanoni.com.br\/2019\/wp-json\/wp\/v2\/media\/24927"}],"wp:attachment":[{"href":"https:\/\/jorgezanoni.com.br\/2019\/wp-json\/wp\/v2\/media?parent=24926"}],"wp:term":[{"taxonomy":"category","embeddable":true,"href":"https:\/\/jorgezanoni.com.br\/2019\/wp-json\/wp\/v2\/categories?post=24926"},{"taxonomy":"post_tag","embeddable":true,"href":"https:\/\/jorgezanoni.com.br\/2019\/wp-json\/wp\/v2\/tags?post=24926"}],"curies":[{"name":"wp","href":"https:\/\/api.w.org\/{rel}","templated":true}]}}