{"id":24920,"date":"2020-05-01T00:39:49","date_gmt":"2020-05-01T00:39:49","guid":{"rendered":"https:\/\/jorgezanoni.com.br\/2019\/?p=24920"},"modified":"2020-05-01T00:39:49","modified_gmt":"2020-05-01T00:39:49","slug":"secretaria-municipal-de-saude-de-dracena-divulga-boletim-atualizado-em-30-04","status":"publish","type":"post","link":"https:\/\/jorgezanoni.com.br\/2019\/secretaria-municipal-de-saude-de-dracena-divulga-boletim-atualizado-em-30-04\/","title":{"rendered":"Secretaria Municipal de sa\u00fade de Dracena divulga Boletim atualizado em 30\/04"},"content":{"rendered":"<div class=\"_xlr\" style=\"text-align: justify;\"><span id=\"fbPhotoSnowliftCaption\" class=\"fbPhotosPhotoCaption\" tabindex=\"0\" aria-live=\"polite\" data-ft=\"{&quot;tn&quot;:&quot;K&quot;}\"><span class=\"hasCaption\">Secretaria Municipal de Sa\u00fade e Higiene P\u00fablica informa a atualiza\u00e7\u00e3o do quadro de casos suspeitos e confirmados de Covid-19 em Dracena. 30\/04\/2020<\/span><\/span><span id=\"fbPhotoSnowliftTagList\" class=\"fbPhotoTagList\"><span class=\"fcg\">\u00a0<\/span><\/span><\/p>\n<div id=\"fbPhotoSnowliftProductMiniListHscroll\" class=\"fbCommerceProductMiniListHscroll\"><\/div>\n<div id=\"fbPhotoSnowliftLegacyTagList\" class=\"pts fbPhotoLegacyTagList\">\n<div><\/div>\n<\/div>\n<div id=\"fbPhotoSnowliftCallToActionButton\" class=\"fbPhotosPhotoButtons\"><\/div>\n<div id=\"fbPhotoSnowliftPhotoFundraiser\"><\/div>\n<div id=\"fbPhotoSnowliftOwnerButtons\" class=\"mvm fbPhotosPhotoOwnerButtons stat_elem\"><\/div>\n<div id=\"fbPhotoSnowliftOriginalStory\" class=\"_56lj\"><\/div>\n<div id=\"fbPhotoSnowliftComputerVisionAnnotation\" class=\"fbPhotosPhotoCVAnnotation\"><\/div>\n<\/div>\n<div id=\"fbPhotoSnowliftVideoFundraiser\"><\/div>\n<div id=\"fbPhotoSnowliftViews\" class=\"_4p3v\"><\/div>\n<form id=\"u_h_2\" class=\"fbPhotosSnowliftFeedbackForm commentable_item collapsible_comments\" action=\"https:\/\/www.facebook.com\/ajax\/ufi\/modify.php\" method=\"post\" data-ft=\"{&quot;tn&quot;:&quot;]&quot;}\">\n<div id=\"fbPhotoSnowliftFeedback\" class=\"fbPhotosSnowliftFeedback\"><\/div>\n<div>\n<div>\n<div class=\"_6iib\">\n<div class=\"_6iic\">\n<div class=\"_6iid\"><\/div>\n<\/div>\n<\/div>\n<\/div>\n<\/div>\n<\/form>\n","protected":false},"excerpt":{"rendered":"<p>Secretaria Municipal de Sa\u00fade e Higiene P\u00fablica informa a atualiza\u00e7\u00e3o do quadro de casos suspeitos e confirmados de Covid-19 em Dracena. 30\/04\/2020\u00a0<\/p>\n","protected":false},"author":1,"featured_media":24921,"comment_status":"closed","ping_status":"open","sticky":false,"template":"","format":"standard","meta":{"footnotes":""},"categories":[179,184,110],"tags":[],"class_list":["post-24920","post","type-post","status-publish","format-standard","has-post-thumbnail","hentry","category-cidadeseregiao","category-dracena","category-noticiasdestaque"],"_links":{"self":[{"href":"https:\/\/jorgezanoni.com.br\/2019\/wp-json\/wp\/v2\/posts\/24920","targetHints":{"allow":["GET"]}}],"collection":[{"href":"https:\/\/jorgezanoni.com.br\/2019\/wp-json\/wp\/v2\/posts"}],"about":[{"href":"https:\/\/jorgezanoni.com.br\/2019\/wp-json\/wp\/v2\/types\/post"}],"author":[{"embeddable":true,"href":"https:\/\/jorgezanoni.com.br\/2019\/wp-json\/wp\/v2\/users\/1"}],"replies":[{"embeddable":true,"href":"https:\/\/jorgezanoni.com.br\/2019\/wp-json\/wp\/v2\/comments?post=24920"}],"version-history":[{"count":0,"href":"https:\/\/jorgezanoni.com.br\/2019\/wp-json\/wp\/v2\/posts\/24920\/revisions"}],"wp:featuredmedia":[{"embeddable":true,"href":"https:\/\/jorgezanoni.com.br\/2019\/wp-json\/wp\/v2\/media\/24921"}],"wp:attachment":[{"href":"https:\/\/jorgezanoni.com.br\/2019\/wp-json\/wp\/v2\/media?parent=24920"}],"wp:term":[{"taxonomy":"category","embeddable":true,"href":"https:\/\/jorgezanoni.com.br\/2019\/wp-json\/wp\/v2\/categories?post=24920"},{"taxonomy":"post_tag","embeddable":true,"href":"https:\/\/jorgezanoni.com.br\/2019\/wp-json\/wp\/v2\/tags?post=24920"}],"curies":[{"name":"wp","href":"https:\/\/api.w.org\/{rel}","templated":true}]}}