{"id":24913,"date":"2020-04-30T23:45:45","date_gmt":"2020-04-30T23:45:45","guid":{"rendered":"https:\/\/jorgezanoni.com.br\/2019\/?p=24913"},"modified":"2020-04-30T23:46:04","modified_gmt":"2020-04-30T23:46:04","slug":"laboratorio-particular-confirma-3o-caso-positivo-de-coronavirus-em-nova-guataporanga","status":"publish","type":"post","link":"https:\/\/jorgezanoni.com.br\/2019\/laboratorio-particular-confirma-3o-caso-positivo-de-coronavirus-em-nova-guataporanga\/","title":{"rendered":"Laborat\u00f3rio particular confirma 3\u00ba caso positivo de coronav\u00edrus em Nova Guataporanga"},"content":{"rendered":"<h2 class=\"content-head__subtitle\" style=\"text-align: justify;\"><strong>Munic\u00edpio anunciou o resultado na manh\u00e3 desta quinta-feira (30).<\/strong><\/h2>\n<div class=\"mc-column content-text active-extra-styles active-capital-letter\" data-block-type=\"unstyled\" data-block-weight=\"32\" data-block-id=\"1\">\n<p class=\"content-text__container theme-color-primary-first-letter\" style=\"text-align: justify;\" data-track-category=\"Link no Texto\" data-track-links=\"\">O resultado de um exame feito junto a um laborat\u00f3rio particular confirmou mais um caso do novo coronav\u00edrus em\u00a0<a href=\"https:\/\/g1.globo.com\/sp\/presidente-prudente-regiao\/cidade\/nova-guataporanga\/\">Nova Guataporanga<\/a>. O munic\u00edpio anunciou a confirma\u00e7\u00e3o na manh\u00e3 desta quinta-feira (30).<\/p>\n<\/div>\n<div class=\"wall protected-content\">\n<div class=\"mc-column content-text active-extra-styles \" style=\"text-align: justify;\" data-block-type=\"unstyled\" data-block-weight=\"9\" data-block-id=\"2\">\n<p class=\"content-text__container \" data-track-category=\"Link no Texto\" data-track-links=\"\">Os dados sobre o paciente ainda n\u00e3o foram informados.<\/p>\n<\/div>\n<div class=\"mc-column content-text active-extra-styles \" style=\"text-align: justify;\" data-block-type=\"unstyled\" data-block-weight=\"12\" data-block-id=\"3\">\n<p class=\"content-text__container \" data-track-category=\"Link no Texto\" data-track-links=\"\">Com esta confirma\u00e7\u00e3o, a cidade registra tr\u00eas casos positivos da doen\u00e7a.<\/p>\n<\/div>\n<div class=\"mc-column content-text active-extra-styles \" style=\"text-align: justify;\" data-block-type=\"unstyled\" data-block-weight=\"28\" data-block-id=\"4\">\n<p class=\"content-text__container \" data-track-category=\"Link no Texto\" data-track-links=\"\">Um homem de 40 anos foi o segundo caso confirmado da doen\u00e7a no munic\u00edpio nesta quarta-feira (29). A v\u00edtima est\u00e1 em isolamento domiciliar e n\u00e3o tem doen\u00e7as cr\u00f4nicas.<\/p>\n<\/div>\n<div class=\"mc-column content-text active-extra-styles \" data-block-type=\"unstyled\" data-block-weight=\"29\" data-block-id=\"5\">\n<p class=\"content-text__container \" style=\"text-align: justify;\" data-track-category=\"Link no Texto\" data-track-links=\"\">O primeiro caso positivo da doen\u00e7a em Nova Guaraporanga foi informado no dia 24 de abril. A v\u00edtima tamb\u00e9m \u00e9 um homem sem doen\u00e7as cr\u00f4nicas. Ele \u00e9 agente penitenci\u00e1rio.<\/p>\n<p style=\"text-align: justify;\" data-track-category=\"Link no Texto\" data-track-links=\"\">Fonte: G1<\/p>\n<\/div>\n<\/div>\n<p>&nbsp;<\/p>\n","protected":false},"excerpt":{"rendered":"<p>Munic\u00edpio anunciou o resultado na manh\u00e3 desta quinta-feira (30). O resultado de um exame feito junto a um laborat\u00f3rio particular confirmou mais um caso do novo coronav\u00edrus em\u00a0Nova Guataporanga. O munic\u00edpio anunciou a confirma\u00e7\u00e3o na manh\u00e3 desta quinta-feira (30). Os dados sobre o paciente ainda n\u00e3o foram informados. Com esta confirma\u00e7\u00e3o, a cidade registra tr\u00eas [&hellip;]<\/p>\n","protected":false},"author":1,"featured_media":24914,"comment_status":"closed","ping_status":"open","sticky":false,"template":"","format":"standard","meta":{"footnotes":""},"categories":[179,110,197],"tags":[],"class_list":["post-24913","post","type-post","status-publish","format-standard","has-post-thumbnail","hentry","category-cidadeseregiao","category-noticiasdestaque","category-novaguataporanga"],"_links":{"self":[{"href":"https:\/\/jorgezanoni.com.br\/2019\/wp-json\/wp\/v2\/posts\/24913","targetHints":{"allow":["GET"]}}],"collection":[{"href":"https:\/\/jorgezanoni.com.br\/2019\/wp-json\/wp\/v2\/posts"}],"about":[{"href":"https:\/\/jorgezanoni.com.br\/2019\/wp-json\/wp\/v2\/types\/post"}],"author":[{"embeddable":true,"href":"https:\/\/jorgezanoni.com.br\/2019\/wp-json\/wp\/v2\/users\/1"}],"replies":[{"embeddable":true,"href":"https:\/\/jorgezanoni.com.br\/2019\/wp-json\/wp\/v2\/comments?post=24913"}],"version-history":[{"count":0,"href":"https:\/\/jorgezanoni.com.br\/2019\/wp-json\/wp\/v2\/posts\/24913\/revisions"}],"wp:featuredmedia":[{"embeddable":true,"href":"https:\/\/jorgezanoni.com.br\/2019\/wp-json\/wp\/v2\/media\/24914"}],"wp:attachment":[{"href":"https:\/\/jorgezanoni.com.br\/2019\/wp-json\/wp\/v2\/media?parent=24913"}],"wp:term":[{"taxonomy":"category","embeddable":true,"href":"https:\/\/jorgezanoni.com.br\/2019\/wp-json\/wp\/v2\/categories?post=24913"},{"taxonomy":"post_tag","embeddable":true,"href":"https:\/\/jorgezanoni.com.br\/2019\/wp-json\/wp\/v2\/tags?post=24913"}],"curies":[{"name":"wp","href":"https:\/\/api.w.org\/{rel}","templated":true}]}}