{"id":24910,"date":"2020-04-30T23:27:22","date_gmt":"2020-04-30T23:27:22","guid":{"rendered":"https:\/\/jorgezanoni.com.br\/2019\/?p=24910"},"modified":"2020-04-30T23:27:22","modified_gmt":"2020-04-30T23:27:22","slug":"secretaria-municipal-de-saude-anuncia-2o-caso-suspeito-de-covid-19-em-pacaembu","status":"publish","type":"post","link":"https:\/\/jorgezanoni.com.br\/2019\/secretaria-municipal-de-saude-anuncia-2o-caso-suspeito-de-covid-19-em-pacaembu\/","title":{"rendered":"Secretaria Municipal de Sa\u00fade anuncia 2\u00ba caso suspeito de Covid-19 em Pacaembu"},"content":{"rendered":"<h2 class=\"content-head__subtitle\" style=\"text-align: justify;\"><strong>Paciente, de 42 anos, foi internado na Santa Casa de Miseric\u00f3rdia local nesta quarta-feira (29), ap\u00f3s apresentar sintomas caracter\u00edsticos da doen\u00e7a.<\/strong><\/h2>\n<div class=\"mc-column content-text active-extra-styles \" data-block-type=\"unstyled\" data-block-weight=\"21\" data-block-id=\"2\">\n<p class=\"content-text__container \" style=\"text-align: justify;\" data-track-category=\"Link no Texto\" data-track-links=\"\">A Secretaria Municipal de Sa\u00fade informou nesta quinta-feira (30) que foi registrado o segundo caso suspeito do novo coronav\u00edrus em\u00a0<a href=\"https:\/\/g1.globo.com\/sp\/presidente-prudente-regiao\/cidade\/pacaembu\/\">Pacaembu<\/a>.<\/p>\n<\/div>\n<div class=\"wall protected-content\">\n<div class=\"mc-column content-text active-extra-styles \" style=\"text-align: justify;\" data-block-type=\"unstyled\" data-block-weight=\"25\" data-block-id=\"3\">\n<p class=\"content-text__container \" data-track-category=\"Link no Texto\" data-track-links=\"\">O paciente, um homem, de 42 anos, foi internado na Santa Casa de Miseric\u00f3rdia local nesta quarta-feira (29), ap\u00f3s apresentar sintomas caracter\u00edsticos da doen\u00e7a.<\/p>\n<\/div>\n<div class=\"mc-column content-text active-extra-styles \" style=\"text-align: justify;\" data-block-type=\"unstyled\" data-block-weight=\"28\" data-block-id=\"4\">\n<p class=\"content-text__container \" data-track-category=\"Link no Texto\" data-track-links=\"\">A secret\u00e1ria municipal de Sa\u00fade, Manuelina Corpa, informou que a v\u00edtima j\u00e1 est\u00e1 em sistema de isolamento no hospital e recebe o devido atendimento da equipe m\u00e9dica.<\/p>\n<\/div>\n<div class=\"mc-column content-text active-extra-styles \" style=\"text-align: justify;\" data-block-type=\"unstyled\" data-block-weight=\"11\" data-block-id=\"5\">\n<p class=\"content-text__container \" data-track-category=\"Link no Texto\" data-track-links=\"\">&#8220;Faremos a coleta de material para ser encaminhada para exame&#8221;, acrescentou.<\/p>\n<\/div>\n<div class=\"mc-column content-text active-extra-styles \" style=\"text-align: justify;\" data-block-type=\"unstyled\" data-block-weight=\"32\" data-block-id=\"6\">\n<p class=\"content-text__container \" data-track-category=\"Link no Texto\" data-track-links=\"\">O primeiro caso suspeito foi divulgado pela secretaria na \u00faltima segunda-feira (27). Trata-se de um homem, de 40 anos, morador do munic\u00edpio, que segue internado na Santa Casa local, tamb\u00e9m em isolamento.<\/p>\n<\/div>\n<div class=\"mc-column content-text active-extra-styles \" data-block-type=\"unstyled\" data-block-weight=\"26\" data-block-id=\"7\">\n<p class=\"content-text__container \" style=\"text-align: justify;\" data-track-category=\"Link no Texto\" data-track-links=\"\">Portanto, Pacaembu tem agora dois casos suspeitos da Covid-19. Por\u00e9m, at\u00e9 o momento, o munic\u00edpio n\u00e3o registra nenhum caso confirmado ou descartado por exame da doen\u00e7a.<\/p>\n<p style=\"text-align: justify;\" data-track-category=\"Link no Texto\" data-track-links=\"\">Fonte: G1<\/p>\n<\/div>\n<\/div>\n","protected":false},"excerpt":{"rendered":"<p>Paciente, de 42 anos, foi internado na Santa Casa de Miseric\u00f3rdia local nesta quarta-feira (29), ap\u00f3s apresentar sintomas caracter\u00edsticos da doen\u00e7a. A Secretaria Municipal de Sa\u00fade informou nesta quinta-feira (30) que foi registrado o segundo caso suspeito do novo coronav\u00edrus em\u00a0Pacaembu. O paciente, um homem, de 42 anos, foi internado na Santa Casa de Miseric\u00f3rdia [&hellip;]<\/p>\n","protected":false},"author":1,"featured_media":24911,"comment_status":"closed","ping_status":"open","sticky":false,"template":"","format":"standard","meta":{"footnotes":""},"categories":[179,110,191],"tags":[],"class_list":["post-24910","post","type-post","status-publish","format-standard","has-post-thumbnail","hentry","category-cidadeseregiao","category-noticiasdestaque","category-pacaembu"],"_links":{"self":[{"href":"https:\/\/jorgezanoni.com.br\/2019\/wp-json\/wp\/v2\/posts\/24910","targetHints":{"allow":["GET"]}}],"collection":[{"href":"https:\/\/jorgezanoni.com.br\/2019\/wp-json\/wp\/v2\/posts"}],"about":[{"href":"https:\/\/jorgezanoni.com.br\/2019\/wp-json\/wp\/v2\/types\/post"}],"author":[{"embeddable":true,"href":"https:\/\/jorgezanoni.com.br\/2019\/wp-json\/wp\/v2\/users\/1"}],"replies":[{"embeddable":true,"href":"https:\/\/jorgezanoni.com.br\/2019\/wp-json\/wp\/v2\/comments?post=24910"}],"version-history":[{"count":0,"href":"https:\/\/jorgezanoni.com.br\/2019\/wp-json\/wp\/v2\/posts\/24910\/revisions"}],"wp:featuredmedia":[{"embeddable":true,"href":"https:\/\/jorgezanoni.com.br\/2019\/wp-json\/wp\/v2\/media\/24911"}],"wp:attachment":[{"href":"https:\/\/jorgezanoni.com.br\/2019\/wp-json\/wp\/v2\/media?parent=24910"}],"wp:term":[{"taxonomy":"category","embeddable":true,"href":"https:\/\/jorgezanoni.com.br\/2019\/wp-json\/wp\/v2\/categories?post=24910"},{"taxonomy":"post_tag","embeddable":true,"href":"https:\/\/jorgezanoni.com.br\/2019\/wp-json\/wp\/v2\/tags?post=24910"}],"curies":[{"name":"wp","href":"https:\/\/api.w.org\/{rel}","templated":true}]}}