{"id":24907,"date":"2020-04-30T23:08:15","date_gmt":"2020-04-30T23:08:15","guid":{"rendered":"https:\/\/jorgezanoni.com.br\/2019\/?p=24907"},"modified":"2020-04-30T23:08:15","modified_gmt":"2020-04-30T23:08:15","slug":"agente-penitenciario-e-1o-caso-confirmado-de-covid-19-em-sao-joao-do-pau-dalho","status":"publish","type":"post","link":"https:\/\/jorgezanoni.com.br\/2019\/agente-penitenciario-e-1o-caso-confirmado-de-covid-19-em-sao-joao-do-pau-dalho\/","title":{"rendered":"Agente penitenci\u00e1rio \u00e9 1\u00ba caso confirmado de Covid-19 em S\u00e3o Jo\u00e3o do Pau d&#8217;Alho"},"content":{"rendered":"<h2 class=\"content-head__subtitle\" style=\"text-align: justify;\"><strong>Paciente, de 45 anos, est\u00e1 em isolamento social em sua resid\u00eancia. Ele trabalha em Tupi Paulista.<\/strong><\/h2>\n<div class=\"mc-column content-text active-extra-styles \" data-block-type=\"unstyled\" data-block-weight=\"32\" data-block-id=\"2\">\n<p class=\"content-text__container \" style=\"text-align: justify;\" data-track-category=\"Link no Texto\" data-track-links=\"\">Um agente penitenci\u00e1rio, de 45 anos, \u00e9 o primeiro caso confirmado da Covid-19 em\u00a0<a href=\"https:\/\/g1.globo.com\/sp\/presidente-prudente-regiao\/cidade\/sao-joao-do-pau-dalho\/\">S\u00e3o Jo\u00e3o do Pau d&#8217;Alho<\/a>, conforme anunciou a Secretaria Municipal de Sa\u00fade na manh\u00e3 desta quinta-feira (30).<\/p>\n<\/div>\n<div class=\"wall protected-content\" style=\"text-align: justify;\">\n<div class=\"mc-column content-text active-extra-styles \" data-block-type=\"unstyled\" data-block-weight=\"10\" data-block-id=\"3\">\n<p class=\"content-text__container \" data-track-category=\"Link no Texto\" data-track-links=\"\">O paciente est\u00e1 em isolamento social em sua resid\u00eancia.<\/p>\n<\/div>\n<div class=\"mc-column content-text active-extra-styles \" data-block-type=\"unstyled\" data-block-weight=\"9\" data-block-id=\"4\">\n<p class=\"content-text__container \" data-track-category=\"Link no Texto\" data-track-links=\"\">Ele atua como agente na Penitenci\u00e1ria de Tupi Paulista.<\/p>\n<\/div>\n<div class=\"mc-column content-text active-extra-styles\" data-block-type=\"raw\" data-block-weight=\"2\" data-block-id=\"5\">\n<div class=\"content-intertitle\">\n<h2>Tupi Paulista<\/h2>\n<\/div>\n<\/div>\n<div class=\"mc-column content-text active-extra-styles \" data-block-type=\"unstyled\" data-block-weight=\"18\" data-block-id=\"6\">\n<p class=\"content-text__container \" data-track-category=\"Link no Texto\" data-track-links=\"\">Em Tupi Paulista, Secretaria Municipal de Sa\u00fade\u00a0<a href=\"https:\/\/g1.globo.com\/sp\/presidente-prudente-regiao\/noticia\/2020\/04\/29\/tupi-paulista-passa-de-quatro-para-sete-casos-positivos-de-covid-19.ghtml\">informou que o munic\u00edpio contabiliza sete confirma\u00e7\u00f5es do novo coronav\u00edrus<\/a>.<\/p>\n<\/div>\n<div class=\"mc-column content-text active-extra-styles \" data-block-type=\"unstyled\" data-block-weight=\"37\" data-block-id=\"7\">\n<p class=\"content-text__container \" data-track-category=\"Link no Texto\" data-track-links=\"\">A secretaria ainda refor\u00e7a que pessoas sem sintomas podem transmitir o v\u00edrus, por isso \u00e9 preciso respeitar a dist\u00e2ncia de pelo menos um metro e seguir os cuidados de higiene, uso de m\u00e1scaras e isolamento social.<\/p>\n<p data-track-category=\"Link no Texto\" data-track-links=\"\">Fonte: G1<\/p>\n<\/div>\n<\/div>\n<h2 class=\"content-head__subtitle\" style=\"text-align: justify;\"><\/h2>\n","protected":false},"excerpt":{"rendered":"<p>Paciente, de 45 anos, est\u00e1 em isolamento social em sua resid\u00eancia. Ele trabalha em Tupi Paulista. Um agente penitenci\u00e1rio, de 45 anos, \u00e9 o primeiro caso confirmado da Covid-19 em\u00a0S\u00e3o Jo\u00e3o do Pau d&#8217;Alho, conforme anunciou a Secretaria Municipal de Sa\u00fade na manh\u00e3 desta quinta-feira (30). O paciente est\u00e1 em isolamento social em sua resid\u00eancia. [&hellip;]<\/p>\n","protected":false},"author":1,"featured_media":24908,"comment_status":"closed","ping_status":"open","sticky":false,"template":"","format":"standard","meta":{"footnotes":""},"categories":[179,110,198],"tags":[],"class_list":["post-24907","post","type-post","status-publish","format-standard","has-post-thumbnail","hentry","category-cidadeseregiao","category-noticiasdestaque","category-saojoaodopaudalho"],"_links":{"self":[{"href":"https:\/\/jorgezanoni.com.br\/2019\/wp-json\/wp\/v2\/posts\/24907","targetHints":{"allow":["GET"]}}],"collection":[{"href":"https:\/\/jorgezanoni.com.br\/2019\/wp-json\/wp\/v2\/posts"}],"about":[{"href":"https:\/\/jorgezanoni.com.br\/2019\/wp-json\/wp\/v2\/types\/post"}],"author":[{"embeddable":true,"href":"https:\/\/jorgezanoni.com.br\/2019\/wp-json\/wp\/v2\/users\/1"}],"replies":[{"embeddable":true,"href":"https:\/\/jorgezanoni.com.br\/2019\/wp-json\/wp\/v2\/comments?post=24907"}],"version-history":[{"count":0,"href":"https:\/\/jorgezanoni.com.br\/2019\/wp-json\/wp\/v2\/posts\/24907\/revisions"}],"wp:featuredmedia":[{"embeddable":true,"href":"https:\/\/jorgezanoni.com.br\/2019\/wp-json\/wp\/v2\/media\/24908"}],"wp:attachment":[{"href":"https:\/\/jorgezanoni.com.br\/2019\/wp-json\/wp\/v2\/media?parent=24907"}],"wp:term":[{"taxonomy":"category","embeddable":true,"href":"https:\/\/jorgezanoni.com.br\/2019\/wp-json\/wp\/v2\/categories?post=24907"},{"taxonomy":"post_tag","embeddable":true,"href":"https:\/\/jorgezanoni.com.br\/2019\/wp-json\/wp\/v2\/tags?post=24907"}],"curies":[{"name":"wp","href":"https:\/\/api.w.org\/{rel}","templated":true}]}}