{"id":24903,"date":"2020-04-30T22:44:54","date_gmt":"2020-04-30T22:44:54","guid":{"rendered":"https:\/\/jorgezanoni.com.br\/2019\/?p=24903"},"modified":"2020-04-30T22:44:54","modified_gmt":"2020-04-30T22:44:54","slug":"osvaldo-cruz-confirma-oficialmente-o-primeiro-caso-de-novo-coronavirus","status":"publish","type":"post","link":"https:\/\/jorgezanoni.com.br\/2019\/osvaldo-cruz-confirma-oficialmente-o-primeiro-caso-de-novo-coronavirus\/","title":{"rendered":"Osvaldo Cruz confirma oficialmente o primeiro caso de novo coronav\u00edrus"},"content":{"rendered":"<h2 class=\"content-head__subtitle\" style=\"text-align: justify;\"><strong>Munic\u00edpio recebeu o exame de contraprova do Instituto Adolfo Lutz nesta quinta-feira (30). Boletim da Secretaria Municipal de Sa\u00fade aponta que a cidade possui tr\u00eas notifica\u00e7\u00f5es suspeitas.<\/strong><\/h2>\n<div class=\"mc-column content-text active-extra-styles \" data-block-type=\"unstyled\" data-block-weight=\"18\" data-block-id=\"2\">\n<p class=\"content-text__container \" style=\"text-align: justify;\" data-track-category=\"Link no Texto\" data-track-links=\"\">A Prefeitura anunciou na tarde desta quinta-feira (30) o primeiro caso confirmado do novo coronav\u00edrus em\u00a0<a href=\"https:\/\/g1.globo.com\/sp\/presidente-prudente-regiao\/cidade\/osvaldo-cruz\/\">Osvaldo Cruz<\/a>.<\/p>\n<\/div>\n<div class=\"wall protected-content\">\n<div class=\"mc-column content-text active-extra-styles \" style=\"text-align: justify;\" data-block-type=\"unstyled\" data-block-weight=\"32\" data-block-id=\"3\">\n<p class=\"content-text__container \" data-track-category=\"Link no Texto\" data-track-links=\"\">Segundo o Poder Executivo, o Instituto Adolfo Lutz confirmou que um paciente submetido a teste r\u00e1pido para Covid-19 na Santa Casa da cidade foi diagnosticado com a doen\u00e7a em exame de contraprova.<\/p>\n<\/div>\n<div class=\"mc-column content-text active-extra-styles \" style=\"text-align: justify;\" data-block-type=\"unstyled\" data-block-weight=\"13\" data-block-id=\"4\">\n<p class=\"content-text__container \" data-track-category=\"Link no Texto\" data-track-links=\"\">O boletim epidemiol\u00f3gico desta quinta-feira aponta ainda tr\u00eas casos suspeitos e sete descartados.<\/p>\n<\/div>\n<div class=\"mc-column content-text active-extra-styles \" data-block-type=\"unstyled\" data-block-weight=\"18\" data-block-id=\"5\">\n<p class=\"content-text__container \" style=\"text-align: justify;\" data-track-category=\"Link no Texto\" data-track-links=\"\">A Secretaria Municipal de Sa\u00fade monitora 11 pessoas, que n\u00e3o preenchem os requisitos cl\u00ednicos para serem consideradas notificadas\/suspeitas.<\/p>\n<p style=\"text-align: justify;\" data-track-category=\"Link no Texto\" data-track-links=\"\">Fonte: G1<\/p>\n<\/div>\n<\/div>\n","protected":false},"excerpt":{"rendered":"<p>Munic\u00edpio recebeu o exame de contraprova do Instituto Adolfo Lutz nesta quinta-feira (30). Boletim da Secretaria Municipal de Sa\u00fade aponta que a cidade possui tr\u00eas notifica\u00e7\u00f5es suspeitas. A Prefeitura anunciou na tarde desta quinta-feira (30) o primeiro caso confirmado do novo coronav\u00edrus em\u00a0Osvaldo Cruz. Segundo o Poder Executivo, o Instituto Adolfo Lutz confirmou que um [&hellip;]<\/p>\n","protected":false},"author":1,"featured_media":24905,"comment_status":"closed","ping_status":"open","sticky":false,"template":"","format":"standard","meta":{"footnotes":""},"categories":[110,122],"tags":[],"class_list":["post-24903","post","type-post","status-publish","format-standard","has-post-thumbnail","hentry","category-noticiasdestaque","category-saudeeducacaoeconcurso"],"_links":{"self":[{"href":"https:\/\/jorgezanoni.com.br\/2019\/wp-json\/wp\/v2\/posts\/24903","targetHints":{"allow":["GET"]}}],"collection":[{"href":"https:\/\/jorgezanoni.com.br\/2019\/wp-json\/wp\/v2\/posts"}],"about":[{"href":"https:\/\/jorgezanoni.com.br\/2019\/wp-json\/wp\/v2\/types\/post"}],"author":[{"embeddable":true,"href":"https:\/\/jorgezanoni.com.br\/2019\/wp-json\/wp\/v2\/users\/1"}],"replies":[{"embeddable":true,"href":"https:\/\/jorgezanoni.com.br\/2019\/wp-json\/wp\/v2\/comments?post=24903"}],"version-history":[{"count":0,"href":"https:\/\/jorgezanoni.com.br\/2019\/wp-json\/wp\/v2\/posts\/24903\/revisions"}],"wp:featuredmedia":[{"embeddable":true,"href":"https:\/\/jorgezanoni.com.br\/2019\/wp-json\/wp\/v2\/media\/24905"}],"wp:attachment":[{"href":"https:\/\/jorgezanoni.com.br\/2019\/wp-json\/wp\/v2\/media?parent=24903"}],"wp:term":[{"taxonomy":"category","embeddable":true,"href":"https:\/\/jorgezanoni.com.br\/2019\/wp-json\/wp\/v2\/categories?post=24903"},{"taxonomy":"post_tag","embeddable":true,"href":"https:\/\/jorgezanoni.com.br\/2019\/wp-json\/wp\/v2\/tags?post=24903"}],"curies":[{"name":"wp","href":"https:\/\/api.w.org\/{rel}","templated":true}]}}