{"id":24900,"date":"2020-04-30T21:58:48","date_gmt":"2020-04-30T21:58:48","guid":{"rendered":"https:\/\/jorgezanoni.com.br\/2019\/?p=24900"},"modified":"2020-04-30T21:58:48","modified_gmt":"2020-04-30T21:58:48","slug":"com-casos-confirmados-em-criancas-tupi-paulista-tem-11-registros-positivos-de-covid-19","status":"publish","type":"post","link":"https:\/\/jorgezanoni.com.br\/2019\/com-casos-confirmados-em-criancas-tupi-paulista-tem-11-registros-positivos-de-covid-19\/","title":{"rendered":"Com casos confirmados em crian\u00e7as, Tupi Paulista tem 11 registros positivos de Covid-19"},"content":{"rendered":"<h2 class=\"content-head__subtitle\" style=\"text-align: justify;\"><strong>Secretaria Municipal de Sa\u00fade divulgou mais quatro confirma\u00e7\u00f5es do novo coronav\u00edrus nesta quinta-feira (30). Pacientes est\u00e3o isolamento domiciliar em suas casas.<\/strong><\/h2>\n<div class=\"mc-column content-text active-extra-styles active-capital-letter\" data-block-type=\"unstyled\" data-block-weight=\"31\" data-block-id=\"1\">\n<p class=\"content-text__container theme-color-primary-first-letter\" style=\"text-align: justify;\" data-track-category=\"Link no Texto\" data-track-links=\"\">A Secretaria Municipal de Sa\u00fade de\u00a0<a href=\"https:\/\/g1.globo.com\/sp\/presidente-prudente-regiao\/cidade\/tupi-paulista\/\">Tupi Paulista<\/a>\u00a0anunciou mais quatro casos positivos de Covid-19 na cidade nesta quinta-feira (30). Com esses n\u00fameros, a cidade totaliza 11 registros confirmados da doen\u00e7a.<\/p>\n<\/div>\n<div class=\"wall protected-content\">\n<div class=\"mc-column content-text active-extra-styles \" style=\"text-align: justify;\" data-block-type=\"unstyled\" data-block-weight=\"23\" data-block-id=\"2\">\n<p class=\"content-text__container \" data-track-category=\"Link no Texto\" data-track-links=\"\">De acordo com a secretaria, dois dos novos casos s\u00e3o crian\u00e7as. Tratam-se de um menino de 3 anos e uma menina de 4.<\/p>\n<\/div>\n<div class=\"mc-column content-text active-extra-styles \" style=\"text-align: justify;\" data-block-type=\"unstyled\" data-block-weight=\"17\" data-block-id=\"3\">\n<p class=\"content-text__container \" data-track-category=\"Link no Texto\" data-track-links=\"\">As outras duas confirma\u00e7\u00f5es s\u00e3o referentes a um homem de 83 anos e uma mulher de 45.<\/p>\n<\/div>\n<div class=\"mc-column content-text active-extra-styles \" data-block-type=\"unstyled\" data-block-weight=\"20\" data-block-id=\"4\">\n<p class=\"content-text__container \" style=\"text-align: justify;\" data-track-category=\"Link no Texto\" data-track-links=\"\">Os quatro novos pacientes est\u00e3o isolados em casa e nenhum deles t\u00eam estado de sa\u00fade grave, segundo a pasta municipal.<\/p>\n<p style=\"text-align: justify;\" data-track-category=\"Link no Texto\" data-track-links=\"\">Fonte: G1<\/p>\n<\/div>\n<\/div>\n","protected":false},"excerpt":{"rendered":"<p>Secretaria Municipal de Sa\u00fade divulgou mais quatro confirma\u00e7\u00f5es do novo coronav\u00edrus nesta quinta-feira (30). Pacientes est\u00e3o isolamento domiciliar em suas casas. A Secretaria Municipal de Sa\u00fade de\u00a0Tupi Paulista\u00a0anunciou mais quatro casos positivos de Covid-19 na cidade nesta quinta-feira (30). Com esses n\u00fameros, a cidade totaliza 11 registros confirmados da doen\u00e7a. De acordo com a secretaria, [&hellip;]<\/p>\n","protected":false},"author":1,"featured_media":24901,"comment_status":"closed","ping_status":"open","sticky":false,"template":"","format":"standard","meta":{"footnotes":""},"categories":[179,110,185],"tags":[],"class_list":["post-24900","post","type-post","status-publish","format-standard","has-post-thumbnail","hentry","category-cidadeseregiao","category-noticiasdestaque","category-tupipaulista"],"_links":{"self":[{"href":"https:\/\/jorgezanoni.com.br\/2019\/wp-json\/wp\/v2\/posts\/24900","targetHints":{"allow":["GET"]}}],"collection":[{"href":"https:\/\/jorgezanoni.com.br\/2019\/wp-json\/wp\/v2\/posts"}],"about":[{"href":"https:\/\/jorgezanoni.com.br\/2019\/wp-json\/wp\/v2\/types\/post"}],"author":[{"embeddable":true,"href":"https:\/\/jorgezanoni.com.br\/2019\/wp-json\/wp\/v2\/users\/1"}],"replies":[{"embeddable":true,"href":"https:\/\/jorgezanoni.com.br\/2019\/wp-json\/wp\/v2\/comments?post=24900"}],"version-history":[{"count":0,"href":"https:\/\/jorgezanoni.com.br\/2019\/wp-json\/wp\/v2\/posts\/24900\/revisions"}],"wp:featuredmedia":[{"embeddable":true,"href":"https:\/\/jorgezanoni.com.br\/2019\/wp-json\/wp\/v2\/media\/24901"}],"wp:attachment":[{"href":"https:\/\/jorgezanoni.com.br\/2019\/wp-json\/wp\/v2\/media?parent=24900"}],"wp:term":[{"taxonomy":"category","embeddable":true,"href":"https:\/\/jorgezanoni.com.br\/2019\/wp-json\/wp\/v2\/categories?post=24900"},{"taxonomy":"post_tag","embeddable":true,"href":"https:\/\/jorgezanoni.com.br\/2019\/wp-json\/wp\/v2\/tags?post=24900"}],"curies":[{"name":"wp","href":"https:\/\/api.w.org\/{rel}","templated":true}]}}