{"id":24894,"date":"2020-04-30T18:25:01","date_gmt":"2020-04-30T18:25:01","guid":{"rendered":"https:\/\/jorgezanoni.com.br\/2019\/?p=24894"},"modified":"2020-04-30T18:25:01","modified_gmt":"2020-04-30T18:25:01","slug":"policia-civil-esclarece-homicidio-de-homem-encontrado-proximo-ao-balneario-da-amizade-em-presidente-prudente","status":"publish","type":"post","link":"https:\/\/jorgezanoni.com.br\/2019\/policia-civil-esclarece-homicidio-de-homem-encontrado-proximo-ao-balneario-da-amizade-em-presidente-prudente\/","title":{"rendered":"Pol\u00edcia Civil esclarece homic\u00eddio de homem encontrado pr\u00f3ximo ao Balne\u00e1rio da Amizade em Presidente Prudente"},"content":{"rendered":"<h2 class=\"content-head__subtitle\" style=\"text-align: justify;\"><strong>Testemunhos e investiga\u00e7\u00f5es apontaram a participa\u00e7\u00e3o de tr\u00eas homens no crime. Dois deles j\u00e1 estavam presos por tr\u00e1fico de drogas.<\/strong><\/h2>\n<div class=\"row medium-uncollapsed content-media content-photo\" data-block-type=\"backstage-photo\" data-block-id=\"0\">\n<div class=\"mc-column content-media__container\">\n<div class=\"progressive-img can-open-lightbox\" data-min-size=\"1008x1019\" data-min-size-url=\"https:\/\/s2.glbimg.com\/q-vlOMgaJYYm6zp3rAODnQJU-4Y=\/0x139:347x490\/1008x0\/smart\/filters:strip_icc()\/i.s3.glbimg.com\/v1\/AUTH_59edd422c0c84a879bd37670ae4f538a\/internal_photos\/bs\/2020\/H\/g\/B7SMcISU2u4ngxSin6wQ\/whatsapp-image-2020-04-30-at-09.32.01.jpeg\" data-max-size=\"1600x1618\" data-max-size-url=\"https:\/\/s2.glbimg.com\/AJVPxxYT1ptWclqmsu89O-hSLkg=\/0x139:347x490\/1600x0\/smart\/filters:strip_icc()\/i.s3.glbimg.com\/v1\/AUTH_59edd422c0c84a879bd37670ae4f538a\/internal_photos\/bs\/2020\/H\/g\/B7SMcISU2u4ngxSin6wQ\/whatsapp-image-2020-04-30-at-09.32.01.jpeg\" data-media-index=\"0\"><picture><img decoding=\"async\" class=\"image content-media__image progressive-loaded\" title=\"Drogas e muni\u00e7\u00f5es foram apreendidas durante a opera\u00e7\u00e3o \u2014 Foto: Pol\u00edcia Civil\" src=\"https:\/\/s2.glbimg.com\/0FoFzDzeR01do-bYxSA-thfPx6U=\/0x139:347x490\/984x0\/smart\/filters:strip_icc()\/i.s3.glbimg.com\/v1\/AUTH_59edd422c0c84a879bd37670ae4f538a\/internal_photos\/bs\/2020\/H\/g\/B7SMcISU2u4ngxSin6wQ\/whatsapp-image-2020-04-30-at-09.32.01.jpeg\" alt=\"Drogas e muni\u00e7\u00f5es foram apreendidas durante a opera\u00e7\u00e3o \u2014 Foto: Pol\u00edcia Civil\" data-src=\"https:\/\/s2.glbimg.com\/0FoFzDzeR01do-bYxSA-thfPx6U=\/0x139:347x490\/984x0\/smart\/filters:strip_icc()\/i.s3.glbimg.com\/v1\/AUTH_59edd422c0c84a879bd37670ae4f538a\/internal_photos\/bs\/2020\/H\/g\/B7SMcISU2u4ngxSin6wQ\/whatsapp-image-2020-04-30-at-09.32.01.jpeg\" \/><\/picture><\/div>\n<p class=\"content-media__description \" style=\"text-align: justify;\">Drogas e muni\u00e7\u00f5es foram apreendidas durante a opera\u00e7\u00e3o \u2014 Foto: Pol\u00edcia Civil<\/p>\n<\/div>\n<\/div>\n<div class=\"mc-column content-text active-extra-styles \" style=\"text-align: justify;\" data-block-type=\"unstyled\" data-block-weight=\"64\" data-block-id=\"2\">\n<p class=\"content-text__container \" data-track-category=\"Link no Texto\" data-track-links=\"\">A Pol\u00edcia Civil, por meio da Divis\u00e3o Especializada de Investiga\u00e7\u00f5es Criminais (Deic) de\u00a0<a href=\"http:\/\/g1.globo.com\/sp\/presidente-prudente-regiao\/cidade\/presidente-prudente.html\">Presidente Prudente<\/a>, esclareceu o\u00a0<a href=\"https:\/\/g1.globo.com\/sp\/presidente-prudente-regiao\/noticia\/2020\/03\/28\/corpos-encontrados-em-presidente-prudente-e-rancharia.ghtml\">assassinato do homem de 32 anos encontrado nas proximidades do Balne\u00e1rio da Amizade<\/a>\u00a0e identificou um \u201ccons\u00f3rcio criminoso de drogas\u201d. Em opera\u00e7\u00e3o realizada nesta quinta-feira (30) os agentes cumpriram tr\u00eas mandados de pris\u00e3o tempor\u00e1ria e quatro mandados de buscas. Dois dos tr\u00eas suspeitos j\u00e1 estavam presos.<\/p>\n<\/div>\n<div class=\"wall protected-content\">\n<div class=\"mc-column content-text active-extra-styles \" style=\"text-align: justify;\" data-block-type=\"unstyled\" data-block-weight=\"26\" data-block-id=\"3\">\n<p class=\"content-text__container \" data-track-category=\"Link no Texto\" data-track-links=\"\">A opera\u00e7\u00e3o, denominada Lockdown, abrangeu diversos bairros de Presidente Prudente e tamb\u00e9m resultou em outras duas pris\u00f5es em flagrante por tr\u00e1fico, sem rela\u00e7\u00e3o com o homic\u00eddio.<\/p>\n<\/div>\n<div class=\"mc-column content-text active-extra-styles\" style=\"text-align: justify;\" data-block-type=\"raw\" data-block-weight=\"19\" data-block-id=\"4\">\n<ul class=\"content-unordered-list\">\n<li><a href=\"https:\/\/g1.globo.com\/sp\/presidente-prudente-regiao\/noticia\/2020\/03\/30\/suspeito-de-envolvimento-na-morte-de-homem-encontrado-proximo-ao-balneario-da-amizade-e-preso-e-deve-prestar-depoimento.ghtml\">Suspeito de envolvimento na morte de homem encontrado pr\u00f3ximo ao Balne\u00e1rio da Amizade \u00e9 preso e deve prestar depoimento<\/a><\/li>\n<\/ul>\n<\/div>\n<div class=\"mc-column content-text active-extra-styles \" style=\"text-align: justify;\" data-block-type=\"unstyled\" data-block-weight=\"38\" data-block-id=\"5\">\n<p class=\"content-text__container \" data-track-category=\"Link no Texto\" data-track-links=\"\">As investiga\u00e7\u00f5es preliminares apontaram que os investigados, todos traficantes, segundo a pol\u00edcia, agindo de maneira proposital, executaram e ocultaram o corpo do homem de 32 anos em um terreno baldio localizado no prolongamento da Avenida Jo\u00e3o Gomes.<\/p>\n<\/div>\n<div class=\"mc-column content-text active-extra-styles \" style=\"text-align: justify;\" data-block-type=\"unstyled\" data-block-weight=\"48\" data-block-id=\"6\">\n<p class=\"content-text__container \" data-track-category=\"Link no Texto\" data-track-links=\"\">O cad\u00e1ver foi deixado no local enrolado em saco pl\u00e1stico de cor preta e em cobertores, com pernas, bra\u00e7os e m\u00e3os amarados com cordas de varal. Na sequ\u00eancia, o ve\u00edculo da v\u00edtima foi levado at\u00e9 o prolongamento da Estrada Raimundo Maiolini, no distrito de Montalv\u00e3o, onde foi incendiado.<\/p>\n<\/div>\n<div class=\"mc-column content-text active-extra-styles \" data-block-type=\"unstyled\" data-block-weight=\"34\" data-block-id=\"7\">\n<p class=\"content-text__container \" style=\"text-align: justify;\" data-track-category=\"Link no Texto\" data-track-links=\"\">Diante de evid\u00eancias, den\u00fancias, testemunhos e investiga\u00e7\u00f5es, ap\u00f3s representa\u00e7\u00e3o da autoridade policial, foram expedidos pela Justi\u00e7a tr\u00eas mandados de pris\u00e3o tempor\u00e1ria. Um dos presos por mandado tamb\u00e9m foi autuado em flagrante por tr\u00e1fico.<\/p>\n<div class=\"mc-column content-text active-extra-styles\" style=\"text-align: justify;\" data-block-type=\"raw\" data-block-weight=\"1\" data-block-id=\"10\">\n<div class=\"content-intertitle\">\n<h2>Testemunhos<\/h2>\n<\/div>\n<\/div>\n<div class=\"mc-column content-text active-extra-styles \" style=\"text-align: justify;\" data-block-type=\"unstyled\" data-block-weight=\"28\" data-block-id=\"11\">\n<p class=\"content-text__container \" data-track-category=\"Link no Texto\" data-track-links=\"\">Conforme informou ao\u00a0<strong>G1\u00a0<\/strong>a Pol\u00edcia Civil, dois dos tr\u00eas alvos dos mandados de pris\u00e3o j\u00e1 estavam presos. Um deles foi detido nesta semana por tr\u00e1fico de drogas.<\/p>\n<\/div>\n<div class=\"mc-column content-text active-extra-styles \" style=\"text-align: justify;\" data-block-type=\"unstyled\" data-block-weight=\"31\" data-block-id=\"12\">\n<p class=\"content-text__container \" data-track-category=\"Link no Texto\" data-track-links=\"\">O outro \u00e9 um rapaz de\u00a0<a href=\"https:\/\/g1.globo.com\/sp\/presidente-prudente-regiao\/noticia\/2020\/03\/30\/suspeito-de-envolvimento-na-morte-de-homem-encontrado-proximo-ao-balneario-da-amizade-e-preso-e-deve-prestar-depoimento.ghtml\">20 anos que foi detido no dia do crime durante um patrulhamento do 8\u00ba Batalh\u00e3o de A\u00e7\u00f5es Especiais de Pol\u00edcia (Baep)<\/a>\u00a0pelo Jardim Humberto Salvador.<\/p>\n<\/div>\n<div class=\"mc-column content-text active-extra-styles \" style=\"text-align: justify;\" data-block-type=\"unstyled\" data-block-weight=\"35\" data-block-id=\"13\">\n<p class=\"content-text__container \" data-track-category=\"Link no Texto\" data-track-links=\"\">Durante a revista e entrevista dos suspeitos, chegou a informa\u00e7\u00e3o, por meio do servi\u00e7o de intelig\u00eancia do Batalh\u00e3o, de que o rapaz de 20 anos seria um dos suspeitos de ter cometido o homic\u00eddio.<\/p>\n<\/div>\n<div class=\"mc-column content-text active-extra-styles \" style=\"text-align: justify;\" data-block-type=\"unstyled\" data-block-weight=\"28\" data-block-id=\"14\">\n<p class=\"content-text__container \" data-track-category=\"Link no Texto\" data-track-links=\"\">Ao ser interrogado pela Delegacia de Investiga\u00e7\u00f5es Gerais (DIG), o indiv\u00edduo contou uma \u201chist\u00f3ria fantasiosa\u201d que o eximia do envolvimento do crime, conforme informou ao\u00a0<strong>G1<\/strong>\u00a0a pol\u00edcia.<\/p>\n<\/div>\n<div class=\"mc-column content-text active-extra-styles \" style=\"text-align: justify;\" data-block-type=\"unstyled\" data-block-weight=\"25\" data-block-id=\"15\">\n<p class=\"content-text__container \" data-track-category=\"Link no Texto\" data-track-links=\"\">Contudo, den\u00fancias e inclusive testemunhos formalizados indicavam a participa\u00e7\u00e3o do rapaz e de outros dois indiv\u00edduos no assassinato, segundo relatou ao G1 a Pol\u00edcia Civil.<\/p>\n<\/div>\n<div class=\"mc-column content-text active-extra-styles \" style=\"text-align: justify;\" data-block-type=\"unstyled\" data-block-weight=\"13\" data-block-id=\"16\">\n<p class=\"content-text__container \" data-track-category=\"Link no Texto\" data-track-links=\"\">Eles ainda ser\u00e3o ouvidos em decorr\u00eancia da Opera\u00e7\u00e3o Lockdown, realizada nesta quinta-feira (30).<\/p>\n<\/div>\n<div class=\"mc-column content-text active-extra-styles \" style=\"text-align: justify;\" data-block-type=\"unstyled\" data-block-weight=\"32\" data-block-id=\"17\">\n<p class=\"content-text__container \" data-track-category=\"Link no Texto\" data-track-links=\"\">Al\u00e9m dos dois j\u00e1 presos, um terceiro indiv\u00edduo suspeito de envolvimento na morte do homem de 32 anos foi preso pelo cumprimento do mandado e tamb\u00e9m em flagrante por tr\u00e1fico de droga.<\/p>\n<\/div>\n<div class=\"mc-column content-text active-extra-styles \" style=\"text-align: justify;\" data-block-type=\"unstyled\" data-block-weight=\"33\" data-block-id=\"18\">\n<p class=\"content-text__container \" data-track-category=\"Link no Texto\" data-track-links=\"\">Nenhum confessou a participa\u00e7\u00e3o e\/ou deu detalhes sobre motiva\u00e7\u00f5es, mas informa\u00e7\u00f5es apuradas pela Pol\u00edcia Civil apontavam que a v\u00edtima tinha envolvimento com o tr\u00e1fico de drogas e teria uma d\u00edvida com os criminosos.<\/p>\n<\/div>\n<div class=\"mc-column content-text active-extra-styles \" style=\"text-align: justify;\" data-block-type=\"unstyled\" data-block-weight=\"16\" data-block-id=\"20\">\n<p class=\"content-text__container \" data-track-category=\"Link no Texto\" data-track-links=\"\">Os indiv\u00edduos permanecem \u00e0 disposi\u00e7\u00e3o da Justi\u00e7a. As pris\u00f5es tempor\u00e1rias t\u00eam prazo inicial de 30 dias.<\/p>\n<\/div>\n<div class=\"mc-column content-text active-extra-styles \" style=\"text-align: justify;\" data-block-type=\"unstyled\" data-block-weight=\"22\" data-block-id=\"21\">\n<p class=\"content-text__container \" data-track-category=\"Link no Texto\" data-track-links=\"\">O trio deve responder por homic\u00eddio qualificado, oculta\u00e7\u00e3o de cad\u00e1ver e inc\u00eandio qualificado. As penas podem ultrapassar os 30 anos de reclus\u00e3o.<\/p>\n<\/div>\n<div class=\"row medium-uncollapsed content-media content-photo\" style=\"text-align: justify;\" data-block-type=\"backstage-photo\" data-block-id=\"22\">\n<div class=\"mc-column content-media__container\">\n<div class=\"progressive-img can-open-lightbox\" data-min-size=\"1008x1158\" data-min-size-url=\"https:\/\/s2.glbimg.com\/zRD5ge2gqBYITK0_6-hJzEmy-BE=\/0x118:758x989\/1008x0\/smart\/filters:strip_icc()\/i.s3.glbimg.com\/v1\/AUTH_59edd422c0c84a879bd37670ae4f538a\/internal_photos\/bs\/2020\/7\/s\/9YcL7uT6GGnz25cFkivw\/whatsapp-image-2020-04-30-at-09.32.01-1-.jpeg\" data-max-size=\"1600x1838\" data-max-size-url=\"https:\/\/s2.glbimg.com\/9ggysmndeuLEpo8DYedueKagID0=\/0x118:758x989\/1600x0\/smart\/filters:strip_icc()\/i.s3.glbimg.com\/v1\/AUTH_59edd422c0c84a879bd37670ae4f538a\/internal_photos\/bs\/2020\/7\/s\/9YcL7uT6GGnz25cFkivw\/whatsapp-image-2020-04-30-at-09.32.01-1-.jpeg\" data-media-index=\"2\">\n<div class=\"placeholder-container\"><img decoding=\"async\" class=\"image content-media__image progressive-loaded\" title=\"Motocicleta possivelmente usada no dia do crime foi apreendida e passar\u00e1 por per\u00edcia \u2014 Foto: Pol\u00edcia Civil\" src=\"https:\/\/s2.glbimg.com\/5NyijgDHL2cjzkshReHYsl-0Y4s=\/0x118:758x989\/984x0\/smart\/filters:strip_icc()\/i.s3.glbimg.com\/v1\/AUTH_59edd422c0c84a879bd37670ae4f538a\/internal_photos\/bs\/2020\/7\/s\/9YcL7uT6GGnz25cFkivw\/whatsapp-image-2020-04-30-at-09.32.01-1-.jpeg\" alt=\"Motocicleta possivelmente usada no dia do crime foi apreendida e passar\u00e1 por per\u00edcia \u2014 Foto: Pol\u00edcia Civil\" data-src=\"https:\/\/s2.glbimg.com\/5NyijgDHL2cjzkshReHYsl-0Y4s=\/0x118:758x989\/984x0\/smart\/filters:strip_icc()\/i.s3.glbimg.com\/v1\/AUTH_59edd422c0c84a879bd37670ae4f538a\/internal_photos\/bs\/2020\/7\/s\/9YcL7uT6GGnz25cFkivw\/whatsapp-image-2020-04-30-at-09.32.01-1-.jpeg\" \/><\/div>\n<\/div>\n<p class=\"content-media__description \">Motocicleta possivelmente usada no dia do crime foi apreendida e passar\u00e1 por per\u00edcia \u2014 Foto: Pol\u00edcia Civil<\/p>\n<\/div>\n<\/div>\n<div class=\"mc-column content-text active-extra-styles\" style=\"text-align: justify;\" data-block-type=\"raw\" data-block-weight=\"1\" data-block-id=\"23\">\n<div class=\"content-intertitle\">\n<h2>Flagrantes<\/h2>\n<\/div>\n<\/div>\n<div class=\"mc-column content-text active-extra-styles \" style=\"text-align: justify;\" data-block-type=\"unstyled\" data-block-weight=\"33\" data-block-id=\"24\">\n<p class=\"content-text__container \" data-track-category=\"Link no Texto\" data-track-links=\"\">Durante o cumprimento das medidas, a Pol\u00edcia Civil apreendeu a motocicleta possivelmente utilizada na pr\u00e1tica criminosa, para ser periciada, e apreendeu nos diversos endere\u00e7os por\u00e7\u00f5es de coca\u00edna e de maconha, bem como muni\u00e7\u00f5es.<\/p>\n<\/div>\n<div class=\"mc-column content-text active-extra-styles \" style=\"text-align: justify;\" data-block-type=\"unstyled\" data-block-weight=\"20\" data-block-id=\"25\">\n<p class=\"content-text__container \" data-track-category=\"Link no Texto\" data-track-links=\"\">Al\u00e9m esclarecer o homic\u00eddio, a opera\u00e7\u00e3o tinha como objetivo desarticular o tr\u00e1fico e a distribui\u00e7\u00e3o de drogas em Presidente Prudente.<\/p>\n<\/div>\n<div class=\"mc-column content-text active-extra-styles \" style=\"text-align: justify;\" data-block-type=\"unstyled\" data-block-weight=\"24\" data-block-id=\"26\">\n<p class=\"content-text__container \" data-track-category=\"Link no Texto\" data-track-links=\"\">Dois homens que n\u00e3o estavam relacionados com o homic\u00eddio e foram localizados com drogas durante as buscas da Pol\u00edcia Civil foram presos em flagrante.<\/p>\n<\/div>\n<div class=\"row medium-uncollapsed content-media content-photo\" data-block-type=\"backstage-photo\" data-block-id=\"27\">\n<div class=\"mc-column content-media__container\">\n<div class=\"progressive-img can-open-lightbox\" style=\"text-align: justify;\" data-min-size=\"1008x756\" data-min-size-url=\"https:\/\/s2.glbimg.com\/VPizjDAV4HOzLaD0wPHBDkze0hQ=\/0x0:1040x780\/1008x0\/smart\/filters:strip_icc()\/i.s3.glbimg.com\/v1\/AUTH_59edd422c0c84a879bd37670ae4f538a\/internal_photos\/bs\/2020\/C\/h\/LkjVqhTXAWj4NACpJQfQ\/whatsapp-image-2020-04-30-at-10.24.46.jpeg\" data-max-size=\"1600x1200\" data-max-size-url=\"https:\/\/s2.glbimg.com\/Wwt61FofN__H9GFpOg6My_LWj3A=\/0x0:1040x780\/1600x0\/smart\/filters:strip_icc()\/i.s3.glbimg.com\/v1\/AUTH_59edd422c0c84a879bd37670ae4f538a\/internal_photos\/bs\/2020\/C\/h\/LkjVqhTXAWj4NACpJQfQ\/whatsapp-image-2020-04-30-at-10.24.46.jpeg\" data-media-index=\"3\">\n<div class=\"placeholder-container\"><\/div>\n<p><img decoding=\"async\" class=\"progressive-draft\" title=\"Diversas muni\u00e7\u00f5es foram apreendidas durante a opera\u00e7\u00e3o \u2014 Foto: Pol\u00edcia Civil\" src=\"data:image\/jpeg;base64,\/9j\/4AAQSkZJRgABAQAAAQABAAD\/2wBDAAMCAgMCAgMDAwMEAwMEBQgFBQQEBQoHBwYIDAoMDAsKCwsNDhIQDQ4RDgsLEBYQERMUFRUVDA8XGBYUGBIUFRT\/2wBDAQMEBAUEBQkFBQkUDQsNFBQUFBQUFBQUFBQUFBQUFBQUFBQUFBQUFBQUFBQUFBQUFBQUFBQUFBQUFBQUFBQUFBT\/wgARCAATABkDASIAAhEBAxEB\/8QAGgAAAgMBAQAAAAAAAAAAAAAAAAYDBwgEBf\/EABYBAQEBAAAAAAAAAAAAAAAAAAIAAf\/aAAwDAQACEAMQAAABWqxk1Mjj6FnUArV6QrwFwFv\/xAAdEAABBAMBAQAAAAAAAAAAAAAEAAECAwUGEiEj\/9oACAEBAAEFApa2Nn0TjiBL5szLxNF2kLUDg9Uz1tZN\/K2kaoHYBvrWZXFcMv\/EABYRAAMAAAAAAAAAAAAAAAAAABEgIf\/aAAgBAwEBPwGlP\/\/EABcRAAMBAAAAAAAAAAAAAAAAAAEQETH\/2gAIAQIBAT8BoiGL\/8QAIhAAAQMDBAMBAAAAAAAAAAAAAQIDEQAEIRAiMUESE3GB\/9oACAEBAAY\/AlGzu2i\/1Jg\/tOsusrS40YVidZHIpK3nGrj2piFmQtVSyiABlR7Olw0wgNt4PiPlb92O6OK4r\/\/EAB0QAAICAwADAAAAAAAAAAAAAAERACExUXEQQZH\/2gAIAQEAAT8h0TJ8F77E9wYMAeipkI5YNXAjMoMJZCy3hXyANHAL3cjwIBpxglioN9gppGKfG\/\/aAAwDAQACAAMAAAAQqjB+\/8QAGBEAAwEBAAAAAAAAAAAAAAAAAAEhMVH\/2gAIAQMBAT8QUODjHosP\/8QAGhEBAAIDAQAAAAAAAAAAAAAAAQAREDFRof\/aAAgBAgEBPxChd8qCpbNGP\/\/EAB0QAQADAQADAQEAAAAAAAAAAAEAESExQVFhcYH\/2gAIAQEAAT8Q0sqjMBhSUXKaefUvrx0fmShERvRImgpMRKT+T84Aai+oJojD9o0v9llpqeNM2o6cwRSUo0OK7q94T4sQcFwrVBWhVww8BCvWqSXAGeoASjZ8U\/\/Z\" alt=\"Diversas muni\u00e7\u00f5es foram apreendidas durante a opera\u00e7\u00e3o \u2014 Foto: Pol\u00edcia Civil\" \/><picture><source srcset=\"https:\/\/s2.glbimg.com\/ECpTY0bXAQsd1pyGHK4vPh8IV5E=\/0x0:1040x780\/600x0\/smart\/filters:strip_icc()\/i.s3.glbimg.com\/v1\/AUTH_59edd422c0c84a879bd37670ae4f538a\/internal_photos\/bs\/2020\/C\/h\/LkjVqhTXAWj4NACpJQfQ\/whatsapp-image-2020-04-30-at-10.24.46.jpeg 1x, https:\/\/s2.glbimg.com\/Sh3E9KZiGYOg6aRC6SGs8XDSCZg=\/0x0:1040x780\/1200x0\/smart\/filters:strip_icc()\/i.s3.glbimg.com\/v1\/AUTH_59edd422c0c84a879bd37670ae4f538a\/internal_photos\/bs\/2020\/C\/h\/LkjVqhTXAWj4NACpJQfQ\/whatsapp-image-2020-04-30-at-10.24.46.jpeg 2x\" media=\"(max-width: 1024px)\" data-src=\"https:\/\/s2.glbimg.com\/ECpTY0bXAQsd1pyGHK4vPh8IV5E=\/0x0:1040x780\/600x0\/smart\/filters:strip_icc()\/i.s3.glbimg.com\/v1\/AUTH_59edd422c0c84a879bd37670ae4f538a\/internal_photos\/bs\/2020\/C\/h\/LkjVqhTXAWj4NACpJQfQ\/whatsapp-image-2020-04-30-at-10.24.46.jpeg 1x, https:\/\/s2.glbimg.com\/Sh3E9KZiGYOg6aRC6SGs8XDSCZg=\/0x0:1040x780\/1200x0\/smart\/filters:strip_icc()\/i.s3.glbimg.com\/v1\/AUTH_59edd422c0c84a879bd37670ae4f538a\/internal_photos\/bs\/2020\/C\/h\/LkjVqhTXAWj4NACpJQfQ\/whatsapp-image-2020-04-30-at-10.24.46.jpeg 2x\" \/><source srcset=\"https:\/\/s2.glbimg.com\/8oNanQjbeRZlnUPA9iq5ekFsYLM=\/0x0:1040x780\/640x0\/smart\/filters:strip_icc()\/i.s3.glbimg.com\/v1\/AUTH_59edd422c0c84a879bd37670ae4f538a\/internal_photos\/bs\/2020\/C\/h\/LkjVqhTXAWj4NACpJQfQ\/whatsapp-image-2020-04-30-at-10.24.46.jpeg 1x, https:\/\/s2.glbimg.com\/0FzWkZ0tIm2tCgPBsLHZ3wL56ec=\/0x0:1040x780\/1280x0\/smart\/filters:strip_icc()\/i.s3.glbimg.com\/v1\/AUTH_59edd422c0c84a879bd37670ae4f538a\/internal_photos\/bs\/2020\/C\/h\/LkjVqhTXAWj4NACpJQfQ\/whatsapp-image-2020-04-30-at-10.24.46.jpeg 2x\" media=\"(max-width: 1280px)\" data-src=\"https:\/\/s2.glbimg.com\/8oNanQjbeRZlnUPA9iq5ekFsYLM=\/0x0:1040x780\/640x0\/smart\/filters:strip_icc()\/i.s3.glbimg.com\/v1\/AUTH_59edd422c0c84a879bd37670ae4f538a\/internal_photos\/bs\/2020\/C\/h\/LkjVqhTXAWj4NACpJQfQ\/whatsapp-image-2020-04-30-at-10.24.46.jpeg 1x, https:\/\/s2.glbimg.com\/0FzWkZ0tIm2tCgPBsLHZ3wL56ec=\/0x0:1040x780\/1280x0\/smart\/filters:strip_icc()\/i.s3.glbimg.com\/v1\/AUTH_59edd422c0c84a879bd37670ae4f538a\/internal_photos\/bs\/2020\/C\/h\/LkjVqhTXAWj4NACpJQfQ\/whatsapp-image-2020-04-30-at-10.24.46.jpeg 2x\" \/><source srcset=\"https:\/\/s2.glbimg.com\/z8cadyGAzysdCcQ0i3kZv-9MiiY=\/0x0:1040x780\/984x0\/smart\/filters:strip_icc()\/i.s3.glbimg.com\/v1\/AUTH_59edd422c0c84a879bd37670ae4f538a\/internal_photos\/bs\/2020\/C\/h\/LkjVqhTXAWj4NACpJQfQ\/whatsapp-image-2020-04-30-at-10.24.46.jpeg 1x, https:\/\/s2.glbimg.com\/7K6Dymq1suAj-0rmcHESdz85ygg=\/0x0:1040x780\/1968x0\/smart\/filters:strip_icc()\/i.s3.glbimg.com\/v1\/AUTH_59edd422c0c84a879bd37670ae4f538a\/internal_photos\/bs\/2020\/C\/h\/LkjVqhTXAWj4NACpJQfQ\/whatsapp-image-2020-04-30-at-10.24.46.jpeg 2x\" media=\"(max-width: 1360px)\" data-src=\"https:\/\/s2.glbimg.com\/z8cadyGAzysdCcQ0i3kZv-9MiiY=\/0x0:1040x780\/984x0\/smart\/filters:strip_icc()\/i.s3.glbimg.com\/v1\/AUTH_59edd422c0c84a879bd37670ae4f538a\/internal_photos\/bs\/2020\/C\/h\/LkjVqhTXAWj4NACpJQfQ\/whatsapp-image-2020-04-30-at-10.24.46.jpeg 1x, https:\/\/s2.glbimg.com\/7K6Dymq1suAj-0rmcHESdz85ygg=\/0x0:1040x780\/1968x0\/smart\/filters:strip_icc()\/i.s3.glbimg.com\/v1\/AUTH_59edd422c0c84a879bd37670ae4f538a\/internal_photos\/bs\/2020\/C\/h\/LkjVqhTXAWj4NACpJQfQ\/whatsapp-image-2020-04-30-at-10.24.46.jpeg 2x\" \/><source srcset=\"https:\/\/s2.glbimg.com\/4h7Iur2iCf7-pUyUK1NPz_LfdhI=\/0x0:1040x780\/1000x0\/smart\/filters:strip_icc()\/i.s3.glbimg.com\/v1\/AUTH_59edd422c0c84a879bd37670ae4f538a\/internal_photos\/bs\/2020\/C\/h\/LkjVqhTXAWj4NACpJQfQ\/whatsapp-image-2020-04-30-at-10.24.46.jpeg 1x, https:\/\/s2.glbimg.com\/xb9d9IXWEXq53caFA1k6RDuyY98=\/0x0:1040x780\/2000x0\/smart\/filters:strip_icc()\/i.s3.glbimg.com\/v1\/AUTH_59edd422c0c84a879bd37670ae4f538a\/internal_photos\/bs\/2020\/C\/h\/LkjVqhTXAWj4NACpJQfQ\/whatsapp-image-2020-04-30-at-10.24.46.jpeg 2x\" media=\"(min-width: 1361px)\" data-src=\"https:\/\/s2.glbimg.com\/4h7Iur2iCf7-pUyUK1NPz_LfdhI=\/0x0:1040x780\/1000x0\/smart\/filters:strip_icc()\/i.s3.glbimg.com\/v1\/AUTH_59edd422c0c84a879bd37670ae4f538a\/internal_photos\/bs\/2020\/C\/h\/LkjVqhTXAWj4NACpJQfQ\/whatsapp-image-2020-04-30-at-10.24.46.jpeg 1x, https:\/\/s2.glbimg.com\/xb9d9IXWEXq53caFA1k6RDuyY98=\/0x0:1040x780\/2000x0\/smart\/filters:strip_icc()\/i.s3.glbimg.com\/v1\/AUTH_59edd422c0c84a879bd37670ae4f538a\/internal_photos\/bs\/2020\/C\/h\/LkjVqhTXAWj4NACpJQfQ\/whatsapp-image-2020-04-30-at-10.24.46.jpeg 2x\" \/><source srcset=\"https:\/\/s2.glbimg.com\/z8cadyGAzysdCcQ0i3kZv-9MiiY=\/0x0:1040x780\/984x0\/smart\/filters:strip_icc()\/i.s3.glbimg.com\/v1\/AUTH_59edd422c0c84a879bd37670ae4f538a\/internal_photos\/bs\/2020\/C\/h\/LkjVqhTXAWj4NACpJQfQ\/whatsapp-image-2020-04-30-at-10.24.46.jpeg\" data-src=\"https:\/\/s2.glbimg.com\/z8cadyGAzysdCcQ0i3kZv-9MiiY=\/0x0:1040x780\/984x0\/smart\/filters:strip_icc()\/i.s3.glbimg.com\/v1\/AUTH_59edd422c0c84a879bd37670ae4f538a\/internal_photos\/bs\/2020\/C\/h\/LkjVqhTXAWj4NACpJQfQ\/whatsapp-image-2020-04-30-at-10.24.46.jpeg\" \/><img decoding=\"async\" class=\"image content-media__image progressive-loaded\" title=\"Diversas muni\u00e7\u00f5es foram apreendidas durante a opera\u00e7\u00e3o \u2014 Foto: Pol\u00edcia Civil\" src=\"https:\/\/s2.glbimg.com\/z8cadyGAzysdCcQ0i3kZv-9MiiY=\/0x0:1040x780\/984x0\/smart\/filters:strip_icc()\/i.s3.glbimg.com\/v1\/AUTH_59edd422c0c84a879bd37670ae4f538a\/internal_photos\/bs\/2020\/C\/h\/LkjVqhTXAWj4NACpJQfQ\/whatsapp-image-2020-04-30-at-10.24.46.jpeg\" alt=\"Diversas muni\u00e7\u00f5es foram apreendidas durante a opera\u00e7\u00e3o \u2014 Foto: Pol\u00edcia Civil\" data-src=\"https:\/\/s2.glbimg.com\/z8cadyGAzysdCcQ0i3kZv-9MiiY=\/0x0:1040x780\/984x0\/smart\/filters:strip_icc()\/i.s3.glbimg.com\/v1\/AUTH_59edd422c0c84a879bd37670ae4f538a\/internal_photos\/bs\/2020\/C\/h\/LkjVqhTXAWj4NACpJQfQ\/whatsapp-image-2020-04-30-at-10.24.46.jpeg\" \/><\/picture><\/div>\n<p class=\"content-media__description \" style=\"text-align: justify;\">Diversas muni\u00e7\u00f5es foram apreendidas durante a opera\u00e7\u00e3o \u2014 Foto: Pol\u00edcia Civil<\/p>\n<p>Fonte: G1<\/p>\n<\/div>\n<\/div>\n<\/div>\n<\/div>\n","protected":false},"excerpt":{"rendered":"<p>Testemunhos e investiga\u00e7\u00f5es apontaram a participa\u00e7\u00e3o de tr\u00eas homens no crime. Dois deles j\u00e1 estavam presos por tr\u00e1fico de drogas. Drogas e muni\u00e7\u00f5es foram apreendidas durante a opera\u00e7\u00e3o \u2014 Foto: Pol\u00edcia Civil A Pol\u00edcia Civil, por meio da Divis\u00e3o Especializada de Investiga\u00e7\u00f5es Criminais (Deic) de\u00a0Presidente Prudente, esclareceu o\u00a0assassinato do homem de 32 anos encontrado nas [&hellip;]<\/p>\n","protected":false},"author":1,"featured_media":24895,"comment_status":"closed","ping_status":"open","sticky":false,"template":"","format":"standard","meta":{"footnotes":""},"categories":[110,2],"tags":[],"class_list":["post-24894","post","type-post","status-publish","format-standard","has-post-thumbnail","hentry","category-noticiasdestaque","category-policial"],"_links":{"self":[{"href":"https:\/\/jorgezanoni.com.br\/2019\/wp-json\/wp\/v2\/posts\/24894","targetHints":{"allow":["GET"]}}],"collection":[{"href":"https:\/\/jorgezanoni.com.br\/2019\/wp-json\/wp\/v2\/posts"}],"about":[{"href":"https:\/\/jorgezanoni.com.br\/2019\/wp-json\/wp\/v2\/types\/post"}],"author":[{"embeddable":true,"href":"https:\/\/jorgezanoni.com.br\/2019\/wp-json\/wp\/v2\/users\/1"}],"replies":[{"embeddable":true,"href":"https:\/\/jorgezanoni.com.br\/2019\/wp-json\/wp\/v2\/comments?post=24894"}],"version-history":[{"count":0,"href":"https:\/\/jorgezanoni.com.br\/2019\/wp-json\/wp\/v2\/posts\/24894\/revisions"}],"wp:featuredmedia":[{"embeddable":true,"href":"https:\/\/jorgezanoni.com.br\/2019\/wp-json\/wp\/v2\/media\/24895"}],"wp:attachment":[{"href":"https:\/\/jorgezanoni.com.br\/2019\/wp-json\/wp\/v2\/media?parent=24894"}],"wp:term":[{"taxonomy":"category","embeddable":true,"href":"https:\/\/jorgezanoni.com.br\/2019\/wp-json\/wp\/v2\/categories?post=24894"},{"taxonomy":"post_tag","embeddable":true,"href":"https:\/\/jorgezanoni.com.br\/2019\/wp-json\/wp\/v2\/tags?post=24894"}],"curies":[{"name":"wp","href":"https:\/\/api.w.org\/{rel}","templated":true}]}}