{"id":24874,"date":"2020-04-30T16:46:34","date_gmt":"2020-04-30T16:46:34","guid":{"rendered":"https:\/\/jorgezanoni.com.br\/2019\/?p=24874"},"modified":"2020-04-30T16:47:46","modified_gmt":"2020-04-30T16:47:46","slug":"reclamacao-da-populacao-agua-com-abastecimento-irregular-em-bairro-da-cidade","status":"publish","type":"post","link":"https:\/\/jorgezanoni.com.br\/2019\/reclamacao-da-populacao-agua-com-abastecimento-irregular-em-bairro-da-cidade\/","title":{"rendered":"Reclama\u00e7\u00e3o da Popula\u00e7\u00e3o: \u00c1gua com abastecimento irregular em bairro da cidade"},"content":{"rendered":"<p>Moradoras do Conjunto Habitacional Jo\u00e3o Vendramini reclamam da forma que a \u00e1gua chega nas resid\u00eancias, causando transtornos e v\u00e1rias despesas.<\/p>\n<div id=\"fb-root\"><\/div>\n<p><script async=\"1\" defer=\"1\" crossorigin=\"anonymous\" src=\"https:\/\/connect.facebook.net\/en_US\/sdk.js#xfbml=1&amp;version=v6.0\"><\/script><\/p>\n<div class=\"fb-video\" data-href=\"https:\/\/www.facebook.com\/jorgezanonidracena\/videos\/2557109324618994\/\" data-width=\"696\">\n<blockquote cite=\"https:\/\/www.facebook.com\/jorgezanonidracena\/videos\/2557109324618994\/\" class=\"fb-xfbml-parse-ignore\"><p><a href=\"https:\/\/www.facebook.com\/jorgezanonidracena\/videos\/2557109324618994\/\">Reclama\u00e7\u00e3o da Popula\u00e7\u00e3o: \u00c1gua com abastecimento irregular em bairro da cidade<\/a><\/p>\n<p>Reclama\u00e7\u00e3o da Popula\u00e7\u00e3o: \u00c1gua com abastecimento irregular em bairro da cidade<\/p>\n<p>Posted by <a href=\"https:\/\/www.facebook.com\/jorgezanonidracena\/\">Jorge Zanoni<\/a> on Thursday, April 30, 2020<\/p><\/blockquote>\n<\/div>\n<p>Imagem Foto Ilustrativa<\/p>\n","protected":false},"excerpt":{"rendered":"<p>Moradoras do Conjunto Habitacional Jo\u00e3o Vendramini reclamam da forma que a \u00e1gua chega nas resid\u00eancias, causando transtornos e v\u00e1rias despesas. Reclama\u00e7\u00e3o da Popula\u00e7\u00e3o: \u00c1gua com abastecimento irregular em bairro da cidade Reclama\u00e7\u00e3o da Popula\u00e7\u00e3o: \u00c1gua com abastecimento irregular em bairro da cidade Posted by Jorge Zanoni on Thursday, April 30, 2020 Imagem Foto Ilustrativa<\/p>\n","protected":false},"author":1,"featured_media":24875,"comment_status":"closed","ping_status":"open","sticky":false,"template":"","format":"video","meta":{"footnotes":""},"categories":[110,169],"tags":[],"class_list":["post-24874","post","type-post","status-publish","format-video","has-post-thumbnail","hentry","category-noticiasdestaque","category-videos","post_format-post-format-video"],"_links":{"self":[{"href":"https:\/\/jorgezanoni.com.br\/2019\/wp-json\/wp\/v2\/posts\/24874","targetHints":{"allow":["GET"]}}],"collection":[{"href":"https:\/\/jorgezanoni.com.br\/2019\/wp-json\/wp\/v2\/posts"}],"about":[{"href":"https:\/\/jorgezanoni.com.br\/2019\/wp-json\/wp\/v2\/types\/post"}],"author":[{"embeddable":true,"href":"https:\/\/jorgezanoni.com.br\/2019\/wp-json\/wp\/v2\/users\/1"}],"replies":[{"embeddable":true,"href":"https:\/\/jorgezanoni.com.br\/2019\/wp-json\/wp\/v2\/comments?post=24874"}],"version-history":[{"count":0,"href":"https:\/\/jorgezanoni.com.br\/2019\/wp-json\/wp\/v2\/posts\/24874\/revisions"}],"wp:featuredmedia":[{"embeddable":true,"href":"https:\/\/jorgezanoni.com.br\/2019\/wp-json\/wp\/v2\/media\/24875"}],"wp:attachment":[{"href":"https:\/\/jorgezanoni.com.br\/2019\/wp-json\/wp\/v2\/media?parent=24874"}],"wp:term":[{"taxonomy":"category","embeddable":true,"href":"https:\/\/jorgezanoni.com.br\/2019\/wp-json\/wp\/v2\/categories?post=24874"},{"taxonomy":"post_tag","embeddable":true,"href":"https:\/\/jorgezanoni.com.br\/2019\/wp-json\/wp\/v2\/tags?post=24874"}],"curies":[{"name":"wp","href":"https:\/\/api.w.org\/{rel}","templated":true}]}}