{"id":2487,"date":"2019-07-31T15:51:17","date_gmt":"2019-07-31T15:51:17","guid":{"rendered":"https:\/\/jorgezanoni.com.br\/2019\/?p=2487"},"modified":"2019-07-31T15:51:17","modified_gmt":"2019-07-31T15:51:17","slug":"familia-doa-orgaos-de-jovem-que-teve-morte-cerebral-apos-cair-de-moto-em-rodovia-no-interior-de-sp","status":"publish","type":"post","link":"https:\/\/jorgezanoni.com.br\/2019\/familia-doa-orgaos-de-jovem-que-teve-morte-cerebral-apos-cair-de-moto-em-rodovia-no-interior-de-sp\/","title":{"rendered":"Fam\u00edlia doa \u00f3rg\u00e3os de jovem que teve morte cerebral ap\u00f3s cair de moto em rodovia no interior de SP"},"content":{"rendered":"<h2 class=\"content-head__subtitle\" style=\"text-align: justify;\"><strong>V\u00edtima estava na garupa de uma moto quando ela e o piloto ca\u00edram na rodovia Raposo Tavares, em Palmital.<\/strong><\/h2>\n<div class=\"mc-column content-text active-extra-styles \" data-block-type=\"unstyled\" data-block-weight=\"53\" data-block-id=\"2\">\n<p class=\"content-text__container \" style=\"text-align: justify;\" data-track-category=\"Link no Texto\" data-track-links=\"\">A tia da <a href=\"https:\/\/g1.globo.com\/sp\/bauru-marilia\/noticia\/2019\/07\/30\/jovem-tem-morte-cerebral-apos-cair-de-moto-em-rodovia-no-interior-de-sp.ghtml\">jovem Yara Siqueira, de 23 anos, que teve morte cerebral dois dias depois de um acidente de moto na noite de s\u00e1bado (27)<\/a>, em Palmital (SP), afirma que precisou tomar uma decis\u00e3o dif\u00edcil nesta ter\u00e7a-feira (30). Ela teve a iniciativa de convencer a fam\u00edlia a doar os \u00f3rg\u00e3os da sobrinha.<\/p>\n<\/div>\n<div class=\"wall protected-content\">\n<div class=\"mc-column content-text active-extra-styles \" style=\"text-align: justify;\" data-block-type=\"unstyled\" data-block-weight=\"26\" data-block-id=\"3\">\n<p class=\"content-text__container \" data-track-category=\"Link no Texto\" data-track-links=\"\">Auxiliar de sa\u00fade bucal, Elaine da Silva Correa, de 43 anos, contou ao<strong>\u00a0G1\u00a0<\/strong>que inicialmente n\u00e3o concordou com a doa\u00e7\u00e3o, mas mudou de ideia.<\/p>\n<\/div>\n<div class=\"mc-column content-text active-extra-styles\" style=\"text-align: justify;\" data-block-type=\"raw\" data-block-weight=\"30\" data-block-id=\"4\">\n<blockquote class=\"content-blockquote theme-border-color-primary-before\"><p>\u201c\u00c9 muito dif\u00edcil tomar uma decis\u00e3o dessas. S\u00f3 quem est\u00e1 vivendo sabe como d\u00f3i. Fui para minha casa e pensei. Hoje estamos tristes, mas podemos fazer outras fam\u00edlias felizes\u201d, detalha.<\/p><\/blockquote>\n<blockquote><p><img loading=\"lazy\" decoding=\"async\" class=\"alignnone size-full wp-image-2488\" src=\"https:\/\/jorgezanoni.com.br\/2019\/wp-content\/uploads\/2019\/07\/yara1.jpeg\" alt=\"\" width=\"1000\" height=\"662\" srcset=\"https:\/\/jorgezanoni.com.br\/2019\/wp-content\/uploads\/2019\/07\/yara1.jpeg 1000w, https:\/\/jorgezanoni.com.br\/2019\/wp-content\/uploads\/2019\/07\/yara1-300x199.jpeg 300w, https:\/\/jorgezanoni.com.br\/2019\/wp-content\/uploads\/2019\/07\/yara1-768x508.jpeg 768w, https:\/\/jorgezanoni.com.br\/2019\/wp-content\/uploads\/2019\/07\/yara1-696x461.jpeg 696w, https:\/\/jorgezanoni.com.br\/2019\/wp-content\/uploads\/2019\/07\/yara1-634x420.jpeg 634w\" sizes=\"auto, (max-width: 1000px) 100vw, 1000px\" \/><\/p><\/blockquote>\n<blockquote>\n<div class=\"row medium-uncollapsed content-media content-photo\" data-block-type=\"backstage-photo\" data-block-id=\"5\">\n<div class=\"mc-column content-media__container\">\n<p class=\"content-media__description \"><strong>Momento da chegada da caixa para capta\u00e7\u00e3o de \u00f3rg\u00e3os no Hospital Estadual de Assis \u2014 Foto: Abordagem Not\u00edcias \/ Divulga\u00e7\u00e3o\u00a0<\/strong><\/p>\n<\/div>\n<\/div>\n<div class=\"content-ads content-ads--reveal\" data-block-type=\"ads\" data-block-id=\"6\">\n<div id=\"banner_materia2\" class=\"tag-manager-publicidade-container mc-has-reveal mc-has-ad-lazyload tag-manager-publicidade-banner_materia2 tag-manager-publicidade-container--carregado tag-manager-publicidade-container--visivel\" data-id=\"banner_materia2\" data-google-query-id=\"CNu0ufe_3-MCFQJZwQode2YE6A\" data-cid=\"138276423801\" data-lid=\"5119583935\">\n<div id=\"google_ads_iframe_\/95377733\/tvg_G1\/Sua_Regiao&gt;Sudeste&gt;Sao_Paulo_(Bauru)_2__container__\" style=\"box-sizing: inherit; margin: auto; padding: 0px; border: 0pt none; font: inherit; vertical-align: baseline; width: 970px; max-width: 100%; text-align: center;\"><\/div>\n<\/div>\n<\/div>\n<div class=\"mc-column content-text active-extra-styles \" data-block-type=\"unstyled\" data-block-weight=\"39\" data-block-id=\"7\">\n<p class=\"content-text__container \" style=\"text-align: left;\" data-track-category=\"Link no Texto\" data-track-links=\"\">Ela explica ainda que foram retirados cora\u00e7\u00e3o, f\u00edgado, rim, p\u00e2ncreas, c\u00f3rneas e o f\u00eamur. \u201cMe coloquei no lugar de outras m\u00e3es, outras tias. Espero ter tomado a decis\u00e3o certa. Espero que minha sobrinha entenda a nossa decis\u00e3o\u201d, relata Elaine.<\/p>\n<\/div>\n<div class=\"mc-column content-text active-extra-styles \" data-block-type=\"unstyled\" data-block-weight=\"11\" data-block-id=\"8\">\n<p class=\"content-text__container \" style=\"text-align: left;\" data-track-category=\"Link no Texto\" data-track-links=\"\">O sepultamento de Yara Siqueira est\u00e1 previsto para esta quarta (31).<\/p>\n<p data-track-category=\"Link no Texto\" data-track-links=\"\"><img loading=\"lazy\" decoding=\"async\" class=\"alignnone size-full wp-image-2489\" src=\"https:\/\/jorgezanoni.com.br\/2019\/wp-content\/uploads\/2019\/07\/yara2.jpeg\" alt=\"\" width=\"1000\" height=\"750\" srcset=\"https:\/\/jorgezanoni.com.br\/2019\/wp-content\/uploads\/2019\/07\/yara2.jpeg 1000w, https:\/\/jorgezanoni.com.br\/2019\/wp-content\/uploads\/2019\/07\/yara2-300x225.jpeg 300w, https:\/\/jorgezanoni.com.br\/2019\/wp-content\/uploads\/2019\/07\/yara2-768x576.jpeg 768w, https:\/\/jorgezanoni.com.br\/2019\/wp-content\/uploads\/2019\/07\/yara2-80x60.jpeg 80w, https:\/\/jorgezanoni.com.br\/2019\/wp-content\/uploads\/2019\/07\/yara2-265x198.jpeg 265w, https:\/\/jorgezanoni.com.br\/2019\/wp-content\/uploads\/2019\/07\/yara2-696x522.jpeg 696w, https:\/\/jorgezanoni.com.br\/2019\/wp-content\/uploads\/2019\/07\/yara2-560x420.jpeg 560w\" sizes=\"auto, (max-width: 1000px) 100vw, 1000px\" \/><\/p>\n<div class=\"row medium-uncollapsed content-media content-photo\" data-block-type=\"backstage-photo\" data-block-id=\"9\">\n<div class=\"mc-column content-media__container\">\n<p class=\"content-media__description \" style=\"text-align: left;\"><strong>Elaine da Silva Correa, 43 anos, convenceu a fam\u00edlia a fazer a doa\u00e7\u00e3o dos \u00f3rg\u00e3os \u2014 Foto: Abordagem Not\u00edcias \/ Divulga\u00e7\u00e3o<\/strong><\/p>\n<\/div>\n<\/div>\n<div class=\"mc-column content-text active-extra-styles\" data-block-type=\"raw\" data-block-weight=\"1\" data-block-id=\"10\">\n<div class=\"content-intertitle\">\n<h2 style=\"text-align: justify;\">Acidente<\/h2>\n<\/div>\n<\/div>\n<div class=\"mc-column content-text active-extra-styles \" style=\"text-align: justify;\" data-block-type=\"unstyled\" data-block-weight=\"27\" data-block-id=\"11\">\n<p class=\"content-text__container \" data-track-category=\"Link no Texto\" data-track-links=\"\">Segundo a Pol\u00edcia Rodovi\u00e1ria, Yara estava na garupa de uma moto com o namorado quando os dois ca\u00edram na altura do quil\u00f4metro 427 da rodovia Raposo Tavares.<\/p>\n<\/div>\n<div class=\"mc-column content-text active-extra-styles \" style=\"text-align: justify;\" data-block-type=\"unstyled\" data-block-weight=\"28\" data-block-id=\"12\">\n<p class=\"content-text__container \" data-track-category=\"Link no Texto\" data-track-links=\"\">O motociclista teve ferimentos leves, mas a jovem sofreu ferimentos graves na cabe\u00e7a, mesmo com capacete, e foi levada ao Hospital Regional de Assis (SP), cidade onde morava.<\/p>\n<\/div>\n<div class=\"mc-column content-text active-extra-styles \" data-block-type=\"unstyled\" data-block-weight=\"25\" data-block-id=\"13\">\n<p class=\"content-text__container \" style=\"text-align: justify;\" data-track-category=\"Link no Texto\" data-track-links=\"\">Ap\u00f3s dois dias internada, ela teve morte cerebral constatada no final da tarde de segunda-feira (29). A Pol\u00edcia Civil deve investigar as causas do acidente.<\/p>\n<p style=\"text-align: left;\" data-track-category=\"Link no Texto\" data-track-links=\"\">Fonte: G1<\/p>\n<\/div>\n<\/div>\n<\/blockquote>\n<\/div>\n<\/div>\n","protected":false},"excerpt":{"rendered":"<p>V\u00edtima estava na garupa de uma moto quando ela e o piloto ca\u00edram na rodovia Raposo Tavares, em Palmital. A tia da jovem Yara Siqueira, de 23 anos, que teve morte cerebral dois dias depois de um acidente de moto na noite de s\u00e1bado (27), em Palmital (SP), afirma que precisou tomar uma decis\u00e3o dif\u00edcil [&hellip;]<\/p>\n","protected":false},"author":1,"featured_media":2490,"comment_status":"closed","ping_status":"open","sticky":false,"template":"","format":"standard","meta":{"footnotes":""},"categories":[170,110],"tags":[],"class_list":["post-2487","post","type-post","status-publish","format-standard","has-post-thumbnail","hentry","category-acidentes","category-noticiasdestaque"],"_links":{"self":[{"href":"https:\/\/jorgezanoni.com.br\/2019\/wp-json\/wp\/v2\/posts\/2487","targetHints":{"allow":["GET"]}}],"collection":[{"href":"https:\/\/jorgezanoni.com.br\/2019\/wp-json\/wp\/v2\/posts"}],"about":[{"href":"https:\/\/jorgezanoni.com.br\/2019\/wp-json\/wp\/v2\/types\/post"}],"author":[{"embeddable":true,"href":"https:\/\/jorgezanoni.com.br\/2019\/wp-json\/wp\/v2\/users\/1"}],"replies":[{"embeddable":true,"href":"https:\/\/jorgezanoni.com.br\/2019\/wp-json\/wp\/v2\/comments?post=2487"}],"version-history":[{"count":0,"href":"https:\/\/jorgezanoni.com.br\/2019\/wp-json\/wp\/v2\/posts\/2487\/revisions"}],"wp:featuredmedia":[{"embeddable":true,"href":"https:\/\/jorgezanoni.com.br\/2019\/wp-json\/wp\/v2\/media\/2490"}],"wp:attachment":[{"href":"https:\/\/jorgezanoni.com.br\/2019\/wp-json\/wp\/v2\/media?parent=2487"}],"wp:term":[{"taxonomy":"category","embeddable":true,"href":"https:\/\/jorgezanoni.com.br\/2019\/wp-json\/wp\/v2\/categories?post=2487"},{"taxonomy":"post_tag","embeddable":true,"href":"https:\/\/jorgezanoni.com.br\/2019\/wp-json\/wp\/v2\/tags?post=2487"}],"curies":[{"name":"wp","href":"https:\/\/api.w.org\/{rel}","templated":true}]}}