{"id":24858,"date":"2020-04-30T01:37:18","date_gmt":"2020-04-30T01:37:18","guid":{"rendered":"https:\/\/jorgezanoni.com.br\/2019\/?p=24858"},"modified":"2020-04-30T01:37:18","modified_gmt":"2020-04-30T01:37:18","slug":"casa-americana-doa-mascaras-para-policiais-militares","status":"publish","type":"post","link":"https:\/\/jorgezanoni.com.br\/2019\/casa-americana-doa-mascaras-para-policiais-militares\/","title":{"rendered":"Casa Americana doa m\u00e1scaras para Policiais Militares"},"content":{"rendered":"<p style=\"text-align: justify;\">QUE A SOLIDARIEDADE SE MULTIPLIQUE<\/p>\n<p style=\"text-align: justify;\">Uma linda e necess\u00e1ria doa\u00e7\u00e3o chegou ao 25 BPM\/I para atender os policiais militares. A Casa Americana de Dracena doou 50 m\u00e1scaras para atender os policiais que est\u00e3o dia a dia atendendo a popula\u00e7\u00e3o.<br \/>\nObrigada ao Sr.Nelson e Carlos e a todos os funcion\u00e1rios pelo apoio \u00e0 popula\u00e7\u00e3o dracenense.<br \/>\nLembrando que eles tamb\u00e9m est\u00e3o doando m\u00e1scaras para os dracenenses, e est\u00e3o precisando tamb\u00e9m de doa\u00e7\u00f5es de tecidos, podendo ser retalhos, e el\u00e1stico.<\/p>\n<p style=\"text-align: justify;\"><a class=\"_58cn\" href=\"https:\/\/www.facebook.com\/hashtag\/25bpmisolidariedade?source=feed_text&amp;epa=HASHTAG&amp;__xts__%5B0%5D=68.ARBgOHffEQb_7ameRi5ZJrByJ8jAG6_U8C03TxcC9w490eKC_IYLZ1daj9tHnnoNRaweKfNqPGzRSd-V7OJiycdAXiROCJNwnP0ceWha8p89ACH7x64xOMMCSxxwMC55TbIt-KEo7e0apqSIcGI18x6klIAYVSuqke1mm7xK9rlToPLON6oddcO1TrHQ3aiThz9SLVL2hi_0655uDZzrCiWWfATdrT78TbqMyxrI-AyyEuQLUL0TdHZ_yyVyI7OJr7JCwlbbN5D-NrEVEP6SwYwuIOS_o5qHDYwtCDdyRdN10BGvfT_e4B-Jef_vyXWkcBwgdEJCeyo3a4r5GrGXIvo&amp;__tn__=%2ANK-R\" data-ft=\"{&quot;type&quot;:104,&quot;tn&quot;:&quot;*N&quot;}\"><span class=\"_5afx\"><span class=\"_58cl _5afz\" aria-label=\"hashtag\">#<\/span><span class=\"_58cm\">25BPMISOLIDARIEDADE<\/span><\/span><\/a><br \/>\n<a class=\"_58cn\" href=\"https:\/\/www.facebook.com\/hashtag\/policiamilitarsp?source=feed_text&amp;epa=HASHTAG&amp;__xts__%5B0%5D=68.ARBgOHffEQb_7ameRi5ZJrByJ8jAG6_U8C03TxcC9w490eKC_IYLZ1daj9tHnnoNRaweKfNqPGzRSd-V7OJiycdAXiROCJNwnP0ceWha8p89ACH7x64xOMMCSxxwMC55TbIt-KEo7e0apqSIcGI18x6klIAYVSuqke1mm7xK9rlToPLON6oddcO1TrHQ3aiThz9SLVL2hi_0655uDZzrCiWWfATdrT78TbqMyxrI-AyyEuQLUL0TdHZ_yyVyI7OJr7JCwlbbN5D-NrEVEP6SwYwuIOS_o5qHDYwtCDdyRdN10BGvfT_e4B-Jef_vyXWkcBwgdEJCeyo3a4r5GrGXIvo&amp;__tn__=%2ANK-R\" data-ft=\"{&quot;type&quot;:104,&quot;tn&quot;:&quot;*N&quot;}\"><span class=\"_5afx\"><span class=\"_58cl _5afz\" aria-label=\"hashtag\">#<\/span><span class=\"_58cm\">POLICIAMILITARSP<\/span><\/span><\/a><br \/>\n<span class=\"_5afx\"><a class=\"_58cn\" href=\"https:\/\/www.facebook.com\/hashtag\/afor%C3%A7ap%C3%BAblicades%C3%A3opaulo?source=feed_text&amp;epa=HASHTAG&amp;__xts__%5B0%5D=68.ARBgOHffEQb_7ameRi5ZJrByJ8jAG6_U8C03TxcC9w490eKC_IYLZ1daj9tHnnoNRaweKfNqPGzRSd-V7OJiycdAXiROCJNwnP0ceWha8p89ACH7x64xOMMCSxxwMC55TbIt-KEo7e0apqSIcGI18x6klIAYVSuqke1mm7xK9rlToPLON6oddcO1TrHQ3aiThz9SLVL2hi_0655uDZzrCiWWfATdrT78TbqMyxrI-AyyEuQLUL0TdHZ_yyVyI7OJr7JCwlbbN5D-NrEVEP6SwYwuIOS_o5qHDYwtCDdyRdN10BGvfT_e4B-Jef_vyXWkcBwgdEJCeyo3a4r5GrGXIvo&amp;__tn__=%2ANK-R\" data-ft=\"{&quot;type&quot;:104,&quot;tn&quot;:&quot;*N&quot;}\"><span class=\"_58cl _5afz\" aria-label=\"hashtag\">#<\/span><span class=\"_58cm\">AFOR\u00c7AP\u00daBLICADES\u00c3OPAULO<\/span><\/a>c<\/span><\/p>\n","protected":false},"excerpt":{"rendered":"<p>QUE A SOLIDARIEDADE SE MULTIPLIQUE Uma linda e necess\u00e1ria doa\u00e7\u00e3o chegou ao 25 BPM\/I para atender os policiais militares. A Casa Americana de Dracena doou 50 m\u00e1scaras para atender os policiais que est\u00e3o dia a dia atendendo a popula\u00e7\u00e3o. Obrigada ao Sr.Nelson e Carlos e a todos os funcion\u00e1rios pelo apoio \u00e0 popula\u00e7\u00e3o dracenense. Lembrando [&hellip;]<\/p>\n","protected":false},"author":1,"featured_media":24859,"comment_status":"closed","ping_status":"open","sticky":false,"template":"","format":"standard","meta":{"footnotes":""},"categories":[110,118],"tags":[],"class_list":["post-24858","post","type-post","status-publish","format-standard","has-post-thumbnail","hentry","category-noticiasdestaque","category-religiaoesolidariedade"],"_links":{"self":[{"href":"https:\/\/jorgezanoni.com.br\/2019\/wp-json\/wp\/v2\/posts\/24858","targetHints":{"allow":["GET"]}}],"collection":[{"href":"https:\/\/jorgezanoni.com.br\/2019\/wp-json\/wp\/v2\/posts"}],"about":[{"href":"https:\/\/jorgezanoni.com.br\/2019\/wp-json\/wp\/v2\/types\/post"}],"author":[{"embeddable":true,"href":"https:\/\/jorgezanoni.com.br\/2019\/wp-json\/wp\/v2\/users\/1"}],"replies":[{"embeddable":true,"href":"https:\/\/jorgezanoni.com.br\/2019\/wp-json\/wp\/v2\/comments?post=24858"}],"version-history":[{"count":0,"href":"https:\/\/jorgezanoni.com.br\/2019\/wp-json\/wp\/v2\/posts\/24858\/revisions"}],"wp:featuredmedia":[{"embeddable":true,"href":"https:\/\/jorgezanoni.com.br\/2019\/wp-json\/wp\/v2\/media\/24859"}],"wp:attachment":[{"href":"https:\/\/jorgezanoni.com.br\/2019\/wp-json\/wp\/v2\/media?parent=24858"}],"wp:term":[{"taxonomy":"category","embeddable":true,"href":"https:\/\/jorgezanoni.com.br\/2019\/wp-json\/wp\/v2\/categories?post=24858"},{"taxonomy":"post_tag","embeddable":true,"href":"https:\/\/jorgezanoni.com.br\/2019\/wp-json\/wp\/v2\/tags?post=24858"}],"curies":[{"name":"wp","href":"https:\/\/api.w.org\/{rel}","templated":true}]}}