{"id":24852,"date":"2020-04-30T00:40:34","date_gmt":"2020-04-30T00:40:34","guid":{"rendered":"https:\/\/jorgezanoni.com.br\/2019\/?p=24852"},"modified":"2020-04-30T00:40:34","modified_gmt":"2020-04-30T00:40:34","slug":"morre-a-senhora-zenilda-rossetti-ex-moradora-de-dracena","status":"publish","type":"post","link":"https:\/\/jorgezanoni.com.br\/2019\/morre-a-senhora-zenilda-rossetti-ex-moradora-de-dracena\/","title":{"rendered":"Morre a senhora Zenilda Rossetti, ex-moradora de Dracena"},"content":{"rendered":"<p style=\"text-align: justify;\">Faleceu nesta quarta-feira (29), a senhora Zenilda da Silva Gomes Rossetti de 81 anos. Foi funcion\u00e1ria da antiga Delegacia de Ensino de Dracena e se aposentou na Escola Isac Pereira Garcez.<\/p>\n<p style=\"text-align: justify;\">Era vi\u00fava do sr. Pedro Rosseti, falecido em julho de 2018. Deixa os filhos Pedro, Luiz Carlos (Lula) e Marco Antonio, noras e netos.<\/p>\n<p style=\"text-align: justify;\">O falecimento ocorreu na cidade de S\u00e3o Jos\u00e9 dos Campos, onde residia. O vel\u00f3rio ser\u00e1 no Memorial Vida Prev nesta quinta-feira (30), entre 9 e 14 horas.<\/p>\n<p style=\"text-align: justify;\">O Site JZ se solidariza com os familiares neste momento dif\u00edcil. For\u00e7a e F\u00e9.<\/p>\n<p style=\"text-align: justify;\">Jorge Zanoni<\/p>\n","protected":false},"excerpt":{"rendered":"<p>Faleceu nesta quarta-feira (29), a senhora Zenilda da Silva Gomes Rossetti de 81 anos. Foi funcion\u00e1ria da antiga Delegacia de Ensino de Dracena e se aposentou na Escola Isac Pereira Garcez. Era vi\u00fava do sr. Pedro Rosseti, falecido em julho de 2018. Deixa os filhos Pedro, Luiz Carlos (Lula) e Marco Antonio, noras e netos. [&hellip;]<\/p>\n","protected":false},"author":1,"featured_media":24853,"comment_status":"closed","ping_status":"open","sticky":false,"template":"","format":"standard","meta":{"footnotes":""},"categories":[178,110],"tags":[],"class_list":["post-24852","post","type-post","status-publish","format-standard","has-post-thumbnail","hentry","category-notadefalecimento","category-noticiasdestaque"],"_links":{"self":[{"href":"https:\/\/jorgezanoni.com.br\/2019\/wp-json\/wp\/v2\/posts\/24852","targetHints":{"allow":["GET"]}}],"collection":[{"href":"https:\/\/jorgezanoni.com.br\/2019\/wp-json\/wp\/v2\/posts"}],"about":[{"href":"https:\/\/jorgezanoni.com.br\/2019\/wp-json\/wp\/v2\/types\/post"}],"author":[{"embeddable":true,"href":"https:\/\/jorgezanoni.com.br\/2019\/wp-json\/wp\/v2\/users\/1"}],"replies":[{"embeddable":true,"href":"https:\/\/jorgezanoni.com.br\/2019\/wp-json\/wp\/v2\/comments?post=24852"}],"version-history":[{"count":0,"href":"https:\/\/jorgezanoni.com.br\/2019\/wp-json\/wp\/v2\/posts\/24852\/revisions"}],"wp:featuredmedia":[{"embeddable":true,"href":"https:\/\/jorgezanoni.com.br\/2019\/wp-json\/wp\/v2\/media\/24853"}],"wp:attachment":[{"href":"https:\/\/jorgezanoni.com.br\/2019\/wp-json\/wp\/v2\/media?parent=24852"}],"wp:term":[{"taxonomy":"category","embeddable":true,"href":"https:\/\/jorgezanoni.com.br\/2019\/wp-json\/wp\/v2\/categories?post=24852"},{"taxonomy":"post_tag","embeddable":true,"href":"https:\/\/jorgezanoni.com.br\/2019\/wp-json\/wp\/v2\/tags?post=24852"}],"curies":[{"name":"wp","href":"https:\/\/api.w.org\/{rel}","templated":true}]}}