{"id":24840,"date":"2020-04-29T22:00:44","date_gmt":"2020-04-29T22:00:44","guid":{"rendered":"https:\/\/jorgezanoni.com.br\/2019\/?p=24840"},"modified":"2020-04-29T22:00:44","modified_gmt":"2020-04-29T22:00:44","slug":"secretaria-de-saude-divulga-boletim-atualizado-dos-casos-de-covid-19-em-dracena","status":"publish","type":"post","link":"https:\/\/jorgezanoni.com.br\/2019\/secretaria-de-saude-divulga-boletim-atualizado-dos-casos-de-covid-19-em-dracena\/","title":{"rendered":"Secretaria de Sa\u00fade divulga Boletim atualizado dos casos de COVID-19 em Dracena"},"content":{"rendered":"<p>Finalmente boas not\u00edcias!!!<\/p>\n<p style=\"text-align: justify;\">Havia sido divulgado um Boletim Informativo de casos suspeitos e confirmados de COVID-19 em Dracena, \u00e0s 17 Hs.<\/p>\n<p style=\"text-align: justify;\">Em seguida a Dra. Germana Fernanda de Souza, m\u00e9dica infectologista, comunicou que 4 (quatro) pacientes confirmados com o V\u00edrus COVID-19, que estavam em tratamento e isolamento domiciliar, est\u00e3o CURADOS E COM ALTA M\u00c9DICA.<\/p>\n<p style=\"text-align: justify;\"><span id=\"fbPhotoSnowliftCaption\" class=\"fbPhotosPhotoCaption\" tabindex=\"0\" aria-live=\"polite\" data-ft=\"{&quot;tn&quot;:&quot;K&quot;}\"><span class=\"hasCaption\">Portanto, a tabela foi atualizada ap\u00f3s essa informa\u00e7\u00e3o. S\u00e3o 11 casos confirmados, sendo 6 curados, 3 em tratamento (isolamento domiciliar) e 2 \u00f3bitos, em Dracena.\u00a0<\/span><\/span><\/p>\n<p style=\"text-align: justify;\">Fonte: Diretoria de Comunica\u00e7\u00e3o<\/p>\n","protected":false},"excerpt":{"rendered":"<p>Finalmente boas not\u00edcias!!! Havia sido divulgado um Boletim Informativo de casos suspeitos e confirmados de COVID-19 em Dracena, \u00e0s 17 Hs. Em seguida a Dra. Germana Fernanda de Souza, m\u00e9dica infectologista, comunicou que 4 (quatro) pacientes confirmados com o V\u00edrus COVID-19, que estavam em tratamento e isolamento domiciliar, est\u00e3o CURADOS E COM ALTA M\u00c9DICA. Portanto, [&hellip;]<\/p>\n","protected":false},"author":1,"featured_media":24841,"comment_status":"closed","ping_status":"open","sticky":false,"template":"","format":"standard","meta":{"footnotes":""},"categories":[179,184,110],"tags":[],"class_list":["post-24840","post","type-post","status-publish","format-standard","has-post-thumbnail","hentry","category-cidadeseregiao","category-dracena","category-noticiasdestaque"],"_links":{"self":[{"href":"https:\/\/jorgezanoni.com.br\/2019\/wp-json\/wp\/v2\/posts\/24840","targetHints":{"allow":["GET"]}}],"collection":[{"href":"https:\/\/jorgezanoni.com.br\/2019\/wp-json\/wp\/v2\/posts"}],"about":[{"href":"https:\/\/jorgezanoni.com.br\/2019\/wp-json\/wp\/v2\/types\/post"}],"author":[{"embeddable":true,"href":"https:\/\/jorgezanoni.com.br\/2019\/wp-json\/wp\/v2\/users\/1"}],"replies":[{"embeddable":true,"href":"https:\/\/jorgezanoni.com.br\/2019\/wp-json\/wp\/v2\/comments?post=24840"}],"version-history":[{"count":0,"href":"https:\/\/jorgezanoni.com.br\/2019\/wp-json\/wp\/v2\/posts\/24840\/revisions"}],"wp:featuredmedia":[{"embeddable":true,"href":"https:\/\/jorgezanoni.com.br\/2019\/wp-json\/wp\/v2\/media\/24841"}],"wp:attachment":[{"href":"https:\/\/jorgezanoni.com.br\/2019\/wp-json\/wp\/v2\/media?parent=24840"}],"wp:term":[{"taxonomy":"category","embeddable":true,"href":"https:\/\/jorgezanoni.com.br\/2019\/wp-json\/wp\/v2\/categories?post=24840"},{"taxonomy":"post_tag","embeddable":true,"href":"https:\/\/jorgezanoni.com.br\/2019\/wp-json\/wp\/v2\/tags?post=24840"}],"curies":[{"name":"wp","href":"https:\/\/api.w.org\/{rel}","templated":true}]}}