{"id":24831,"date":"2020-04-29T18:50:57","date_gmt":"2020-04-29T18:50:57","guid":{"rendered":"https:\/\/jorgezanoni.com.br\/2019\/?p=24831"},"modified":"2020-04-29T18:50:57","modified_gmt":"2020-04-29T18:50:57","slug":"carreta-carregada-com-carne-tomba-na-rodovia-assis-chateaubriand-em-presidente-prudente","status":"publish","type":"post","link":"https:\/\/jorgezanoni.com.br\/2019\/carreta-carregada-com-carne-tomba-na-rodovia-assis-chateaubriand-em-presidente-prudente\/","title":{"rendered":"Carreta carregada com carne tomba na Rodovia Assis Chateaubriand, em Presidente Prudente"},"content":{"rendered":"<h2 class=\"content-head__subtitle\" style=\"text-align: justify;\"><strong>Acidente foi registrado no in\u00edcio da noite desta ter\u00e7a-feira (28). Pol\u00edcia Militar Rodovi\u00e1ria informou que n\u00e3o houve feridos.<\/strong><\/h2>\n<div class=\"mc-column content-text active-extra-styles \" data-block-type=\"unstyled\" data-block-weight=\"29\" data-block-id=\"2\">\n<p class=\"content-text__container \" style=\"text-align: justify;\" data-track-category=\"Link no Texto\" data-track-links=\"\">Uma carreta carregada com carne tombou na Rodovia Assis Chateaubriand (SP-425), em\u00a0<a href=\"https:\/\/g1.globo.com\/sp\/presidente-prudente-regiao\/cidade\/presidente-prudente\/\">Presidente Prudente<\/a>, \u00e0s 18h45 desta ter\u00e7a-feira (28). De acordo com a Pol\u00edcia Militar Rodovi\u00e1ria, n\u00e3o houve feridos.<\/p>\n<\/div>\n<div class=\"wall protected-content\">\n<div class=\"mc-column content-text active-extra-styles \" style=\"text-align: justify;\" data-block-type=\"unstyled\" data-block-weight=\"33\" data-block-id=\"3\">\n<p class=\"content-text__container \" data-track-category=\"Link no Texto\" data-track-links=\"\">O motorista relatou \u00e0 pol\u00edcia que seguia no sentido Presidente Prudente-Pirapozinho. Pr\u00f3ximo ao km 454, o condutor sentiu a \u201ccarga pesar para o lado\u201d e a carreta tombou sem atingir nenhum outro ve\u00edculo.<\/p>\n<\/div>\n<div class=\"mc-column content-text active-extra-styles \" data-block-type=\"unstyled\" data-block-weight=\"15\" data-block-id=\"4\">\n<p class=\"content-text__container \" style=\"text-align: justify;\" data-track-category=\"Link no Texto\" data-track-links=\"\">Apesar do acidente, o tr\u00e2nsito n\u00e3o foi interrompido e foi feito apenas um desvio.<\/p>\n<\/div>\n<div data-track-category=\"multicontent\" data-track-action=\"ultimo chunk conteudo\" data-track-noninteraction=\"false\" data-track-scroll=\"view\">\n<div class=\"row medium-uncollapsed content-media content-photo\" data-block-type=\"backstage-photo\" data-block-id=\"5\">\n<div class=\"mc-column content-media__container\">\n<div class=\"progressive-img can-open-lightbox\" data-min-size=\"1008x746\" data-min-size-url=\"https:\/\/s2.glbimg.com\/KktZQr5GkyF821-VMkt6dBOsjrI=\/0x0:1231x912\/1008x0\/smart\/filters:strip_icc()\/i.s3.glbimg.com\/v1\/AUTH_59edd422c0c84a879bd37670ae4f538a\/internal_photos\/bs\/2020\/b\/X\/xk0OABRwC1G0araw8AfA\/tombamento-2.jpg\" data-max-size=\"1600x1185\" data-max-size-url=\"https:\/\/s2.glbimg.com\/3QQdNOZ277WofyshXYgy6liFqso=\/0x0:1231x912\/1600x0\/smart\/filters:strip_icc()\/i.s3.glbimg.com\/v1\/AUTH_59edd422c0c84a879bd37670ae4f538a\/internal_photos\/bs\/2020\/b\/X\/xk0OABRwC1G0araw8AfA\/tombamento-2.jpg\" data-media-index=\"1\">\n<div class=\"placeholder-container\"><img decoding=\"async\" class=\"image content-media__image progressive-loaded\" title=\"Carreta tombou na Rodovia Assis Chateaubriand (SP-425), em Presidente Prudente \u2014 Foto: Bruna Bachega\/TV Fronteira\" src=\"https:\/\/s2.glbimg.com\/ttUtHl6RdkHH5gbH3q6cII3YYZA=\/0x0:1231x912\/984x0\/smart\/filters:strip_icc()\/i.s3.glbimg.com\/v1\/AUTH_59edd422c0c84a879bd37670ae4f538a\/internal_photos\/bs\/2020\/b\/X\/xk0OABRwC1G0araw8AfA\/tombamento-2.jpg\" alt=\"Carreta tombou na Rodovia Assis Chateaubriand (SP-425), em Presidente Prudente \u2014 Foto: Bruna Bachega\/TV Fronteira\" data-src=\"https:\/\/s2.glbimg.com\/ttUtHl6RdkHH5gbH3q6cII3YYZA=\/0x0:1231x912\/984x0\/smart\/filters:strip_icc()\/i.s3.glbimg.com\/v1\/AUTH_59edd422c0c84a879bd37670ae4f538a\/internal_photos\/bs\/2020\/b\/X\/xk0OABRwC1G0araw8AfA\/tombamento-2.jpg\" \/><\/div>\n<\/div>\n<p class=\"content-media__description \">Carreta tombou na Rodovia Assis Chateaubriand (SP-425), em Presidente Prudente \u2014 Foto: Bruna Bachega\/TV Fronteira<\/p>\n<p>Fonte: G1<\/p>\n<\/div>\n<\/div>\n<\/div>\n<\/div>\n","protected":false},"excerpt":{"rendered":"<p>Acidente foi registrado no in\u00edcio da noite desta ter\u00e7a-feira (28). Pol\u00edcia Militar Rodovi\u00e1ria informou que n\u00e3o houve feridos. Uma carreta carregada com carne tombou na Rodovia Assis Chateaubriand (SP-425), em\u00a0Presidente Prudente, \u00e0s 18h45 desta ter\u00e7a-feira (28). De acordo com a Pol\u00edcia Militar Rodovi\u00e1ria, n\u00e3o houve feridos. O motorista relatou \u00e0 pol\u00edcia que seguia no sentido [&hellip;]<\/p>\n","protected":false},"author":1,"featured_media":24832,"comment_status":"closed","ping_status":"open","sticky":false,"template":"","format":"standard","meta":{"footnotes":""},"categories":[170,110],"tags":[],"class_list":["post-24831","post","type-post","status-publish","format-standard","has-post-thumbnail","hentry","category-acidentes","category-noticiasdestaque"],"_links":{"self":[{"href":"https:\/\/jorgezanoni.com.br\/2019\/wp-json\/wp\/v2\/posts\/24831","targetHints":{"allow":["GET"]}}],"collection":[{"href":"https:\/\/jorgezanoni.com.br\/2019\/wp-json\/wp\/v2\/posts"}],"about":[{"href":"https:\/\/jorgezanoni.com.br\/2019\/wp-json\/wp\/v2\/types\/post"}],"author":[{"embeddable":true,"href":"https:\/\/jorgezanoni.com.br\/2019\/wp-json\/wp\/v2\/users\/1"}],"replies":[{"embeddable":true,"href":"https:\/\/jorgezanoni.com.br\/2019\/wp-json\/wp\/v2\/comments?post=24831"}],"version-history":[{"count":0,"href":"https:\/\/jorgezanoni.com.br\/2019\/wp-json\/wp\/v2\/posts\/24831\/revisions"}],"wp:featuredmedia":[{"embeddable":true,"href":"https:\/\/jorgezanoni.com.br\/2019\/wp-json\/wp\/v2\/media\/24832"}],"wp:attachment":[{"href":"https:\/\/jorgezanoni.com.br\/2019\/wp-json\/wp\/v2\/media?parent=24831"}],"wp:term":[{"taxonomy":"category","embeddable":true,"href":"https:\/\/jorgezanoni.com.br\/2019\/wp-json\/wp\/v2\/categories?post=24831"},{"taxonomy":"post_tag","embeddable":true,"href":"https:\/\/jorgezanoni.com.br\/2019\/wp-json\/wp\/v2\/tags?post=24831"}],"curies":[{"name":"wp","href":"https:\/\/api.w.org\/{rel}","templated":true}]}}