{"id":24828,"date":"2020-04-29T18:35:42","date_gmt":"2020-04-29T18:35:42","guid":{"rendered":"https:\/\/jorgezanoni.com.br\/2019\/?p=24828"},"modified":"2020-04-29T18:35:42","modified_gmt":"2020-04-29T18:35:42","slug":"terceira-morte-por-dengue-e-registrada-em-dracena-neste-ano","status":"publish","type":"post","link":"https:\/\/jorgezanoni.com.br\/2019\/terceira-morte-por-dengue-e-registrada-em-dracena-neste-ano\/","title":{"rendered":"Terceira morte por Dengue \u00e9 registrada em Dracena neste ano"},"content":{"rendered":"<p style=\"text-align: justify;\"><em><strong>V\u00edtima \u00e9 uma senhora de 100 anos de idade moradora da Vila Barros.<\/strong><\/em><\/p>\n<p style=\"text-align: justify;\">A terceira morte por Dengue no ano de 2020 em Dracena, foi registrada neste s\u00e1bado (25) e segundo informa\u00e7\u00f5es a Secretaria de Sa\u00fade foi comunicada oficialmente na segunda-feira (27).<\/p>\n<p style=\"text-align: justify;\">A idosa estava internada na Santa Casa de Dracena desde o dia 20 de abril e al\u00e9m da idade avan\u00e7ada apresentava quadro de hipertens\u00e3o. Antes j\u00e1 haviam falecidos dois homens.<\/p>\n<p style=\"text-align: justify;\">Segundo informa\u00e7\u00f5es de terceiros, a Prefeitura est\u00e1 fazendo o bloqueio e nebuliza\u00e7\u00e3o na regi\u00e3o da casa da v\u00edtima.<\/p>\n<p style=\"text-align: justify;\">At\u00e9 ontem (28), Dracena registrava 2.606 casos de Dengue.<\/p>\n<p style=\"text-align: justify;\">NOTA DO SITE JZ:\u00a0Informamos nossos leitores e internautas, que ficamos aguardando at\u00e9 esse momento da publica\u00e7\u00e3o desta mat\u00e9ria, uma NOTA OFICIAL da Prefeitura e\/ou Secretaria da Sa\u00fade, o que efetivamente n\u00e3o ocorreu at\u00e9 o momento da postagem. Tomamos conhecimento e publicamos ontem apenas uma chamada, atrav\u00e9s do Atestado de \u00d3bito. Mais uma vez os respons\u00e1veis deixam a desejar quando se trata de informa\u00e7\u00e3o a popula\u00e7\u00e3o e algo que mexe com vida. Fica novamente a pergunta? Ser\u00e1 que seria divulgado?<\/p>\n<p>Jorge Zanoni<\/p>\n","protected":false},"excerpt":{"rendered":"<p>V\u00edtima \u00e9 uma senhora de 100 anos de idade moradora da Vila Barros. A terceira morte por Dengue no ano de 2020 em Dracena, foi registrada neste s\u00e1bado (25) e segundo informa\u00e7\u00f5es a Secretaria de Sa\u00fade foi comunicada oficialmente na segunda-feira (27). A idosa estava internada na Santa Casa de Dracena desde o dia 20 [&hellip;]<\/p>\n","protected":false},"author":1,"featured_media":24829,"comment_status":"closed","ping_status":"open","sticky":false,"template":"","format":"standard","meta":{"footnotes":""},"categories":[179,184,110],"tags":[],"class_list":["post-24828","post","type-post","status-publish","format-standard","has-post-thumbnail","hentry","category-cidadeseregiao","category-dracena","category-noticiasdestaque"],"_links":{"self":[{"href":"https:\/\/jorgezanoni.com.br\/2019\/wp-json\/wp\/v2\/posts\/24828","targetHints":{"allow":["GET"]}}],"collection":[{"href":"https:\/\/jorgezanoni.com.br\/2019\/wp-json\/wp\/v2\/posts"}],"about":[{"href":"https:\/\/jorgezanoni.com.br\/2019\/wp-json\/wp\/v2\/types\/post"}],"author":[{"embeddable":true,"href":"https:\/\/jorgezanoni.com.br\/2019\/wp-json\/wp\/v2\/users\/1"}],"replies":[{"embeddable":true,"href":"https:\/\/jorgezanoni.com.br\/2019\/wp-json\/wp\/v2\/comments?post=24828"}],"version-history":[{"count":0,"href":"https:\/\/jorgezanoni.com.br\/2019\/wp-json\/wp\/v2\/posts\/24828\/revisions"}],"wp:featuredmedia":[{"embeddable":true,"href":"https:\/\/jorgezanoni.com.br\/2019\/wp-json\/wp\/v2\/media\/24829"}],"wp:attachment":[{"href":"https:\/\/jorgezanoni.com.br\/2019\/wp-json\/wp\/v2\/media?parent=24828"}],"wp:term":[{"taxonomy":"category","embeddable":true,"href":"https:\/\/jorgezanoni.com.br\/2019\/wp-json\/wp\/v2\/categories?post=24828"},{"taxonomy":"post_tag","embeddable":true,"href":"https:\/\/jorgezanoni.com.br\/2019\/wp-json\/wp\/v2\/tags?post=24828"}],"curies":[{"name":"wp","href":"https:\/\/api.w.org\/{rel}","templated":true}]}}