{"id":24810,"date":"2020-04-29T16:24:55","date_gmt":"2020-04-29T16:24:55","guid":{"rendered":"https:\/\/jorgezanoni.com.br\/2019\/?p=24810"},"modified":"2020-04-29T16:24:55","modified_gmt":"2020-04-29T16:24:55","slug":"policia-civil-promove-palestras-sobre-prevencao-as-drogas-em-unidade-do-exercito-sediada-em-dracena","status":"publish","type":"post","link":"https:\/\/jorgezanoni.com.br\/2019\/policia-civil-promove-palestras-sobre-prevencao-as-drogas-em-unidade-do-exercito-sediada-em-dracena\/","title":{"rendered":"Pol\u00edcia Civil promove palestras sobre preven\u00e7\u00e3o as drogas em Unidade do Ex\u00e9rcito sediada em Dracena."},"content":{"rendered":"<p style=\"text-align: justify;\"><strong>O objetivo \u00e9 alertar e conscientizar os jovens atiradores sobre os perigos das drogas. Para realiza\u00e7\u00e3o das palestras foram adotadas medidas para evitar a propaga\u00e7\u00e3o do novo Coronav\u00edrus.<\/strong><\/p>\n<p style=\"text-align: justify;\">A Pol\u00edcia Civil, por interm\u00e9dio da Delegacia Seccional de Pol\u00edcia de Dracena, realizou na ter\u00e7a-feira (28) e quarta-feira (29), na sede do Tiro de Guerra de Dracena, atividade de instru\u00e7\u00e3o voltada para a preven\u00e7\u00e3o ao uso cr\u00f4nico de drogas l\u00edcitas e il\u00edcitas.<br \/>\nA palestra direcionada aos jovens atiradores buscou levar orienta\u00e7\u00e3o e conhecimento sobre o risco da drogadi\u00e7\u00e3o e os danos causados decorrentes do uso nocivo de drogas. A tema abordado ficou a cargo do agente policial Reginaldo Rosa.<br \/>\nO evento faz parte do cronograma das atividades de instru\u00e7\u00e3o, do Tiro de Guerra de Dracena, que tem como instrutor comandante o 1\u00ba Sgt\/EB Andr\u00e9 Lu\u00eds Stuchi, que agradeceu e ressaltou a import\u00e2ncia do encontro realizado, sobre tudo para a forma\u00e7\u00e3o cidad\u00e3 dos atiradores. Ao final, do evento o atirador Marchetti, aluno do Curso de Forma\u00e7\u00e3o de Cabos &#8211; CFC, entregou um mino ao palestrante.<br \/>\nPor causa da pandemia no novo Coronav\u00edrus &#8211; Covid 19, a instru\u00e7\u00e3o prevencionista foi ministrada em duas datas, permitindo assim um espa\u00e7amento de um metro de dist\u00e2ncia entre os participantes, bem como tamb\u00e9m foi disponibilizado o uso de m\u00e1scaras e de \u00e1lcool em gel para higieniza\u00e7\u00e3o das m\u00e3os.<\/p>\n<p><img loading=\"lazy\" decoding=\"async\" class=\"alignnone size-full wp-image-24812\" src=\"https:\/\/jorgezanoni.com.br\/2019\/wp-content\/uploads\/2020\/04\/tg1.jpg\" alt=\"\" width=\"1280\" height=\"960\" srcset=\"https:\/\/jorgezanoni.com.br\/2019\/wp-content\/uploads\/2020\/04\/tg1.jpg 1280w, https:\/\/jorgezanoni.com.br\/2019\/wp-content\/uploads\/2020\/04\/tg1-300x225.jpg 300w, https:\/\/jorgezanoni.com.br\/2019\/wp-content\/uploads\/2020\/04\/tg1-1024x768.jpg 1024w, https:\/\/jorgezanoni.com.br\/2019\/wp-content\/uploads\/2020\/04\/tg1-768x576.jpg 768w, https:\/\/jorgezanoni.com.br\/2019\/wp-content\/uploads\/2020\/04\/tg1-80x60.jpg 80w, https:\/\/jorgezanoni.com.br\/2019\/wp-content\/uploads\/2020\/04\/tg1-265x198.jpg 265w, https:\/\/jorgezanoni.com.br\/2019\/wp-content\/uploads\/2020\/04\/tg1-696x522.jpg 696w, https:\/\/jorgezanoni.com.br\/2019\/wp-content\/uploads\/2020\/04\/tg1-1068x801.jpg 1068w, https:\/\/jorgezanoni.com.br\/2019\/wp-content\/uploads\/2020\/04\/tg1-560x420.jpg 560w\" sizes=\"auto, (max-width: 1280px) 100vw, 1280px\" \/> <img loading=\"lazy\" decoding=\"async\" class=\"alignnone size-full wp-image-24813\" src=\"https:\/\/jorgezanoni.com.br\/2019\/wp-content\/uploads\/2020\/04\/tg2.jpg\" alt=\"\" width=\"1280\" height=\"960\" srcset=\"https:\/\/jorgezanoni.com.br\/2019\/wp-content\/uploads\/2020\/04\/tg2.jpg 1280w, https:\/\/jorgezanoni.com.br\/2019\/wp-content\/uploads\/2020\/04\/tg2-300x225.jpg 300w, https:\/\/jorgezanoni.com.br\/2019\/wp-content\/uploads\/2020\/04\/tg2-1024x768.jpg 1024w, https:\/\/jorgezanoni.com.br\/2019\/wp-content\/uploads\/2020\/04\/tg2-768x576.jpg 768w, https:\/\/jorgezanoni.com.br\/2019\/wp-content\/uploads\/2020\/04\/tg2-80x60.jpg 80w, https:\/\/jorgezanoni.com.br\/2019\/wp-content\/uploads\/2020\/04\/tg2-265x198.jpg 265w, https:\/\/jorgezanoni.com.br\/2019\/wp-content\/uploads\/2020\/04\/tg2-696x522.jpg 696w, https:\/\/jorgezanoni.com.br\/2019\/wp-content\/uploads\/2020\/04\/tg2-1068x801.jpg 1068w, https:\/\/jorgezanoni.com.br\/2019\/wp-content\/uploads\/2020\/04\/tg2-560x420.jpg 560w\" sizes=\"auto, (max-width: 1280px) 100vw, 1280px\" \/><\/p>\n<p>Fonte: Com. Social Pol\u00edcia Civil<\/p>\n","protected":false},"excerpt":{"rendered":"<p>O objetivo \u00e9 alertar e conscientizar os jovens atiradores sobre os perigos das drogas. Para realiza\u00e7\u00e3o das palestras foram adotadas medidas para evitar a propaga\u00e7\u00e3o do novo Coronav\u00edrus. A Pol\u00edcia Civil, por interm\u00e9dio da Delegacia Seccional de Pol\u00edcia de Dracena, realizou na ter\u00e7a-feira (28) e quarta-feira (29), na sede do Tiro de Guerra de Dracena, [&hellip;]<\/p>\n","protected":false},"author":1,"featured_media":24811,"comment_status":"closed","ping_status":"open","sticky":false,"template":"","format":"standard","meta":{"footnotes":""},"categories":[2],"tags":[],"class_list":["post-24810","post","type-post","status-publish","format-standard","has-post-thumbnail","hentry","category-policial"],"_links":{"self":[{"href":"https:\/\/jorgezanoni.com.br\/2019\/wp-json\/wp\/v2\/posts\/24810","targetHints":{"allow":["GET"]}}],"collection":[{"href":"https:\/\/jorgezanoni.com.br\/2019\/wp-json\/wp\/v2\/posts"}],"about":[{"href":"https:\/\/jorgezanoni.com.br\/2019\/wp-json\/wp\/v2\/types\/post"}],"author":[{"embeddable":true,"href":"https:\/\/jorgezanoni.com.br\/2019\/wp-json\/wp\/v2\/users\/1"}],"replies":[{"embeddable":true,"href":"https:\/\/jorgezanoni.com.br\/2019\/wp-json\/wp\/v2\/comments?post=24810"}],"version-history":[{"count":0,"href":"https:\/\/jorgezanoni.com.br\/2019\/wp-json\/wp\/v2\/posts\/24810\/revisions"}],"wp:featuredmedia":[{"embeddable":true,"href":"https:\/\/jorgezanoni.com.br\/2019\/wp-json\/wp\/v2\/media\/24811"}],"wp:attachment":[{"href":"https:\/\/jorgezanoni.com.br\/2019\/wp-json\/wp\/v2\/media?parent=24810"}],"wp:term":[{"taxonomy":"category","embeddable":true,"href":"https:\/\/jorgezanoni.com.br\/2019\/wp-json\/wp\/v2\/categories?post=24810"},{"taxonomy":"post_tag","embeddable":true,"href":"https:\/\/jorgezanoni.com.br\/2019\/wp-json\/wp\/v2\/tags?post=24810"}],"curies":[{"name":"wp","href":"https:\/\/api.w.org\/{rel}","templated":true}]}}